{"id":839700,"date":"2021-09-17T11:41:17","date_gmt":"2021-09-17T14:41:17","guid":{"rendered":"https:\/\/www.cnbb.org.br\/?p=839700"},"modified":"2021-09-17T11:41:17","modified_gmt":"2021-09-17T14:41:17","slug":"ccm-conclui-curso-amazonia-e-missao-novos-caminhos-a-luz-do-sinodo-em-parceria-com-a-repam-brasil","status":"publish","type":"post","link":"https:\/\/www.cnbb.org.br\/ccm-conclui-curso-amazonia-e-missao-novos-caminhos-a-luz-do-sinodo-em-parceria-com-a-repam-brasil\/","title":{"rendered":"CCM conclui curso \u201cAmaz\u00f4nia e Miss\u00e3o: Novos caminhos \u00e0 luz do S\u00ednodo\u201d em parceria com a REPAM-Brasil"},"content":{"rendered":"<p style=\"text-align: justify;\">De 13 a 16 de setembro, o Centro Cultural Mission\u00e1rio (CCM), organismo vinculado \u00e0 Confer\u00eancia Nacional dos Bispos do Brasil (CNBB) realizou, de forma online, o curso <strong>\u201cAmaz\u00f4nia e Miss\u00e3o: Novos caminhos \u00e0 luz do S\u00ednodo\u201d<\/strong>.<\/p>\n<p style=\"text-align: justify;\">A forma\u00e7\u00e3o sobre o S\u00ednodo proposta pela REPAM-Brasil traz uma reflex\u00e3o sobre a realidade da <em>\u201cAmaz\u00f4nia \u00e0 luz do documento final do S\u00ednodo para dos Bispos, realizado em Roma em outubro de 2019, que tem como tema: \u201cNovos caminhos para a Igreja e para uma ecologia integral\u201d<\/em>.<\/p>\n<p style=\"text-align: justify;\"><img decoding=\"async\" loading=\"lazy\" class=\" wp-image-839707 alignright\" src=\"https:\/\/www.cnbb.org.br\/wp-content\/uploads\/2021\/09\/Dom-Odelir-CCM.jpg\" alt=\"\" width=\"215\" height=\"395\" srcset=\"https:\/\/www.cnbb.org.br\/wp-content\/uploads\/2021\/09\/Dom-Odelir-CCM.jpg 221w, https:\/\/www.cnbb.org.br\/wp-content\/uploads\/2021\/09\/Dom-Odelir-CCM-163x300-1.jpg 163w\" sizes=\"(max-width: 215px) 100vw, 215px\" \/>O bispo de Chapec\u00f3 (SC) presidente da Comiss\u00e3o para a A\u00e7\u00e3o Mission\u00e1ria e Coopera\u00e7\u00e3o Intereclesial da CNBB e presidente do Conselho Mission\u00e1rio Nacional (COMINA), dom Odelir Jos\u00e9 Magri, participou da aula de encerramento, agradeceu a participa\u00e7\u00e3o de todos e enalteceu a possibilidade que a forma\u00e7\u00e3o online tem dado para formar multiplicadores.<\/p>\n<p style=\"text-align: justify;\"><em>\u201cDestaco como prioridade a forma\u00e7\u00e3o e \u00e9 nesse sentido que se encaixa estes cursos on-line, que esperamos em breve que sejam presenciais, nessa inten\u00e7\u00e3o de formar ent\u00e3o multiplicadores no sentido mission\u00e1rio nas diferentes realidades da nossa Igreja no Brasil\u201d<\/em>, disse.<\/p>\n<p style=\"text-align: justify;\">Os quatro dias de curso foram assessorados pela perita do S\u00ednodo, professora de Sociologia na Universidade Federal de Roraima e assessora da REPAM-Brasil, M\u00e1rcia Oliveira e pelo diretor do Instituto de Teologia Pastoral e Ensino Superior da Amaz\u00f4nia (ITEPES) e assessor da REPAM-Brasil, padre Ricardo Castro.<\/p>\n<p style=\"text-align: justify;\">Ainda segundo dom Odelir, <em>\u201cesse curso diretamente ligado \u00e0 Amaz\u00f4nia nos coloca nessa sintonia bonita do S\u00ednodo, do p\u00f3s-s\u00ednodo e deste olhar de uma igreja em sa\u00edda, que olha para as realidades de fronteiras, seja no contexto do nosso Brasil, mas tamb\u00e9m para as realidades de miss\u00e3o\u201d<\/em>.<\/p>\n<p><em style=\"font-size: 16px; font-weight: 400; text-align: justify;\"><img decoding=\"async\" loading=\"lazy\" class=\"wp-image-838524 alignleft\" src=\"https:\/\/www.cnbb.org.br\/wp-content\/uploads\/2021\/09\/WhatsApp-Image-2021-09-15-at-20.43.07.jpeg\" alt=\"\" width=\"306\" height=\"306\" srcset=\"https:\/\/www.cnbb.org.br\/wp-content\/uploads\/2021\/09\/WhatsApp-Image-2021-09-15-at-20.43.07.jpeg 768w, https:\/\/www.cnbb.org.br\/wp-content\/uploads\/2021\/09\/WhatsApp-Image-2021-09-15-at-20.43.07-300x300.jpeg 300w, https:\/\/www.cnbb.org.br\/wp-content\/uploads\/2021\/09\/WhatsApp-Image-2021-09-15-at-20.43.07-150x150.jpeg 150w, https:\/\/www.cnbb.org.br\/wp-content\/uploads\/2021\/09\/WhatsApp-Image-2021-09-15-at-20.43.07-500x500.jpeg 500w\" sizes=\"(max-width: 306px) 100vw, 306px\" \/><\/em><\/p>\n<p style=\"text-align: justify;\">De acordo com a organiza\u00e7\u00e3o, a inten\u00e7\u00e3o \u00e9 contribuir com toda a Igreja do Brasil e n\u00e3o apenas da Amaz\u00f4nia. \u201cO cen\u00e1rio pand\u00eamico tem exigido um distanciamento das pessoas e a n\u00e3o realiza\u00e7\u00e3o de atividades presenciais. Com isto, a criatividade e a explora\u00e7\u00e3o do universo digital tem sido um imperativo contempor\u00e2neo\u201d, destaca o documento de apresenta\u00e7\u00e3o do curso.<\/p>\n<p style=\"text-align: justify;\"><em>\u201cA forma\u00e7\u00e3o teve como objetivo capacitar lideran\u00e7as pastorais de todo o Brasil no conhecimento, na reflex\u00e3o e no exerc\u00edcio da missionariedade a partir dos desafios da miss\u00e3o na Amaz\u00f4nia e no mundo, \u00e0 luz do S\u00ednodo para a Amaz\u00f4nia e de seu processo sinodal fazendo com que se conhe\u00e7a o trabalho que muitos mission\u00e1rios e mission\u00e1rias h\u00e1 s\u00e9culos vem desenvolvendo naquela regi\u00e3o do Brasil\u201d<\/em>, destaca o diretor do Centro Cultural Mission\u00e1rio (CCM), o padre Djalma Ant\u00f4nio da Silva.<\/p>\n<h5 style=\"text-align: justify;\">Temas Trabalhados:<\/h5>\n<p style=\"text-align: justify;\">Dia 13\/9 \u2013 Realidade Amaz\u00f4nica \u2013 conjuntura socioambiental, cultural e eclesial.<br \/>\nDia 14\/09 \u2013 Documento Final do S\u00ednodo para a Amaz\u00f4nia \u2013 Um chamado \u00e0 convers\u00e3o.<br \/>\nDia 15\/09 \u2013 Querida Amaz\u00f4nia \u2013 os sonhos de Francisco.<br \/>\nDia 16\/09 \u2013 Eclesiologia Amaz\u00f4nica \u2013 Incultura\u00e7\u00e3o e Intercultura\u00e7\u00e3o do Evangelho.<\/p>\n<h5 style=\"text-align: justify;\">Pr\u00f3ximos cursos<\/h5>\n<p style=\"text-align: justify;\">De 1 a 19 de novembro, o CCM ir\u00e1 realizar, de forma virtual, o curso \u2018Ad Gentes \u2013 extens\u00e3o para mission\u00e1rios e mission\u00e1rias enviados al\u00e9m-fronteiras\u2019. A forma\u00e7\u00e3o \u00e9 uma iniciativa promovida pelo CCM, em parceria com a Confer\u00eancia dos Religiosos do Brasil (CRB) e a Comiss\u00e3o Episcopal Pastoral para A\u00e7\u00e3o Mission\u00e1ria e Coopera\u00e7\u00e3o Intereclesial da CNBB. O curso \u00e9 intensivo e tem a dura\u00e7\u00e3o de tr\u00eas semanas, sempre na parte da manh\u00e3. Caso algu\u00e9m desejasse um aprofundamento na parte da psicologia e\/ou de um acompanhamento espiritual, estes ser\u00e3o disponibilizados na parte da tarde.<\/p>\n<p style=\"text-align: justify;\"><strong>Mais detalhes no: <a href=\"https:\/\/www.ccm.org.br\/\" target=\"_blank\" rel=\"noopener\">ccm.org.br<\/a><\/strong><\/p>\n","protected":false},"excerpt":{"rendered":"<p>O bispo de Chapec\u00f3 (SC) presidente da Comiss\u00e3o para a A\u00e7\u00e3o Mission\u00e1ria e Coopera\u00e7\u00e3o Intereclesial da CNBB e presidente do Comina, dom Odelir Jos\u00e9 Magri, participou do encerramento, nesta quinta-feira (16). Segundo o bispo, \u201cesse curso diretamente ligado \u00e0 Amaz\u00f4nia nos coloca nessa sintonia bonita do S\u00ednodo, do p\u00f3s-s\u00ednodo e deste olhar de uma igreja em sa\u00edda, que olha para as realidades de fronteiras, seja no contexto do nosso Brasil, mas tamb\u00e9m para as realidades de miss\u00e3o\u201d<\/p>\n","protected":false},"author":83,"featured_media":839721,"comment_status":"open","ping_status":"open","sticky":false,"template":"","format":"standard","meta":{"site-sidebar-layout":"default","site-content-layout":"default","ast-global-header-display":"","ast-banner-title-visibility":"","ast-main-header-display":"","ast-hfb-above-header-display":"","ast-hfb-below-header-display":"","ast-hfb-mobile-header-display":"","site-post-title":"","ast-breadcrumbs-content":"","ast-featured-img":"","footer-sml-layout":"","theme-transparent-header-meta":"default","adv-header-id-meta":"","stick-header-meta":"","header-above-stick-meta":"","header-main-stick-meta":"","header-below-stick-meta":""},"categories":[854,871,50],"tags":[3942,1173],"acf":[],"_links":{"self":[{"href":"https:\/\/www.cnbb.org.br\/cnbb-app\/wp\/v2\/posts\/839700"}],"collection":[{"href":"https:\/\/www.cnbb.org.br\/cnbb-app\/wp\/v2\/posts"}],"about":[{"href":"https:\/\/www.cnbb.org.br\/cnbb-app\/wp\/v2\/types\/post"}],"author":[{"embeddable":true,"href":"https:\/\/www.cnbb.org.br\/cnbb-app\/wp\/v2\/users\/83"}],"replies":[{"embeddable":true,"href":"https:\/\/www.cnbb.org.br\/cnbb-app\/wp\/v2\/comments?post=839700"}],"version-history":[{"count":0,"href":"https:\/\/www.cnbb.org.br\/cnbb-app\/wp\/v2\/posts\/839700\/revisions"}],"wp:featuredmedia":[{"embeddable":true,"href":"https:\/\/www.cnbb.org.br\/cnbb-app\/wp\/v2\/media\/839721"}],"wp:attachment":[{"href":"https:\/\/www.cnbb.org.br\/cnbb-app\/wp\/v2\/media?parent=839700"}],"wp:term":[{"taxonomy":"category","embeddable":true,"href":"https:\/\/www.cnbb.org.br\/cnbb-app\/wp\/v2\/categories?post=839700"},{"taxonomy":"post_tag","embeddable":true,"href":"https:\/\/www.cnbb.org.br\/cnbb-app\/wp\/v2\/tags?post=839700"}],"curies":[{"name":"wp","href":"https:\/\/api.w.org\/{rel}","templated":true}]}}