{"id":8446,"date":"2017-12-09T00:00:00","date_gmt":"2017-12-09T02:00:00","guid":{"rendered":"https:\/\/www.cnbb.org.br\/vem-senhor-jesus\/"},"modified":"2017-12-09T00:00:00","modified_gmt":"2017-12-09T02:00:00","slug":"vem-senhor-jesus","status":"publish","type":"post","link":"https:\/\/www.cnbb.org.br\/vem-senhor-jesus\/","title":{"rendered":"Vem, Senhor Jesus"},"content":{"rendered":"<p style=\"text-align: right\"><strong>Cardeal Orani Jo\u00e3o Tempesta<br \/>\n<\/strong><strong>Arcebispo Metropolitano de S\u00e3o Sebasti\u00e3o do Rio de Janeiro (RJ)<\/strong><\/p>\n<p style=\"text-align: justify\">Estamos no Ano do laicato e no tempo da Campanha para a Evangeliza\u00e7\u00e3o. Eles t\u00eam como lema o chamado para sermos sal da terra e luz do mundo. E \u00e9 esse o apelo da Palavra de Deus neste segundo domingo do Advento. Somos chamados a preparar o caminho do Senhor para que encontrando-O sejamos consolados pela liberta\u00e7\u00e3o que nos traz durante este tempo qeu nos para nos converter. Os textos s\u00e3o claros nesse sentido e nos colocam a caminho de estar com Aquele que vir\u00e1, veio e vem: Jesus Cristo Salvador.<\/p>\n<p style=\"text-align: justify\">\u00a0Como no passado, ainda hoje precisamos de um Salvador; como Israel que esperou, n\u00f3s, Igreja de Cristo, suplicamos: Vem, Senhor! Manifesta o teu poder de salva\u00e7\u00e3o! \u00c9 este o horizonte para contemplarmos a Palavra de Deus deste II Domingo do Advento. No Missal romano, as palavras de entrada da Missa, tiradas do Profeta Isa\u00edas, j\u00e1 nos s\u00e3o de tanto consolo: <em>\u201cPovo de Si\u00e3o, o Senhor vem para salvar as na\u00e7\u00f5es! E, na alegria do vosso cora\u00e7\u00e3o, soar\u00e1 majestosa a sua voz! \u201d (Is 30,19.30).<\/em> Sim! O Senhor vem! Aquele que nunca nos deixou e vem sempre nas pequenas coisas e ocasi\u00f5es da vida, ele mesmo vir\u00e1, um Dia, no fulgor da sua gl\u00f3ria: ele, nossa justi\u00e7a, ele, nossa esperan\u00e7a, ele, nosso Salvador.<\/p>\n<p style=\"text-align: justify\">A Primeira leitura, Isa\u00edas 40,1-5.9-11 \u2013 apresenta a mensagem de Deus para o seu povo \u00e9 de consolo, porque chegou o tempo de reden\u00e7\u00e3o. Seu convite \u00e9 que aceitem a salva\u00e7\u00e3o que Deus oferece. O profeta faz esse convite atrav\u00e9s de um an\u00fancio de esperan\u00e7a. O profeta garante a fidelidade de Deus e a vontade divina de conduzir o povo para a liberdade e a paz. A voz proclama que Deus vem para levar seu povo da escravid\u00e3o para a liberdade, da Babil\u00f4nia para Jerusal\u00e9m, ao longo de um percurso atrav\u00e9s do deserto. Deus ser\u00e1 como um pastor \u00e0 frente do rebanho, ir\u00e1 atravessar o deserto \u00e0 frente de seu povo, que retorna do ex\u00edlio babil\u00f4nico para Jerusal\u00e9m.<\/p>\n<p style=\"text-align: justify\">A segunda leitura <strong>2Pd 3,8-14 \u2013 nos coloca na realidade da espera do Senhor que vir\u00e1 e vir\u00e1 em breve. A <\/strong>leitura nos adverte de que n\u00e3o podemos ignorar que o Senhor \u00e9 eterno e de que n\u00e3o existe o aparente atraso da segunda vinda de Cristo. A express\u00e3o \u201cum dia \u00e9 como mil anos e mil anos \u00e9 como um dia\u201d (v. 8) \u00e9 tirada do Sl 90,4 e n\u00e3o se refere a um mil\u00eanio como per\u00edodo hist\u00f3rico, mas simplesmente ao fato de que o tempo n\u00e3o afeta o Senhor, porque ele \u00e9 eterno.<\/p>\n<p style=\"text-align: justify\">O Evangelho <strong>Mc 1,1-8, &#8211; ressalta que \u00e9<\/strong> neste tempo lit\u00fargico que a Igreja prop\u00f5e \u00e0 nossa medita\u00e7\u00e3o a figura de Jo\u00e3o, o Batista. Este \u00e9 aquele de quem falou o profeta Isa\u00edas dizendo: \u201cVoz do que clama no deserto; preparai os caminhos do Senhor, endireitai suas veredas\u201d. A miss\u00e3o de Jo\u00e3o Batista foi a de ir \u00e0 frente do Senhor para preparar os seus caminhos. Esta seria sua voca\u00e7\u00e3o: preparar para Jesus um povo capaz de receber o Reino de Deus e, por outro lado, dar testemunho p\u00fablico dEle. N\u00e3o se dedicar\u00e1 a essa miss\u00e3o por gosto pessoal, mas por ter sido concebido para isso! E ir\u00e1 realiz\u00e1-la at\u00e9 o fim, at\u00e9 dar a vida no cumprimento da sua voca\u00e7\u00e3o.<\/p>\n<p style=\"text-align: justify\">A voca\u00e7\u00e3o abarca a vida inteira e leva a fazer girar tudo em torno da miss\u00e3o divina. Cada homem, no seu lugar e dentro das suas pr\u00f3prias circunst\u00e2ncias, tem uma voca\u00e7\u00e3o dada por Deus; de que ela se cumpra dependem muitas outras coisas queridas pela vontade divina. Preparai os caminhos do Senhor, endireitai as suas veredas\u2026 O Batista \u00e9 a voz que anuncia Jesus. Essa \u00e9 a sua miss\u00e3o, a sua vida, a sua personalidade. Todo seu ser est\u00e1 definido em fun\u00e7\u00e3o de Jesus, como teria que acontecer na nossa vida, na vida de qualquer Crist\u00e3o. O importante de nossa vida \u00e9 Jesus.<\/p>\n<p style=\"text-align: justify\">O Precursor indica-nos tamb\u00e9m a n\u00f3s o caminho que devemos seguir: o importante \u00e9 que Cristo seja anunciado, conhecido e amado. \u201cN\u00e3o sou digno de desamarrar suas sand\u00e1lias\u201d! S\u00f3 Ele tem palavras de vida eterna, s\u00f3 nEle se encontra a salva\u00e7\u00e3o. A atitude de Jo\u00e3o \u00e9 uma clara e en\u00e9rgica advert\u00eancia contra o desordenado amor pr\u00f3prio que sempre nos incita a colocar-nos indevidamente em primeiro plano. Eis o nosso Deus!<br \/>\nEle vem para nos salvar!<\/p>\n<p style=\"text-align: justify\"><strong>\u00a0<\/strong><\/p>\n<p style=\"text-align: justify\">\n<p style=\"text-align: justify\">\n","protected":false},"excerpt":{"rendered":"<p>Cardeal Orani Jo\u00e3o Tempesta Arcebispo Metropolitano de S\u00e3o Sebasti\u00e3o do Rio de Janeiro (RJ) Estamos no Ano do laicato e no tempo da Campanha para a Evangeliza\u00e7\u00e3o. Eles t\u00eam como lema o chamado para sermos sal da terra e luz do mundo. E \u00e9 esse o apelo da Palavra de Deus neste segundo domingo do &hellip;<\/p>\n<p class=\"read-more\"> <a class=\"\" href=\"https:\/\/www.cnbb.org.br\/vem-senhor-jesus\/\"> <span class=\"screen-reader-text\">Vem, Senhor Jesus<\/span> Leia mais &raquo;<\/a><\/p>\n","protected":false},"author":31,"featured_media":0,"comment_status":"closed","ping_status":"open","sticky":false,"template":"","format":"standard","meta":{"site-sidebar-layout":"default","site-content-layout":"default","ast-global-header-display":"","ast-banner-title-visibility":"","ast-main-header-display":"","ast-hfb-above-header-display":"","ast-hfb-below-header-display":"","ast-hfb-mobile-header-display":"","site-post-title":"","ast-breadcrumbs-content":"","ast-featured-img":"","footer-sml-layout":"","theme-transparent-header-meta":"","adv-header-id-meta":"","stick-header-meta":"","header-above-stick-meta":"","header-main-stick-meta":"","header-below-stick-meta":""},"categories":[758],"tags":[],"acf":[],"_links":{"self":[{"href":"https:\/\/www.cnbb.org.br\/cnbb-app\/wp\/v2\/posts\/8446"}],"collection":[{"href":"https:\/\/www.cnbb.org.br\/cnbb-app\/wp\/v2\/posts"}],"about":[{"href":"https:\/\/www.cnbb.org.br\/cnbb-app\/wp\/v2\/types\/post"}],"author":[{"embeddable":true,"href":"https:\/\/www.cnbb.org.br\/cnbb-app\/wp\/v2\/users\/31"}],"replies":[{"embeddable":true,"href":"https:\/\/www.cnbb.org.br\/cnbb-app\/wp\/v2\/comments?post=8446"}],"version-history":[{"count":0,"href":"https:\/\/www.cnbb.org.br\/cnbb-app\/wp\/v2\/posts\/8446\/revisions"}],"wp:attachment":[{"href":"https:\/\/www.cnbb.org.br\/cnbb-app\/wp\/v2\/media?parent=8446"}],"wp:term":[{"taxonomy":"category","embeddable":true,"href":"https:\/\/www.cnbb.org.br\/cnbb-app\/wp\/v2\/categories?post=8446"},{"taxonomy":"post_tag","embeddable":true,"href":"https:\/\/www.cnbb.org.br\/cnbb-app\/wp\/v2\/tags?post=8446"}],"curies":[{"name":"wp","href":"https:\/\/api.w.org\/{rel}","templated":true}]}}