{"id":846411,"date":"2021-09-22T10:32:42","date_gmt":"2021-09-22T13:32:42","guid":{"rendered":"https:\/\/www.cnbb.org.br\/?p=846411"},"modified":"2021-09-22T14:03:19","modified_gmt":"2021-09-22T17:03:19","slug":"cultura-e-educacao-da-cnbb-e-os-direitos-indigenas","status":"publish","type":"post","link":"https:\/\/www.cnbb.org.br\/cultura-e-educacao-da-cnbb-e-os-direitos-indigenas\/","title":{"rendered":"Webinar do Setor Cultura desta quarta-feira (22) discutir\u00e1 o tema: &#8220;A cultura ind\u00edgena e a fraternidade universal&#8221;"},"content":{"rendered":"<p style=\"text-align: justify;\">O Setor Cultura da Comiss\u00e3o Episcopal Pastoral para a Cultura e Educa\u00e7\u00e3o da Confer\u00eancia Nacional dos Bispos do Brasil (CNBB) realiza nesta quarta-feira, \u00e0s 19h, no seu canal no Youtube, um debate sobre o tema \u201cA Cultura e os Direitos Ind\u00edgenas e a Fraternidade Universal\u201d. A tem\u00e1tica foi adotada como prioridade do ano para os trabalhos do setor e como apresenta\u00e7\u00e3o das atividades ligadas ao Setor Cultura, no correspondente ao projeto de trabalho sobre as culturais dos povos origin\u00e1rios e a cultura popular brasileira, partes integrantes e fundamentais da Identidade Cultural Nacional.<\/p>\n<p style=\"text-align: justify;\">O webinar contar\u00e1 com a participa\u00e7\u00e3o dos convidados: o coordenador regional do Conselho Indigenista Mission\u00e1rio (Cimi) em Mato Grosso, professor Gilberto Vieira dos Santos e o representante jur\u00eddico da CNBB no Supremo Tribunal Federal (STF), o advogado Paulo Freire.<\/p>\n<p style=\"text-align: justify;\">O Setor de Cultura da CNBB compreende que a cultura ind\u00edgena dos povos origin\u00e1rios do Brasil \u00e9, por tal import\u00e2ncia, parte fundamental da Identidade Cultural Brasileira. Deste modo, entende tamb\u00e9m que seus costumes, ritos, religiosidade, artes e tradi\u00e7\u00f5es s\u00e3o partes integrantes da cultura nacional e, por seu valor hist\u00f3rico, antropol\u00f3gico e social devem ser preservados sobretudo em seus territ\u00f3rios naturais.<\/p>\n<figure id=\"attachment_846441\" aria-describedby=\"caption-attachment-846441\" style=\"width: 300px\" class=\"wp-caption alignleft\"><img decoding=\"async\" loading=\"lazy\" class=\"wp-image-846441 size-medium\" src=\"https:\/\/www.cnbb.org.br\/wp-content\/uploads\/2021\/09\/Dom-Vicente-300x300.jpg\" alt=\"\" width=\"300\" height=\"300\" srcset=\"https:\/\/www.cnbb.org.br\/wp-content\/uploads\/2021\/09\/Dom-Vicente-300x300.jpg 300w, https:\/\/www.cnbb.org.br\/wp-content\/uploads\/2021\/09\/Dom-Vicente-150x150.jpg 150w, https:\/\/www.cnbb.org.br\/wp-content\/uploads\/2021\/09\/Dom-Vicente.jpg 427w\" sizes=\"(max-width: 300px) 100vw, 300px\" \/><figcaption id=\"caption-attachment-846441\" class=\"wp-caption-text\">Dom Vicente: &#8220;Hoje, mais do que nunca, como Igreja de Jesus, somos chamados a refletir e agir em prol da cultura e dos direitos ind\u00edgenas&#8221;.<\/figcaption><\/figure>\n<p style=\"text-align: justify;\">Para o bispo-auxiliar de Belo Horizonte e secret\u00e1rio-executivo da Comiss\u00e3o Episcopal Especial sobre Minera\u00e7\u00e3o e a Ecologia Integral da CNBB, dom Vicente Pereira, &#8220;temos consci\u00eancia de que n\u00e3o conseguiremos uma fraternidade global, sobretudo no Brasil, se continuarmos violando nossos povos origin\u00e1rios. Eles que resistem, h\u00e1 s\u00e9culos, com seus valores, modo de viver e cren\u00e7as&#8221;, disse.<\/p>\n<p style=\"text-align: justify;\">Em defesa dos povos ind\u00edgenas, o bispo reafirma o que aponta o documento Querida Amaz\u00f4nia &#8216;os povos ind\u00edgenas da Amaz\u00f4nia expressam a aut\u00eantica qualidade de vida como um bem viver, que implica uma harmonia pessoal, familiar, comunit\u00e1ria e c\u00f3smica&#8217; (n. 71). Sem d\u00favida, em tempos de mudan\u00e7a de \u00e9poca, de crise socio-ambiental, esses povos t\u00eam muito a nos ensinar.<\/p>\n<p style=\"text-align: justify;\">O Setor Cultura da CNBB promove esse debate com a esperan\u00e7a que a Igreja seja, cada vez mais, comprometida com o Evangelho da vida, fortalecendo a solidariedade com esses povos e aumentando o cuidado com a Casa Comum.<\/p>\n<p>&nbsp;<\/p>\n<h3 style=\"text-align: justify;\">Povos ind\u00edgenas,\u00a0 CF 1988 e a tese do &#8220;Marco Temporal&#8221;<\/h3>\n<p style=\"text-align: justify;\">A Constitui\u00e7\u00e3o da Rep\u00fablica Federativa do Brasil no Artigo 231, \u00a7 1\u00ba, define os crit\u00e9rios para a demarca\u00e7\u00e3o das terras tradicionalmente ocupadas pelos ind\u00edgenas, sendo eles: I) as por eles habitadas em car\u00e1ter permanente; II) as utilizadas para suas atividades produtivas; III) as imprescind\u00edveis \u00e0 preserva\u00e7\u00e3o dos recursos ambientais necess\u00e1rios a seu bem-estar; e IV) as necess\u00e1rias \u00e0 sua reprodu\u00e7\u00e3o f\u00edsica e cultural, segundo seus usos, costumes e tradi\u00e7\u00f5es. Neste quarto crit\u00e9rio pode-se notar que, a demarca\u00e7\u00e3o das terras ind\u00edgenas \u00e9 fundamental para a preserva\u00e7\u00e3o da cultura desses povos. Al\u00e9m disso a Carta Magna n\u00e3o trata de \u201cmarcos temporais\u201d que limitem os direitos dos ind\u00edgenas \u00e0 demarca\u00e7\u00e3o de terras.<\/p>\n<p>O que est\u00e1 em debate na C\u00e2mara Federal dos Deputados e no STF, respectivamente, pelo PL 490\/2017 e a tese dos \u201cmarcos temporais\u201d, pretende alterar, por meio de Lei, os pressupostos constitucionais para a demarca\u00e7\u00e3o de terras ind\u00edgenas. Em linhas gerais, o conte\u00fado de tais propostas poder\u00e1 inviabilizar as demarca\u00e7\u00f5es de terras ind\u00edgenas, amea\u00e7ar os territ\u00f3rios homologados e destituir direitos constitucionais, erigidos \u00e0 cl\u00e1usula p\u00e9trea na Constitui\u00e7\u00e3o da Rep\u00fablica Federativa do Brasil, configurando-se como uma das mais graves amea\u00e7as aos povos ind\u00edgenas do Brasil na atualidade.<\/p>\n<p>Para assistir, ao vivo, clique neste link <a href=\"https:\/\/www.youtube.com\/channel\/UCj-Iuy37uTrpOun69BIACWg\" target=\"_blank\" rel=\"noopener\">aqui.\u00a0<\/a><\/p>\n<div class=\"ast-oembed-container\" style=\"height: 100%;\">\n<div style=\"max-width: 1333px;\">\n<div style=\"left: 0; width: 100%; height: 0; position: relative; padding-bottom: 56.25%;\"><iframe title=\"A Cultura e os Direitos Ind\u00edgenas e a Fraternidade Universal\" src=\"https:\/\/www.youtube.com\/embed\/qcx924x3HHA?rel=0\" style=\"top: 0; left: 0; width: 100%; height: 100%; position: absolute; border: 0;\" allowfullscreen scrolling=\"no\" allow=\"accelerometer; clipboard-write; encrypted-media; gyroscope; picture-in-picture;\"><\/iframe><\/div>\n<\/div>\n<\/div>\n<p>&nbsp;<\/p>\n","protected":false},"excerpt":{"rendered":"<p>O webinar acontece nesta quarta-feira, 22 de setembro, \u00e0s 19h, no canal do Youtube do Setor de Cultura da Comiss\u00e3o Episcopal Pastoral para a Cultura e Educa\u00e7\u00e3o da CNBB. Contar\u00e1 com a participa\u00e7\u00e3o dos convidados: o coordenador regional do Conselho Indigenista Mission\u00e1rio (Cimi) em Mato Grosso, professor Gilberto Vieira dos Santos e o representante jur\u00eddico da CNBB no Supremo Tribunal Federal (STF), o advogado Paulo Freire<\/p>\n","protected":false},"author":83,"featured_media":846423,"comment_status":"open","ping_status":"open","sticky":false,"template":"","format":"standard","meta":{"site-sidebar-layout":"default","site-content-layout":"default","ast-global-header-display":"","ast-banner-title-visibility":"","ast-main-header-display":"","ast-hfb-above-header-display":"","ast-hfb-below-header-display":"","ast-hfb-mobile-header-display":"","site-post-title":"","ast-breadcrumbs-content":"","ast-featured-img":"","footer-sml-layout":"","theme-transparent-header-meta":"default","adv-header-id-meta":"","stick-header-meta":"","header-above-stick-meta":"","header-main-stick-meta":"","header-below-stick-meta":""},"categories":[50],"tags":[3948],"acf":[],"_links":{"self":[{"href":"https:\/\/www.cnbb.org.br\/cnbb-app\/wp\/v2\/posts\/846411"}],"collection":[{"href":"https:\/\/www.cnbb.org.br\/cnbb-app\/wp\/v2\/posts"}],"about":[{"href":"https:\/\/www.cnbb.org.br\/cnbb-app\/wp\/v2\/types\/post"}],"author":[{"embeddable":true,"href":"https:\/\/www.cnbb.org.br\/cnbb-app\/wp\/v2\/users\/83"}],"replies":[{"embeddable":true,"href":"https:\/\/www.cnbb.org.br\/cnbb-app\/wp\/v2\/comments?post=846411"}],"version-history":[{"count":0,"href":"https:\/\/www.cnbb.org.br\/cnbb-app\/wp\/v2\/posts\/846411\/revisions"}],"wp:featuredmedia":[{"embeddable":true,"href":"https:\/\/www.cnbb.org.br\/cnbb-app\/wp\/v2\/media\/846423"}],"wp:attachment":[{"href":"https:\/\/www.cnbb.org.br\/cnbb-app\/wp\/v2\/media?parent=846411"}],"wp:term":[{"taxonomy":"category","embeddable":true,"href":"https:\/\/www.cnbb.org.br\/cnbb-app\/wp\/v2\/categories?post=846411"},{"taxonomy":"post_tag","embeddable":true,"href":"https:\/\/www.cnbb.org.br\/cnbb-app\/wp\/v2\/tags?post=846411"}],"curies":[{"name":"wp","href":"https:\/\/api.w.org\/{rel}","templated":true}]}}