{"id":8466,"date":"2017-12-14T00:00:00","date_gmt":"2017-12-14T02:00:00","guid":{"rendered":"https:\/\/www.cnbb.org.br\/o-advento-e-a-imaginacao-profetica\/"},"modified":"2017-12-14T00:00:00","modified_gmt":"2017-12-14T02:00:00","slug":"o-advento-e-a-imaginacao-profetica","status":"publish","type":"post","link":"https:\/\/www.cnbb.org.br\/o-advento-e-a-imaginacao-profetica\/","title":{"rendered":"O Advento e a imagina\u00e7\u00e3o prof\u00e9tica"},"content":{"rendered":"<p style=\"text-align: right\"><strong>Dom Roberto Francisco Ferreria Paz<br \/>\n<\/strong><strong>Bispo\u00a0 de Campos (RJ)<\/strong><\/p>\n<p style=\"text-align: justify\">O te\u00f3logo e exegeta, Gerhard Lohfink, sempre destacou nos profetas a capacidade vision\u00e1ria como dom de Deus de imaginar novos relacionamentos e formas de conviv\u00eancia a partir da Alian\u00e7a. Advento \u00e9 tempo de ir de esperan\u00e7a em esperan\u00e7a ao encontro do Deus Conosco.<\/p>\n<p style=\"text-align: justify\">Da abertura generosa e criativa ao futuro que nos vem na forma de uma crian\u00e7a indefesa e amorosa. Leva tempo tornar-se crian\u00e7a, expressava Pablo Picasso a respeito da sua pintura, porque sup\u00f5e um novo olhar, deixar para tr\u00e1s o emba\u00e7amento e cansa\u00e7o dos nossos olhos, para descobrir e desvelar a jovialidade e as surpresas de um Deus que vem por caminhos inusitados de ternura e de Paz. Ser de novo tocado pela sensibilidade e compaix\u00e3o do verdadeiramente humano, abandonando preconceitos e reducionismos que nos manipulam e contagiam nossa f\u00e9, na sua viv\u00eancia fraterna e responsiva.<\/p>\n<p style=\"text-align: justify\">De sentir, como diz Santo Agostinho, os anseios mais profundos do nosso cora\u00e7\u00e3o de ser tudo aquilo que queremos e devemos ser por voca\u00e7\u00e3o. De recome\u00e7ar, com alegria, trilhas novas, de deixar para tr\u00e1s o peso dos ressentimentos e feridas passadas, para renascer com Cristo.<\/p>\n<p style=\"text-align: justify\">Lembrar que o Pres\u00e9pio \u00e9 poss\u00edvel como indeniza\u00e7\u00e3o da nossa vida, que Bel\u00e9m, a Casa do P\u00e3o, est\u00e1 pr\u00f3xima de quem \u00e9 solid\u00e1rio e justo com os pobres. O Advento \u00e9 ao mesmo tempo promessa e empenho, dom e tarefa, de caminharmos juntos rumo \u00e0 realiza\u00e7\u00e3o cada vez mais plena do Reino de Jesus. Importa com Maria, a timbaleira (a que mant\u00e9m o ritmo) da esperan\u00e7a, n\u00e3o desistir ou ficar parados, mas nos esfor\u00e7armos em testemunhar, com paix\u00e3o e renovado vigor, a presen\u00e7a do Senhor que vem para salvar e transformar.<\/p>\n<p style=\"text-align: justify\">Que possamos, com os pastores e os pobres e pequenos da terra, nos deixar comover uma vez mais com a do\u00e7ura e encanto do Menino Deus, que vem para trazer a Paz e a alegria da filia\u00e7\u00e3o divina e nos tornarmos uma s\u00f3 fam\u00edlia de irm\u00e3os libertos e reconciliados. Deus seja louvado!<\/p>\n","protected":false},"excerpt":{"rendered":"<p>Dom Roberto Francisco Ferreria Paz Bispo\u00a0 de Campos (RJ) O te\u00f3logo e exegeta, Gerhard Lohfink, sempre destacou nos profetas a capacidade vision\u00e1ria como dom de Deus de imaginar novos relacionamentos e formas de conviv\u00eancia a partir da Alian\u00e7a. Advento \u00e9 tempo de ir de esperan\u00e7a em esperan\u00e7a ao encontro do Deus Conosco. Da abertura generosa &hellip;<\/p>\n<p class=\"read-more\"> <a class=\"\" href=\"https:\/\/www.cnbb.org.br\/o-advento-e-a-imaginacao-profetica\/\"> <span class=\"screen-reader-text\">O Advento e a imagina\u00e7\u00e3o prof\u00e9tica<\/span> Leia mais &raquo;<\/a><\/p>\n","protected":false},"author":23,"featured_media":0,"comment_status":"closed","ping_status":"open","sticky":false,"template":"","format":"standard","meta":{"site-sidebar-layout":"default","site-content-layout":"default","ast-global-header-display":"","ast-banner-title-visibility":"","ast-main-header-display":"","ast-hfb-above-header-display":"","ast-hfb-below-header-display":"","ast-hfb-mobile-header-display":"","site-post-title":"","ast-breadcrumbs-content":"","ast-featured-img":"","footer-sml-layout":"","theme-transparent-header-meta":"","adv-header-id-meta":"","stick-header-meta":"","header-above-stick-meta":"","header-main-stick-meta":"","header-below-stick-meta":""},"categories":[758],"tags":[],"acf":[],"_links":{"self":[{"href":"https:\/\/www.cnbb.org.br\/cnbb-app\/wp\/v2\/posts\/8466"}],"collection":[{"href":"https:\/\/www.cnbb.org.br\/cnbb-app\/wp\/v2\/posts"}],"about":[{"href":"https:\/\/www.cnbb.org.br\/cnbb-app\/wp\/v2\/types\/post"}],"author":[{"embeddable":true,"href":"https:\/\/www.cnbb.org.br\/cnbb-app\/wp\/v2\/users\/23"}],"replies":[{"embeddable":true,"href":"https:\/\/www.cnbb.org.br\/cnbb-app\/wp\/v2\/comments?post=8466"}],"version-history":[{"count":0,"href":"https:\/\/www.cnbb.org.br\/cnbb-app\/wp\/v2\/posts\/8466\/revisions"}],"wp:attachment":[{"href":"https:\/\/www.cnbb.org.br\/cnbb-app\/wp\/v2\/media?parent=8466"}],"wp:term":[{"taxonomy":"category","embeddable":true,"href":"https:\/\/www.cnbb.org.br\/cnbb-app\/wp\/v2\/categories?post=8466"},{"taxonomy":"post_tag","embeddable":true,"href":"https:\/\/www.cnbb.org.br\/cnbb-app\/wp\/v2\/tags?post=8466"}],"curies":[{"name":"wp","href":"https:\/\/api.w.org\/{rel}","templated":true}]}}