{"id":8468,"date":"2017-12-14T00:00:00","date_gmt":"2017-12-14T02:00:00","guid":{"rendered":"https:\/\/www.cnbb.org.br\/a-fonte-da-verdadeira-alegria\/"},"modified":"2017-12-14T00:00:00","modified_gmt":"2017-12-14T02:00:00","slug":"a-fonte-da-verdadeira-alegria","status":"publish","type":"post","link":"https:\/\/www.cnbb.org.br\/a-fonte-da-verdadeira-alegria\/","title":{"rendered":"A fonte da verdadeira alegria"},"content":{"rendered":"<p style=\"text-align: right\"><strong>Dom Alberto Taveira Corr\u00eaa<br \/>\nArcebispo Metropolitano de Bel\u00e9m do Par\u00e1<\/strong><\/p>\n<p style=\"text-align: justify\">Vivemos na Igreja e desejamos oferecer a todos a grandeza do dom que \u00e9 o an\u00fancio da Boa Nova de Jesus Cristo. N\u00e3o \u00e9 nosso projeto esconder o que temos de melhor, quando sabemos que ele \u00e9 caminho de vida e felicidade para todos. Com o devido respeito \u00e0s escolhas feitas pelas pessoas, arde em nosso cora\u00e7\u00e3o o desejo de contribuir para que o mundo seja melhor e mais alegre! Num tempo de consumo, correria, af\u00e3 de conquistar posi\u00e7\u00f5es, identificamos com frequ\u00eancia os sinais de desgaste e de falta de sentido, na busca incessante de realiza\u00e7\u00e3o. E os alvos estabelecidos se tornam cada vez mais distantes, nos rostos tensos e preocupados que encontramos, cruzando com olhares ansiosos que suplicam a verdadeira alegria, que tem um nome, Jesus Cristo, que n\u00e3o veio para limitar todas as potencialidades humanas, mas para realiz\u00e1-las no sentido mais verdadeiro.<\/p>\n<p style=\"text-align: justify\">A figura de S\u00e3o Jo\u00e3o Batista (Cf. Jo 1,6-8.19-28), t\u00e3o presente e provocante nos Evangelhos e no tempo lit\u00fargico do Advento que vive agora a Igreja, tem sua identidade bem definida, a partir da coragem de dizer quem n\u00e3o \u00e9! N\u00e3o \u00e9 o Messias, nem se afirma profeta, n\u00e3o quer competir com ningu\u00e9m, faz a figura de um asceta com alimenta\u00e7\u00e3o e h\u00e1bitos frugais e at\u00e9 estranhos. \u00c9 um homem feliz, de &#8220;cara fechada&#8221;! N\u00e3o precisa fazer figura para a pose do momento, como uma paisagem colorida, mas sabe ser apenas uma voz que clama: &#8220;Preparai o caminho do Senhor&#8221;. Sua alegria \u00e9 fazer o trabalho daqueles que abrem picadas nas matas, fixando piquetes para uma estrada que se abre. Interessa-lhe o outro que vem, aquele que batiza com o Esp\u00edrito Santo! De fato, pessoa alegre \u00e9 aquela que acolhe suas pr\u00f3prias potencialidades e limites, sem pretender ocupar um espa\u00e7o que n\u00e3o lhe cabe, livre e solta por cumprir o pr\u00f3prio dever, transformando a vida em miss\u00e3o, com objetivos claros, sem medo dos riscos e do futuro!<\/p>\n<p style=\"text-align: justify\">Vivemos todos o maravilhoso desafio da liberdade. Nesta verdadeira aventura, h\u00e1 que fazer escolhas corretas. Examinar todas as coisas, ficar com o que bom, afastar-se da maldade, conservar-se sem mancha (Cf. 1 Ts 5,16-24). \u00c9 a estrada do discernimento, cujo resultado \u00e9 o equil\u00edbrio e a felicidade, alegria consistente, com a qual se enfrentam as dificuldades. Aqui aparecem com frequ\u00eancia as figuras de homens e mulheres muito simples, que aprenderam apenas a fazer o bem, sem estrelismo, que passam como um filme diante de nossos olhos. Certamente percebemos o quanto existe em nossa mem\u00f3ria de pessoas marcantes e ao mesmo tempo silenciosas. Mem\u00f3ria agradecida e desejo de seguir tais exemplos \u00e9 fonte de alegria!<\/p>\n<p style=\"text-align: justify\">Alegrar-se em Deus, olhar o futuro com os sinais deixados por ele \u00e0 nossa disposi\u00e7\u00e3o, deixar-se conduzir pelo Esp\u00edrito de Deus, n\u00e3o apagar o fogo do Esp\u00edrito! Levar Deus em conta, fazer-se pequeno diante dele! Maravilhosas propostas, nascidas do cora\u00e7\u00e3o do pr\u00f3prio Deus, que n\u00e3o abandona a humanidade a um destino cego, mas cuida de sua cria\u00e7\u00e3o com m\u00e3os de artista, pois esta continua a ser aperfei\u00e7oada, com nossa participa\u00e7\u00e3o e liberdade! N\u00e3o tenhamos medo das li\u00e7\u00f5es de f\u00e9 guardadas desde a inf\u00e2ncia no escr\u00ednio de nosso cora\u00e7\u00e3o. Recuperemos o gosto de pedir com simplicidade na ora\u00e7\u00e3o, agradecer, louvar a Deus, acolher as boas inspira\u00e7\u00f5es, aquelas que nos movem interiormente e nos conduzem ao bem.<\/p>\n<p style=\"text-align: justify\">Uma das figuras proeminentes do Tempo do Advento, o Profeta Isa\u00edas, uma esp\u00e9cie de evangelista do Antigo Testamento, anunciou aquele que teve em suas palavras seu programa de a\u00e7\u00e3o: &#8220;O Esp\u00edrito do Senhor Deus est\u00e1 sobre mim, porque o Senhor me ungiu. Enviou-me para levar a boa-nova aos pobres, para curar os de cora\u00e7\u00e3o aflito anunciar aos cativos a liberta\u00e7\u00e3o, aos prisioneiros o alvar\u00e1 de soltura; para anunciar o ano do agrado do Senhor, o dia de nosso Deus fazer justi\u00e7a, para consolar os que est\u00e3o tristes&#8221; (Is 61,1-2). Em Jesus, o programa \u00e9 dar liberdade, consolo e alegria aos outros! N\u00e3o ser\u00e1 diferente conosco, se estivermos dispostos a percorrer a estrada da felicidade aut\u00eantica. Alegre \u00e9 quem vive para os outros e n\u00e3o para si!<\/p>\n<p style=\"text-align: justify\">Nos dias de final do ano, corre uma onda de generosidade, desejo de partilha, servi\u00e7o m\u00fatuo, aten\u00e7\u00e3o aos mais pobres, caridade! Em nossa Arquidiocese de Bel\u00e9m, \u00e9 tempo do projeto &#8220;Bel\u00e9m, casa do p\u00e3o&#8221;, com o apelo: &#8220;Na casa do p\u00e3o, o p\u00e3o para todos&#8221;. Na Igreja do Brasil inteiro, a Campanha para a Evangeliza\u00e7\u00e3o, com a qual desejamos crescer em nossa responsabilidade diante dos trabalhos pastorais levados adiante em nossas Dioceses. &#8220;H\u00e1 mais alegria em dar do que em receber!&#8221; (At 20,35), \u00e9 a palavra do Senhor que indica a fonte da felicidade e da alegria. Ningu\u00e9m passe este final de ano sem abrir o bolso, a bolsa e o cora\u00e7\u00e3o!<\/p>\n<p style=\"text-align: justify\">Outra figura do Tempo do Advento \u00e9 a M\u00e3e de Deus e nossa, a Virgem Maria, quando exclama: &#8220;Meu esp\u00edrito se alegra em Deus, meu Salvador!&#8221; (Lc 1,46) O louvor de Maria pode ser o nosso! Isabel reconhece a a\u00e7\u00e3o de Deus em Maria e Maria reconhece Deus em sua a\u00e7\u00e3o. Reconhecer a a\u00e7\u00e3o de Deus sempre causa alegria. Temos a possibilidade de reconhecer a presen\u00e7a dele em cada momento e particularmente na dor. Em Deus, cada desafio, e mesmo a dor, pode se transformar em louvor e alegria, quando transformada em amor a Deus e ao pr\u00f3ximo. Est\u00e1 em nossas m\u00e3os a tarefa da alegria verdadeira, n\u00e3o mais um sentimento superficial, mas a plena realiza\u00e7\u00e3o do plano de Deus, que nos fez para sermos felizes e alegres na comunh\u00e3o com ele.<\/p>\n","protected":false},"excerpt":{"rendered":"<p>Dom Alberto Taveira Corr\u00eaa Arcebispo Metropolitano de Bel\u00e9m do Par\u00e1 Vivemos na Igreja e desejamos oferecer a todos a grandeza do dom que \u00e9 o an\u00fancio da Boa Nova de Jesus Cristo. N\u00e3o \u00e9 nosso projeto esconder o que temos de melhor, quando sabemos que ele \u00e9 caminho de vida e felicidade para todos. Com &hellip;<\/p>\n<p class=\"read-more\"> <a class=\"\" href=\"https:\/\/www.cnbb.org.br\/a-fonte-da-verdadeira-alegria\/\"> <span class=\"screen-reader-text\">A fonte da verdadeira alegria<\/span> Leia mais &raquo;<\/a><\/p>\n","protected":false},"author":21,"featured_media":0,"comment_status":"closed","ping_status":"open","sticky":false,"template":"","format":"standard","meta":{"site-sidebar-layout":"default","site-content-layout":"default","ast-global-header-display":"","ast-banner-title-visibility":"","ast-main-header-display":"","ast-hfb-above-header-display":"","ast-hfb-below-header-display":"","ast-hfb-mobile-header-display":"","site-post-title":"","ast-breadcrumbs-content":"","ast-featured-img":"","footer-sml-layout":"","theme-transparent-header-meta":"","adv-header-id-meta":"","stick-header-meta":"","header-above-stick-meta":"","header-main-stick-meta":"","header-below-stick-meta":""},"categories":[758],"tags":[],"acf":[],"_links":{"self":[{"href":"https:\/\/www.cnbb.org.br\/cnbb-app\/wp\/v2\/posts\/8468"}],"collection":[{"href":"https:\/\/www.cnbb.org.br\/cnbb-app\/wp\/v2\/posts"}],"about":[{"href":"https:\/\/www.cnbb.org.br\/cnbb-app\/wp\/v2\/types\/post"}],"author":[{"embeddable":true,"href":"https:\/\/www.cnbb.org.br\/cnbb-app\/wp\/v2\/users\/21"}],"replies":[{"embeddable":true,"href":"https:\/\/www.cnbb.org.br\/cnbb-app\/wp\/v2\/comments?post=8468"}],"version-history":[{"count":0,"href":"https:\/\/www.cnbb.org.br\/cnbb-app\/wp\/v2\/posts\/8468\/revisions"}],"wp:attachment":[{"href":"https:\/\/www.cnbb.org.br\/cnbb-app\/wp\/v2\/media?parent=8468"}],"wp:term":[{"taxonomy":"category","embeddable":true,"href":"https:\/\/www.cnbb.org.br\/cnbb-app\/wp\/v2\/categories?post=8468"},{"taxonomy":"post_tag","embeddable":true,"href":"https:\/\/www.cnbb.org.br\/cnbb-app\/wp\/v2\/tags?post=8468"}],"curies":[{"name":"wp","href":"https:\/\/api.w.org\/{rel}","templated":true}]}}