{"id":8469,"date":"2017-12-12T00:00:00","date_gmt":"2017-12-12T02:00:00","guid":{"rendered":"https:\/\/www.cnbb.org.br\/o-3o-bispo-diocesano-e-nossa-senhora-de-guadalupe\/"},"modified":"2017-12-12T00:00:00","modified_gmt":"2017-12-12T02:00:00","slug":"o-3o-bispo-diocesano-e-nossa-senhora-de-guadalupe","status":"publish","type":"post","link":"https:\/\/www.cnbb.org.br\/o-3o-bispo-diocesano-e-nossa-senhora-de-guadalupe\/","title":{"rendered":"O 3\u00ba Bispo diocesano e Nossa Senhora de Guadalupe"},"content":{"rendered":"<p style=\"text-align: justify\"><strong>Dom Edney Gouv\u00eaa Mattoso<\/strong><br \/>\n<strong>Bispo da Diocese de Nova Friburgo (RJ)<\/strong><\/p>\n<p style=\"text-align: justify\">Hoje, dia 12 de dezembro, celebramos Nossa Senhora de Guadalupe, que apareceu ao \u00edndio S\u00e3o Juan Diego, em 1531, no M\u00e9xico. Nesta ocasi\u00e3o, quero fazer mem\u00f3ria de nosso predecessor, recentemente adormecido no Senhor, Dom Rafael Llano Cifuentes, terceiro Bispo da Diocese de Nova Friburgo, que tinha grande devo\u00e7\u00e3o pela Virgem de Guadalupe, belamente simbolizada em seu bras\u00e3o episcopal pelo manto azul com doze estrelas douradas.<\/p>\n<p style=\"text-align: justify\">Vejamos um pouco da hist\u00f3ria da Imperatriz das Am\u00e9ricas, Nossa Senhora de Guadalupe.<\/p>\n<p style=\"text-align: justify\">Em sua primeira apari\u00e7\u00e3o sobre o monte Tepeyac, Maria disse ao \u00edndio: \u201cEu sou a Sempre Virgem Maria, M\u00e3e do Deus Vivo por quem n\u00f3s vivemos, do Criador de todas as coisas, Senhor do c\u00e9u e da terra. [&#8230;] Sou vossa piedosa M\u00e3e. Ou\u00e7o todos os vossos lamentos dando rem\u00e9dio a todas as vossas mis\u00e9rias, afli\u00e7\u00f5es e dores.\u201d<\/p>\n<p style=\"text-align: justify\">Uma curiosidade a respeito da imagem milagrosamente estampada sobre a vestimenta do vidente, \u00e9 que a mulher ali representada \u00e9 ao mesmo tempo virgem e gr\u00e1vida como indica o penteado e o cinto negro que traz acima da cintura, conforme a simbologia ind\u00edgena. Curiosamente encontra-se refletida nos olhos da Virgem uma fam\u00edlia, entre outras pessoas, como o Bispo Dom Jo\u00e3o de Zum\u00e1rraga, primeiro Bispo do M\u00e9xico, que tamb\u00e9m presenciou o milagre da apari\u00e7\u00e3o. A devo\u00e7\u00e3o \u00e0 Nossa Senhora de Guadalupe est\u00e1 intimamente relacionada \u00e0s lutas crist\u00e3s em defesa da vida e da fam\u00edlia.<\/p>\n<p style=\"text-align: justify\">Depois de delinearmos alguns tra\u00e7os das apari\u00e7\u00f5es da Virgem Guadalupana, temos condi\u00e7\u00f5es de entender melhor o perfil pastoral deste Bispo que tornou-se um grande defensor da fam\u00edlia. Foi Animador da Pastoral Familiar na Arquidiocese do Rio de Janeiro at\u00e9 2004 e Presidente da Comiss\u00e3o Episcopal Pastoral para a Vida e a Fam\u00edlia, da CNBB, entre 2003 e 2007, entre outras atribui\u00e7\u00f5es no exerc\u00edcio do minist\u00e9rio episcopal. Em nossa Diocese de Nova Friburgo, construiu o Semin\u00e1rio Diocesano da Imaculada Concei\u00e7\u00e3o. Edif\u00edcio que \u00e9 dedicado exclusivamente \u00e0 forma\u00e7\u00e3o dos novos sacerdotes desta Igreja Particular. Nos seus quase seis anos de pastoreio ele ordenou 12 sacerdotes, sendo um entusiasta das voca\u00e7\u00f5es sacerdotais.<\/p>\n<p style=\"text-align: justify\">Para n\u00f3s que continuamos nossa caminhada, fica o testemunho edificante de um homem que encontrou na Virgem Maria inspira\u00e7\u00e3o para a santidade e a lembran\u00e7a de suas palavras marcadas pelo entusiasmo e vibra\u00e7\u00e3o: \u201cQuantas lutas, quantas tentativas frustradas, quantos renovados esfor\u00e7os, integram a vida dos amigos de Deus! Uma das coisas que veremos no c\u00e9u ser\u00e1 precisamente que a vida dos santos n\u00e3o se poder\u00e1 representar por uma linha reta sempre em eleva\u00e7\u00e3o, uniformemente acelerada, mas por uma curva sinuosa, ascendente e descendente, feita de urg\u00eancias animosas e lentid\u00f5es, subidas e descidas&#8230; e recome\u00e7os vigorosos. Vale a pena, mil vezes, vale a pena a fidelidade! S\u00f3 ela traz a felicidade\u201d.<\/p>\n","protected":false},"excerpt":{"rendered":"<p>Dom Edney Gouv\u00eaa Mattoso Bispo da Diocese de Nova Friburgo (RJ) Hoje, dia 12 de dezembro, celebramos Nossa Senhora de Guadalupe, que apareceu ao \u00edndio S\u00e3o Juan Diego, em 1531, no M\u00e9xico. Nesta ocasi\u00e3o, quero fazer mem\u00f3ria de nosso predecessor, recentemente adormecido no Senhor, Dom Rafael Llano Cifuentes, terceiro Bispo da Diocese de Nova Friburgo, &hellip;<\/p>\n<p class=\"read-more\"> <a class=\"\" href=\"https:\/\/www.cnbb.org.br\/o-3o-bispo-diocesano-e-nossa-senhora-de-guadalupe\/\"> <span class=\"screen-reader-text\">O 3\u00ba Bispo diocesano e Nossa Senhora de Guadalupe<\/span> Leia mais &raquo;<\/a><\/p>\n","protected":false},"author":10,"featured_media":0,"comment_status":"closed","ping_status":"open","sticky":false,"template":"","format":"standard","meta":{"site-sidebar-layout":"default","site-content-layout":"default","ast-global-header-display":"","ast-banner-title-visibility":"","ast-main-header-display":"","ast-hfb-above-header-display":"","ast-hfb-below-header-display":"","ast-hfb-mobile-header-display":"","site-post-title":"","ast-breadcrumbs-content":"","ast-featured-img":"","footer-sml-layout":"","theme-transparent-header-meta":"","adv-header-id-meta":"","stick-header-meta":"","header-above-stick-meta":"","header-main-stick-meta":"","header-below-stick-meta":""},"categories":[758],"tags":[],"acf":[],"_links":{"self":[{"href":"https:\/\/www.cnbb.org.br\/cnbb-app\/wp\/v2\/posts\/8469"}],"collection":[{"href":"https:\/\/www.cnbb.org.br\/cnbb-app\/wp\/v2\/posts"}],"about":[{"href":"https:\/\/www.cnbb.org.br\/cnbb-app\/wp\/v2\/types\/post"}],"author":[{"embeddable":true,"href":"https:\/\/www.cnbb.org.br\/cnbb-app\/wp\/v2\/users\/10"}],"replies":[{"embeddable":true,"href":"https:\/\/www.cnbb.org.br\/cnbb-app\/wp\/v2\/comments?post=8469"}],"version-history":[{"count":0,"href":"https:\/\/www.cnbb.org.br\/cnbb-app\/wp\/v2\/posts\/8469\/revisions"}],"wp:attachment":[{"href":"https:\/\/www.cnbb.org.br\/cnbb-app\/wp\/v2\/media?parent=8469"}],"wp:term":[{"taxonomy":"category","embeddable":true,"href":"https:\/\/www.cnbb.org.br\/cnbb-app\/wp\/v2\/categories?post=8469"},{"taxonomy":"post_tag","embeddable":true,"href":"https:\/\/www.cnbb.org.br\/cnbb-app\/wp\/v2\/tags?post=8469"}],"curies":[{"name":"wp","href":"https:\/\/api.w.org\/{rel}","templated":true}]}}