{"id":8471,"date":"2017-12-14T00:00:00","date_gmt":"2017-12-14T02:00:00","guid":{"rendered":"https:\/\/www.cnbb.org.br\/advento-com-alegria\/"},"modified":"2017-12-14T00:00:00","modified_gmt":"2017-12-14T02:00:00","slug":"advento-com-alegria","status":"publish","type":"post","link":"https:\/\/www.cnbb.org.br\/advento-com-alegria\/","title":{"rendered":"Advento com alegria"},"content":{"rendered":"<p style=\"text-align: justify\"><strong>Dom Caetano Ferrari<\/strong><br \/>\n<strong>Bispo da diocese de Bauru (SP)<\/strong><\/p>\n<p style=\"text-align: justify\">Neste terceiro domingo do Advento, ao iniciar a santa Missa acende-se na coroa do Advento a terceira vela de cor rosa, sinal da alegria, porque o Natal est\u00e1 chegando. S\u00f3 para recordar, nos dois domingos do Advento j\u00e1 foram acesas duas velas, respectivamente, a primeira de cor verde, sinalizando a esperan\u00e7a, a segunda de cor branca, simbolizando a paz. E no pr\u00f3ximo domingo, ser\u00e1 acesa a quarta e \u00faltima, a vermelha, a vela do amor, porque quem est\u00e1 para nascer \u00e9 Deus amor feito carne. Resumindo o tempo do Advento, a Liturgia nos vem motivando a percorrer uma caminhada de prepara\u00e7\u00e3o para o Natal, em ambiente lit\u00fargico de cor roxa, significando o esp\u00edrito penitencial de convers\u00e3o de vida que caracteriza o Advento. Neste domingo, por\u00e9m, faz uma pausa para que tome lugar a alegria, representada ent\u00e3o, pela cor rosa, podendo flores enfeitar o altar, a fim de nos animar a prosseguirmos jubilosamente. A raz\u00e3o d\u00e1-nos a Ant\u00edfona da entrada \u00e0 santa Missa que ecoa S\u00e3o Paulo: \u201cGaudete\u201d, isto \u00e9, \u201cAlegrai-vos sempre no Senhor. De novo eu vos digo, alegrai-vos! O Senhor est\u00e1 perto\u201d (Fl 4,4s).<\/p>\n<p style=\"text-align: justify\">No trecho evang\u00e9lico de hoje, S\u00e3o Jo\u00e3o Evangelista apresenta Jo\u00e3o Batista como homem enviado por Deus para testemunhar a luz, a fim de que todos chegassem \u00e0 f\u00e9. Este foi o testemunho que o Batista deu aos sacerdotes e levitas que o interrogaram sobre a sua identidade: \u201cEu n\u00e3o sou o Messias. Eles perguntaram: Quem \u00e9s, ent\u00e3o? \u00c9s tu Elias ou o profeta? Ele respondeu: N\u00e3o sou. Quem \u00e9s, afinal? O que dizes de ti mesmo? Jo\u00e3o declarou: Eu sou a voz que grita no deserto: aplainai o caminho do Senhor. Eles lhe perguntaram: Por que ent\u00e3o andas batizando se n\u00e3o \u00e9s o Messias, nem Elias, nem o profeta? Jo\u00e3o respondeu: Eu batizo com \u00e1gua; mas no meio de v\u00f3s est\u00e1 aquele que v\u00f3s n\u00e3o conheceis e que vem depois de mim. Eu n\u00e3o mere\u00e7o\u00a0 desamarrar a correia de suas sand\u00e1lias\u201d. Tanto neste domingo como no domingo passado a Liturgia nos apresenta a figura de Jo\u00e3o Batista como modelo de prepara\u00e7\u00e3o para o Natal. L\u00e1 no Evangelho de Marcos, aqui no de\u00a0 Jo\u00e3o Evangelista. O Batista \u00e9 uma das figuras b\u00edblicas das mais importantes, sobretudo porque ele d\u00e1 testemunho de Jesus, se declara humildemente como \u201cvoz que grita no deserto\u201d e convida a todos a se deixarem encontrar pelo Senhor que vem, e para tanto a se prepararem, dignamente, e a viverem esta extraordin\u00e1ria experi\u00eancia do encontro com Deus em suas vidas. Dar testemunho de Jesus \u00e9 a miss\u00e3o de todo crist\u00e3o. O mundo precisa de testemunhas de Deus, que n\u00e3o contem vantagens pessoais nem falem de si mesmas, mas que se reconhe\u00e7am humildes e inclusive pecadoras e, assim sendo, proclamem as maravilhas que o Senhor vem fazendo em suas vidas e na vida da humanidade. Aqui vem, maior de todos, o exemplo da M\u00e3e do Senhor, a Virgem Maria, a Imaculada sem pecado, que, no entanto, testemunhou: \u201cO Senhor olhou para a humildade desta sua serva e fez em mim maravilhas. Santo \u00e9 o seu nome\u201d. S\u00e3o Francisco de Assis viveu segundo esse esp\u00edrito: \u201cQuem sois V\u00f3s, \u00f3 Senhor, e quem sou eu? V\u00f3s, o Criador de todas as coisas, eu, um vermezinho, \u00ednfimo servo vosso.<\/p>\n<p style=\"text-align: justify\">Pergunto-lhe, prezado leitor e leitora, a esta altura do Advento, como est\u00e1 a sua prepara\u00e7\u00e3o para o Natal? Fazendo eco \u00e0s palavras do Batista, qual o seu testemunho de Jesus? Como est\u00e1 a sua vida de ora\u00e7\u00e3o e de pr\u00e1tica das boas obras? Ainda h\u00e1 tempo para come\u00e7ar!<\/p>\n<p style=\"text-align: justify\">Depois da reflex\u00e3o sobre a Liturgia dominical, ultimamente, venho falando a respeito da imoralidade que est\u00e1 sendo praticada, escandalosamente, contra a fam\u00edlia. Falei no domingo passado da imoralidade que \u00e9 a \u201cideologia de g\u00eanero\u201d. Tenho algo a mais a dizer sobre este tema. Veja s\u00f3 como age a nossa administra\u00e7\u00e3o p\u00fablica. O Congresso Nacional aprovou o Plano Nacional de Educa\u00e7\u00e3o excluindo da proposta a inclus\u00e3o da \u201cideologia de g\u00eanero\u201d que os seus seguidores queriam impor. Agora, l\u00e1 no MEC, \u00f3rg\u00e3o que deve obedecer \u00e0 Constitui\u00e7\u00e3o Nacional e \u00e0s leis maiores do pa\u00eds, est\u00e1-se tramando trazer de volta a ideologia de g\u00eanero, incluindo-a na Base Nacional Curricular Comum &#8211; BNCC. O BNCC \u00e9 um documento que apresenta a matriz dos conte\u00fados comuns que devem orientar os curr\u00edculos das escolas p\u00fablicas e privadas no \u00e2mbito do ensino infantil e fundamental. \u00c9, em si, uma coisa boa. S\u00f3 que, retomam-se as discuss\u00f5es de g\u00eanero e sexualidade e agora as transferem habilmente para a \u00e1rea do ensino religioso. De acordo com a Lei das Diretrizes e Bases da Educa\u00e7\u00e3o \u2013 LDB, o ensino religioso \u00e9 confessional e quem monta o seu curr\u00edculo \u00e9 a autoridade religiosa competente. Questionado recentemente o Supremo Tribunal Federal \u2013 STF reconheceu a constitucionalidade do ensino religioso confessional obrigat\u00f3rio para o Estado que o oferecer\u00e1 na grade curricular do 9\u00ba ano do ensino fundamental e facultativo para as fam\u00edlias que por ele optar\u00e3o segundo a sua confiss\u00e3o religiosa. Jogar g\u00eanero e ensino religioso juntos na BNCC \u00e9 uma tentativa do politicamente correto para dar reconhecimento oficial \u00e0 ideologia de g\u00eanero, ainda que v\u00e1 l\u00e1 onde ela \u00e9 mais criticada e rejeita, na \u00e1rea da religi\u00e3o. Algu\u00e9m dir\u00e1 que at\u00e9 faz sentido, pois g\u00eanero e f\u00e9 n\u00e3o s\u00e3o ci\u00eancias. Como para os adeptos desta pretensa ci\u00eancia o que importa \u00e9 aparecer e n\u00e3o ser, talvez nem reagir\u00e3o. Mas, nem pensar em sugerir para essa gente que g\u00eanero seria como um dogma de f\u00e9 e n\u00e3o ci\u00eancia: a f\u00e9 se funda em Deus e g\u00eanero se funda em quem? Em Judith Butler, sua principal te\u00f3rica? N\u00f3s, por\u00e9m, pessoas de f\u00e9 precisamos reagir, esperando que o Ministro da Educa\u00e7\u00e3o, Mendon\u00e7a Filho, suprima do documento final este tema assim como o havia retirado na sua proposta inicial encaminhada anteriormente para estudo ao Conselho Nacional de Educa\u00e7\u00e3o &#8211; CNE. Coisa como esta, que se est\u00e1 querendo fazer com nossas crian\u00e7as na escola, n\u00e3o d\u00e1 para aceitar. \u00c9 que, antes e acima de tudo, n\u00e3o d\u00e1 nem mesmo para entender porque escolas devam se meter na forma\u00e7\u00e3o sexual das crian\u00e7as. Essa tarefa n\u00e3o \u00e9 compet\u00eancia exclusiva da fam\u00edlia? Gostei da provoca\u00e7\u00e3o de Luiz Felipe Pond\u00e9 que lan\u00e7ou essa pergunta na Folha de S\u00e3o Paulo, 27\/11\/17, pg. C10: \u201cN\u00e3o seria essa suposta \u201cforma\u00e7\u00e3o sexual\u201d um modo de um n\u00famero m\u00ednimo de pessoas impor suas teorias a um n\u00famero enorme de crian\u00e7as que n\u00e3o t\u00eam como reagir \u00e0 prega\u00e7\u00e3o ideol\u00f3gico-sexual?\u201d<\/p>\n<p style=\"text-align: justify\">\n","protected":false},"excerpt":{"rendered":"<p>Dom Caetano Ferrari Bispo da diocese de Bauru (SP) Neste terceiro domingo do Advento, ao iniciar a santa Missa acende-se na coroa do Advento a terceira vela de cor rosa, sinal da alegria, porque o Natal est\u00e1 chegando. S\u00f3 para recordar, nos dois domingos do Advento j\u00e1 foram acesas duas velas, respectivamente, a primeira de &hellip;<\/p>\n<p class=\"read-more\"> <a class=\"\" href=\"https:\/\/www.cnbb.org.br\/advento-com-alegria\/\"> <span class=\"screen-reader-text\">Advento com alegria<\/span> Leia mais &raquo;<\/a><\/p>\n","protected":false},"author":30,"featured_media":0,"comment_status":"closed","ping_status":"open","sticky":false,"template":"","format":"standard","meta":{"site-sidebar-layout":"default","site-content-layout":"default","ast-global-header-display":"","ast-banner-title-visibility":"","ast-main-header-display":"","ast-hfb-above-header-display":"","ast-hfb-below-header-display":"","ast-hfb-mobile-header-display":"","site-post-title":"","ast-breadcrumbs-content":"","ast-featured-img":"","footer-sml-layout":"","theme-transparent-header-meta":"","adv-header-id-meta":"","stick-header-meta":"","header-above-stick-meta":"","header-main-stick-meta":"","header-below-stick-meta":""},"categories":[758],"tags":[],"acf":[],"_links":{"self":[{"href":"https:\/\/www.cnbb.org.br\/cnbb-app\/wp\/v2\/posts\/8471"}],"collection":[{"href":"https:\/\/www.cnbb.org.br\/cnbb-app\/wp\/v2\/posts"}],"about":[{"href":"https:\/\/www.cnbb.org.br\/cnbb-app\/wp\/v2\/types\/post"}],"author":[{"embeddable":true,"href":"https:\/\/www.cnbb.org.br\/cnbb-app\/wp\/v2\/users\/30"}],"replies":[{"embeddable":true,"href":"https:\/\/www.cnbb.org.br\/cnbb-app\/wp\/v2\/comments?post=8471"}],"version-history":[{"count":0,"href":"https:\/\/www.cnbb.org.br\/cnbb-app\/wp\/v2\/posts\/8471\/revisions"}],"wp:attachment":[{"href":"https:\/\/www.cnbb.org.br\/cnbb-app\/wp\/v2\/media?parent=8471"}],"wp:term":[{"taxonomy":"category","embeddable":true,"href":"https:\/\/www.cnbb.org.br\/cnbb-app\/wp\/v2\/categories?post=8471"},{"taxonomy":"post_tag","embeddable":true,"href":"https:\/\/www.cnbb.org.br\/cnbb-app\/wp\/v2\/tags?post=8471"}],"curies":[{"name":"wp","href":"https:\/\/api.w.org\/{rel}","templated":true}]}}