{"id":8484,"date":"2017-12-17T00:00:00","date_gmt":"2017-12-17T02:00:00","guid":{"rendered":"https:\/\/www.cnbb.org.br\/alegres-na-evangelizacao\/"},"modified":"2017-12-17T00:00:00","modified_gmt":"2017-12-17T02:00:00","slug":"alegres-na-evangelizacao","status":"publish","type":"post","link":"https:\/\/www.cnbb.org.br\/alegres-na-evangelizacao\/","title":{"rendered":"Alegres na Evangeliza\u00e7\u00e3o"},"content":{"rendered":"<p style=\"text-align: justify\"><strong>Cardeal Orani Jo\u00e3o Tempesta<br \/>\n<\/strong><strong>Arcebispo Metropolitano de S\u00e3o Sebasti\u00e3o do Rio de Janeiro (RJ)<\/strong><u><\/u><\/p>\n<p style=\"text-align: justify\">A tradi\u00e7\u00e3o lit\u00fargica da Igreja chama este Terceiro Domingo do Advento de\u00a0<em>Gaudete<\/em>, isto \u00e9, da \u201cAlegria! \u201d No Missal Romano, a ant\u00edfona de entrada exclama:\u00a0<em>\u201cAlegrai-vos sempre no Senhor. De novo eu vos digo: alegrai-vos! O Senhor est\u00e1 perto! \u201d (Fl 4, 4.5).<\/em> Como express\u00e3o dessa alegria, pode-se usar no lugar do roxo, a cor r\u00f3sea, no tom conhecido como \u201crosa antigo\u201d. \u00c9 um roxo suavizado, que exprime a exulta\u00e7\u00e3o pela aproxima\u00e7\u00e3o do Santo Natal. Alegrai-vos! Alegremo-nos! O Senhor est\u00e1 perto! Est\u00e1 pr\u00f3ximo o Natal; est\u00e1 pr\u00f3xima a Vinda do Senhor; est\u00e1 pr\u00f3ximo de n\u00f3s o Salvador nosso nos diversos momentos de nossa exist\u00eancia! Ele n\u00e3o \u00e9 Deus de longe; \u00e9\u00a0\u00a0 perto: seu nome ser\u00e1 para sempre Emanuel, Deus-conosco!<\/p>\n<p style=\"text-align: justify\">Alegrai-vos! Diante das falsas alegrias que conduzem \u00e0 amargura, somos chamados a nos alegrar com tudo quanto \u00e9 bom e louv\u00e1vel, e como recorda a escritura: colocai vossa maior e definitiva alegria no Senhor! Somente nele o cora\u00e7\u00e3o repousa plenamente, somente nele encontra-se a paz que dura mesmo em meio \u00e0 tribula\u00e7\u00e3o mais dura, somente nele o anseio mais profundo de nossa alma. Alegrai-vos! Seja o Senhor o fundamento da vossa alegria, a causa \u00faltima da vossa exulta\u00e7\u00e3o!<\/p>\n<p style=\"text-align: justify\">A alegria do mundo procede de coisas exteriores: nasce precisamente quando o homem consegue escapar de si pr\u00f3prio, quando olha para fora, quando consegue desviar o olhar do seu mundo interior, que produz solid\u00e3o porque \u00e9 olhar para o vazio. O crist\u00e3o leva a alegria dentro de si, porque encontra a Deus na sua alma em Gra\u00e7a. Esta \u00e9 a fonte da sua alegria! N\u00e3o nos \u00e9 dif\u00edcil imaginar a Virgem Maria, nestes dias do Advento, radiante de alegria com o Filho de Deus no seu seio. A alegria do mundo \u00e9 pobre e passageira. A alegria do crist\u00e3o \u00e9 profunda e capaz de subsistir no meio das dificuldades. \u00c9 compat\u00edvel com a dor, com a doen\u00e7a com o aparente fracasso e as poss\u00edveis contradi\u00e7\u00f5es. \u201cEu vos darei uma alegria que ningu\u00e9m vos poder\u00e1 tirar\u201d (Jo 16,22), prometeu o Senhor. Nada nem ningu\u00e9m nos arrebatar\u00e1 essa paz gozosa, se n\u00e3o nos separarmos da sua fonte.<\/p>\n<p style=\"text-align: justify\">A liturgia deste domingo nos apresenta a primeira leitura (Isa\u00edas 61,1-2a.10-11) em que o Profeta Isa\u00edas anuncia um tempo novo, de vida plena. No contexto em que foi escrito esse texto, havia muita desigualdade social, muitos passavam fome, outros eram presos por causa do empobrecimento derivado de grandes d\u00edvidas causadas pelo aumento dos impostos. O \u201cAno da Gra\u00e7a\u201d ser\u00e1 o tempo definitivo, a plenitude da liberdade criadora de Deus, a qual, para n\u00f3s, crist\u00e3os, acontece com Jesus Cristo.<\/p>\n<p style=\"text-align: justify\">Na segunda leitura (<strong>1Ts 5,16-24) <\/strong>S\u00e3o Paulo apresenta o cristianismo n\u00e3o como um conjunto de obriga\u00e7\u00f5es, mas como um modo de vida orientada para Deus na alegria, na ora\u00e7\u00e3o e na a\u00e7\u00e3o de gra\u00e7as<strong>. <\/strong>Na vida orientada para Deus, o discernimento \u00e9 um passo necess\u00e1rio para lidar com o inevit\u00e1vel risco de falsos carismas<strong>.<\/strong><\/p>\n<p style=\"text-align: justify\">O Evangelho (<strong>Jo 1,6-8.19-28) <\/strong><strong>nos apresenta que J<\/strong>o\u00e3o Batista foi \u201cenviado por Deus\u201d. Esta express\u00e3o \u00e9 frequentemente utilizada no Antigo Testamento e aqui significa que a miss\u00e3o do precursor n\u00e3o \u00e9 humana, mas est\u00e1 alicer\u00e7ada na vontade de Deus. O Evangelho faz clara distin\u00e7\u00e3o entre o precursor e Jesus. Jo\u00e3o veio como testemunha, o que indica o prop\u00f3sito da miss\u00e3o que Deus conferiu ao Batista. A afirma\u00e7\u00e3o de que Jo\u00e3o veio para \u201cdar testemunho da luz\u201d define mais especificamente a miss\u00e3o do precursor. O texto esclarece que a luz era o Verbo, o Filho de Deus.<\/p>\n<p style=\"text-align: justify\">Jo\u00e3o, ao final, identifica-se, recorrendo a uma cita\u00e7\u00e3o do profeta Isa\u00edas (Is 40,3). Ele n\u00e3o \u00e9 o Cristo nem o profeta, mas apenas uma voz conclamando as pessoas a se prepararem para a vinda de Cristo. \u00c9 aqui que a miss\u00e3o de Jo\u00e3o tem a ver conosco, hoje, ao nos prepararmos para o Natal e para a segunda vinda de Cristo. \u00c9 necess\u00e1rio prepararmos o caminho, isto \u00e9, remover todos os obst\u00e1culos que impedem a marcha da a\u00e7\u00e3o de Cristo em nossa vida.<\/p>\n<p style=\"text-align: justify\">Neste terceiro domingo do Advento concluiremos tamb\u00e9m a Campanha para a Evangeliza\u00e7\u00e3o (Crist\u00e3os leigos e leigas comprometidos com a Evangeliza\u00e7\u00e3o) com a coleta nacional nessa inten\u00e7\u00e3o. Para que, como consequ\u00eancia sejamos sal da terra e luz do mundo, que possamos ter o exemplo de S\u00e3o Jo\u00e3o Batista em sermos vozes que clamam no deserto, ou seja, crist\u00e3os comprometidos com a viv\u00eancia do Evangelho e com o an\u00fancio da Palavra e da\u00a0Verdade que \u00e9 o pr\u00f3prio Cristo.<\/p>\n","protected":false},"excerpt":{"rendered":"<p>Cardeal Orani Jo\u00e3o Tempesta Arcebispo Metropolitano de S\u00e3o Sebasti\u00e3o do Rio de Janeiro (RJ) A tradi\u00e7\u00e3o lit\u00fargica da Igreja chama este Terceiro Domingo do Advento de\u00a0Gaudete, isto \u00e9, da \u201cAlegria! \u201d No Missal Romano, a ant\u00edfona de entrada exclama:\u00a0\u201cAlegrai-vos sempre no Senhor. De novo eu vos digo: alegrai-vos! O Senhor est\u00e1 perto! \u201d (Fl 4, &hellip;<\/p>\n<p class=\"read-more\"> <a class=\"\" href=\"https:\/\/www.cnbb.org.br\/alegres-na-evangelizacao\/\"> <span class=\"screen-reader-text\">Alegres na Evangeliza\u00e7\u00e3o<\/span> Leia mais &raquo;<\/a><\/p>\n","protected":false},"author":31,"featured_media":0,"comment_status":"closed","ping_status":"open","sticky":false,"template":"","format":"standard","meta":{"site-sidebar-layout":"default","site-content-layout":"default","ast-global-header-display":"","ast-banner-title-visibility":"","ast-main-header-display":"","ast-hfb-above-header-display":"","ast-hfb-below-header-display":"","ast-hfb-mobile-header-display":"","site-post-title":"","ast-breadcrumbs-content":"","ast-featured-img":"","footer-sml-layout":"","theme-transparent-header-meta":"","adv-header-id-meta":"","stick-header-meta":"","header-above-stick-meta":"","header-main-stick-meta":"","header-below-stick-meta":""},"categories":[758],"tags":[],"acf":[],"_links":{"self":[{"href":"https:\/\/www.cnbb.org.br\/cnbb-app\/wp\/v2\/posts\/8484"}],"collection":[{"href":"https:\/\/www.cnbb.org.br\/cnbb-app\/wp\/v2\/posts"}],"about":[{"href":"https:\/\/www.cnbb.org.br\/cnbb-app\/wp\/v2\/types\/post"}],"author":[{"embeddable":true,"href":"https:\/\/www.cnbb.org.br\/cnbb-app\/wp\/v2\/users\/31"}],"replies":[{"embeddable":true,"href":"https:\/\/www.cnbb.org.br\/cnbb-app\/wp\/v2\/comments?post=8484"}],"version-history":[{"count":0,"href":"https:\/\/www.cnbb.org.br\/cnbb-app\/wp\/v2\/posts\/8484\/revisions"}],"wp:attachment":[{"href":"https:\/\/www.cnbb.org.br\/cnbb-app\/wp\/v2\/media?parent=8484"}],"wp:term":[{"taxonomy":"category","embeddable":true,"href":"https:\/\/www.cnbb.org.br\/cnbb-app\/wp\/v2\/categories?post=8484"},{"taxonomy":"post_tag","embeddable":true,"href":"https:\/\/www.cnbb.org.br\/cnbb-app\/wp\/v2\/tags?post=8484"}],"curies":[{"name":"wp","href":"https:\/\/api.w.org\/{rel}","templated":true}]}}