{"id":850118,"date":"2021-09-24T13:27:16","date_gmt":"2021-09-24T16:27:16","guid":{"rendered":"https:\/\/www.cnbb.org.br\/?p=850118"},"modified":"2021-09-24T18:36:01","modified_gmt":"2021-09-24T21:36:01","slug":"3-dicas-viver-mes-da-biblia-ano-todo","status":"publish","type":"post","link":"https:\/\/www.cnbb.org.br\/3-dicas-viver-mes-da-biblia-ano-todo\/","title":{"rendered":"Dom Armando Bucciol oferece tr\u00eas dicas para viver o M\u00eas da B\u00edblia o ano todo"},"content":{"rendered":"<p>A Igreja no Brasil celebra neste ano de 2021 a 50\u00aa edi\u00e7\u00e3o do M\u00eas da B\u00edblia. No texto base preparado pela Confer\u00eancia Nacional dos Bispos do Brasil para a edi\u00e7\u00e3o deste ano, h\u00e1 a lembran\u00e7a de que, nas tr\u00eas primeiras d\u00e9cadas, as celebra\u00e7\u00f5es do m\u00eas tem\u00e1tico \u201ceram efusivas e calorosas em quase todo o Brasil\u201d. Em seguida, \u00e9 feita a pergunta: \u201ccomo podemos reavivar o ardor b\u00edblico em nossas comunidades?\u201d<\/p>\n<p>A aposta da Igreja para recobrar esse ardor \u00e9 por meio da <a href=\"https:\/\/www.cnbb.org.br\/consep-apresentada-pesquisa-sobre-a-animacao-biblia-da-pastoral-na-igreja-no-brasil\/\">anima\u00e7\u00e3o b\u00edblica da vida e da pastoral<\/a>. Neste ano, a CNBB aprovou o texto de estudos n\u00famero 114 &#8211; &#8220;E a Palavra habitou entre n\u00f3s&#8221; (Jo 1,14) \u2013 e ressalta que a vida pessoal e mission\u00e1ria dos disc\u00edpulos de Jesus devem ser sempre motivadas e inspiradas pela Palavra de Deus.<\/p>\n<p><a data-flickr-embed=\"true\" href=\"https:\/\/www.flickr.com\/photos\/cnbbnacional\/45986713531\/\" title=\"IMG_5363 by CNBBNacional, on Flickr\" target=\"_blank\" rel=\"noopener\"><img decoding=\"async\" src=\"https:\/\/live.staticflickr.com\/4855\/45986713531_7ff90dbddd_b.jpg\" width=\"100%\" alt=\"IMG_5363\"><\/a><script async src=\"https:\/\/embedr.flickr.com\/assets\/client-code.js\" charset=\"utf-8\"><\/script><\/p>\n<p>O bispo de Livramento de Nossa Senhora (BA) e membro da Comiss\u00e3o Episcopal Pastoral para a Anima\u00e7\u00e3o B\u00edblico Catequ\u00e9tica da CNBB, dom Armando Bucciol, oferece tr\u00eas dicas para que viver a proposta do m\u00eas da b\u00edblia o ano todo.<\/p>\n<p>Dom Armando recorda a exorta\u00e7\u00e3o apost\u00f3lica Verbum Domini, do Papa Bento XVI, a qual ensina que a Igreja funda-se sobre a Palavra de Deus, nasce e vive dela, \u201cportanto, quando falamos de anima\u00e7\u00e3o b\u00edblica da pastoral, significa que a nossa vida pessoal e mission\u00e1ria deve ser sempre motivada e inspirada pela Palavra\u201d.<\/p>\n<p>Confira as tr\u00eas dicas para viver o M\u00eas da B\u00edblia o ano todo:<\/p>\n<p>&nbsp;<\/p>\n<h3>Consci\u00eancia<\/h3>\n<p>A primeira dica \u00e9 que cres\u00e7a a consci\u00eancia de que os disc\u00edpulos de Jesus precisam conhecer o mestre, seguir seus passos e conformarem suas vidas \u00e0 vida dele.<\/p>\n<blockquote><p><em>Que cres\u00e7a na mente e nos cora\u00e7\u00f5es de todos os disc\u00edpulos e disc\u00edpulas de Jesus que \u00e9 Ele que precisamos conhecer, seguir seus passos, conformar a nossa vida \u00e0 Sua. O cristianismo pede, acima de tudo, a acolhida de uma pessoa: Jesus, o filho de Deus. Ele d\u00e1 \u00e0 nossa exist\u00eancia terrena novo rumo, sabor e sentido. Abre horizontes de plenitude e esperan\u00e7a. Penso indispens\u00e1vel essa compreens\u00e3o para que a leitura da B\u00edblia se torne vital, n\u00e3o fique na busca de conhecimentos te\u00f3ricos, ou pior, ideol\u00f3gicos.<br \/>\n&#8211; Dom Armando Bucciol<\/em><\/p><\/blockquote>\n<p>&nbsp;<\/p>\n<h3>Leitura Orante<\/h3>\n<p>A segunda dica \u00e9 administrar a f\u00e9 na Leitura Orante da Palavra de Deus<\/p>\n<blockquote><p>N\u00e3o precisamos inventar nada, basta recordar as insistentes orienta\u00e7\u00f5es que a Igreja repete: administrar a f\u00e9 na Leitura orante da Palavra, us\u00e1-la como espelho de vida cotidiana, alimento que precisa ser mastigado, ruminado, pequena semente repleta de vida, em suma, algo que fortalece e ilumina.<br \/>\n&#8211; Dom Armando Bucciol<\/p><\/blockquote>\n<p><a data-flickr-embed=\"true\" href=\"https:\/\/www.flickr.com\/photos\/cnbbnacional\/46974365235\/\" title=\"IMG_6992 by CNBBNacional, on Flickr\" target=\"_blank\" rel=\"noopener\"><img decoding=\"async\" src=\"https:\/\/live.staticflickr.com\/65535\/46974365235_131a504968_b.jpg\" width=\"100%\" alt=\"IMG_6992\"><\/a><script async src=\"https:\/\/embedr.flickr.com\/assets\/client-code.js\" charset=\"utf-8\"><\/script><\/p>\n<p>&nbsp;<\/p>\n<h3>Grupos de Reflex\u00e3o<\/h3>\n<p>A terceira para viver a proposta do M\u00eas da B\u00edblia o ano inteiro \u00e9 a forma\u00e7\u00e3o de grupos para rezar e estudar a Palavra de Deus.<\/p>\n<blockquote><p>Proponho que se formem grupos pequenos que pratiquem a leitura orante e o estudo b\u00edblico partilhando experi\u00eancia de vida fecundada pela Palavra. N\u00e3o excluo o estudo com profissionais da Palavra, mas que ela entre na normalidade cotidiana e d\u00ea sabor e sentido a tudo o que somos e vivemos.<br \/>\n&#8211; Dom Armando Bucciol<\/p><\/blockquote>\n<p><a data-flickr-embed=\"true\" href=\"https:\/\/www.flickr.com\/photos\/cnbbnacional\/49059782058\/\" title=\"IMG_1068 by CNBBNacional, on Flickr\" target=\"_blank\" rel=\"noopener\"><img decoding=\"async\" src=\"https:\/\/live.staticflickr.com\/65535\/49059782058_c7d606e630_b.jpg\" width=\"100%\" alt=\"IMG_1068\"><\/a><script async src=\"https:\/\/embedr.flickr.com\/assets\/client-code.js\" charset=\"utf-8\"><\/script><\/p>\n<p>&nbsp;<\/p>\n<p><a href=\"https:\/\/www.cnbb.org.br\/tag\/mes-da-biblia\/\">Arquivos M\u00eas da B\u00edblia &#8211; CNBB<\/a><\/p>\n<p><a href=\"https:\/\/www.edicoescnbb.com.br\/biblias\/mes-da-biblia\" target=\"_blank\" rel=\"noopener\">M\u00eas da B\u00edblia &#8211; B\u00edblias &#8211; Edi\u00e7\u00f5es CNBB<\/a><\/p>\n<p>&nbsp;<\/p>\n<p>&nbsp;<\/p>\n<div style=\"left: 0; width: 100%; height: 400px; position: relative;\"><iframe title=\"Podcast 1 - M\u00eas Da B\u00edblia 2021 by CNBB\" src=\"https:\/\/w.soundcloud.com\/player\/?visual=true&amp;url=https%3A%2F%2Fapi.soundcloud.com%2Ftracks%2F1128178570&amp;show_artwork=true\" style=\"top: 0; left: 0; width: 100%; height: 100%; position: absolute; border: 0;\" allowfullscreen allow=\"encrypted-media;\"><\/iframe><\/div>\n","protected":false},"excerpt":{"rendered":"<p>No texto base do M\u00eas da B\u00edblia deste ano, quando s\u00e3o celebrados os 50 anos da iniciativa, a CNBB pergunta \u201ccomo podemos reavivar o ardor b\u00edblico em nossas comunidades?\u201d. O bispo de Livramento (BA) e membro da Comiss\u00e3o para a Anima\u00e7\u00e3o B\u00edblico-Catequ\u00e9tica, dom Armando Bucciol, fala sobre anima\u00e7\u00e3o b\u00edblica da vida e da pastoral e oferece tr\u00eas dicas para viver a proposta do M\u00eas da B\u00edblia o ano todo<\/p>\n","protected":false},"author":83,"featured_media":850135,"comment_status":"open","ping_status":"open","sticky":false,"template":"","format":"standard","meta":{"site-sidebar-layout":"default","site-content-layout":"default","ast-global-header-display":"","ast-banner-title-visibility":"","ast-main-header-display":"","ast-hfb-above-header-display":"","ast-hfb-below-header-display":"","ast-hfb-mobile-header-display":"","site-post-title":"","ast-breadcrumbs-content":"","ast-featured-img":"","footer-sml-layout":"","theme-transparent-header-meta":"default","adv-header-id-meta":"","stick-header-meta":"","header-above-stick-meta":"","header-main-stick-meta":"","header-below-stick-meta":""},"categories":[800,50],"tags":[3691,1881,1883],"acf":[],"_links":{"self":[{"href":"https:\/\/www.cnbb.org.br\/cnbb-app\/wp\/v2\/posts\/850118"}],"collection":[{"href":"https:\/\/www.cnbb.org.br\/cnbb-app\/wp\/v2\/posts"}],"about":[{"href":"https:\/\/www.cnbb.org.br\/cnbb-app\/wp\/v2\/types\/post"}],"author":[{"embeddable":true,"href":"https:\/\/www.cnbb.org.br\/cnbb-app\/wp\/v2\/users\/83"}],"replies":[{"embeddable":true,"href":"https:\/\/www.cnbb.org.br\/cnbb-app\/wp\/v2\/comments?post=850118"}],"version-history":[{"count":0,"href":"https:\/\/www.cnbb.org.br\/cnbb-app\/wp\/v2\/posts\/850118\/revisions"}],"wp:featuredmedia":[{"embeddable":true,"href":"https:\/\/www.cnbb.org.br\/cnbb-app\/wp\/v2\/media\/850135"}],"wp:attachment":[{"href":"https:\/\/www.cnbb.org.br\/cnbb-app\/wp\/v2\/media?parent=850118"}],"wp:term":[{"taxonomy":"category","embeddable":true,"href":"https:\/\/www.cnbb.org.br\/cnbb-app\/wp\/v2\/categories?post=850118"},{"taxonomy":"post_tag","embeddable":true,"href":"https:\/\/www.cnbb.org.br\/cnbb-app\/wp\/v2\/tags?post=850118"}],"curies":[{"name":"wp","href":"https:\/\/api.w.org\/{rel}","templated":true}]}}