{"id":8529,"date":"2017-12-24T00:00:00","date_gmt":"2017-12-24T02:00:00","guid":{"rendered":"https:\/\/www.cnbb.org.br\/e-natal-contemple-deixe-o-amor-falar\/"},"modified":"2017-12-24T00:00:00","modified_gmt":"2017-12-24T02:00:00","slug":"e-natal-contemple-deixe-o-amor-falar","status":"publish","type":"post","link":"https:\/\/www.cnbb.org.br\/e-natal-contemple-deixe-o-amor-falar\/","title":{"rendered":"\u00c9 Natal, contemple, deixe o amor falar!"},"content":{"rendered":"<p style=\"text-align: justify\"><strong>Dom Jos\u00e9 Gislon<\/strong><br \/>\n<strong>Bispo Diocesano de Erexim (RS)<\/strong><\/p>\n<p style=\"text-align: justify\">Estimados Diocesanos! Este per\u00edodo do ano \u00e9 prop\u00edcio para olharmos para o nosso interior e deixarmos aflorar o que de melhor temos na nossa vida, em termos de espiritualidade, solidariedade e humanidade. \u00c9 um tempo prop\u00edcio para deixarmos falar, n\u00e3o tanto a voz da raz\u00e3o, mas a do cora\u00e7\u00e3o que envolve o mist\u00e9rio e o amor de Deus, manifestado de forma simples e despojado, na vida de uma fr\u00e1gil crian\u00e7a. O local do nascimento de Jesus carecia de muitas coisas, n\u00e3o era um lugar digno para uma fam\u00edlia, nem para uma crian\u00e7a nascer, mas foi ali que o Filho de Deus nasceu. A car\u00eancia material n\u00e3o suprimiu o amor do cora\u00e7\u00e3o de Maria e de Jos\u00e9 para acolher a nova vida.<\/p>\n<p style=\"text-align: justify\">Penso que muitos viveram os \u00faltimos dias preocupados e ocupados com a prepara\u00e7\u00e3o da celebra\u00e7\u00e3o da Festa do Santo Natal. Esta preocupa\u00e7\u00e3o pode ter tido seu foco principal no social, que implicou na compra dos presentes, no arrumar bem a casa para acolher as visitas, e, se a visita \u00e9 algu\u00e9m do c\u00edrculo familiar, que faz parte da nossa hist\u00f3ria de vida, d\u00e1 um aperto ainda maior no cora\u00e7\u00e3o, pela emo\u00e7\u00e3o de poder dar um abra\u00e7o, partilhar a vida com alegria e ternura, fortalecendo nossos la\u00e7os afetivos de casa ou de amizades e de vizinhan\u00e7a. Creio que receber bem e ser bem recebido s\u00e3o dois crit\u00e9rios que fazem a diferen\u00e7a nas rela\u00e7\u00f5es humanas que envolvem a vida social, mas tamb\u00e9m a comunidade de f\u00e9.<\/p>\n<p style=\"text-align: justify\">Creio que quem vive a sua f\u00e9 no Senhor Jesus se preparou com esmero para celebrar espiritualmente, de forma digna o Santo Natal. N\u00e3o s\u00f3 do ponto de vista material, comprando presentes, arrumando a \u00e1rvore e o pres\u00e9pio, mas tamb\u00e9m colocando em ordem a casa interior; deixando a luz do amor de Deus iluminar a sua vida e renovando-a com a sua gra\u00e7a misericordiosa.<\/p>\n<p style=\"text-align: justify\">O Natal \u00e9 sempre oportunidade para renascermos espiritualmente, lembrando esse amor eterno de Deus, que n\u00e3o exclui ningu\u00e9m, mas nos une como fam\u00edlia humana. Quem se deixa tocar por esse amor, mesmo tendo passado dois mil anos daquele hist\u00f3rico acontecimento, ainda \u00e9 capaz de olhar para Bel\u00e9m, de contemplar a crian\u00e7a que nasceu na manjedoura e celebrar o seu nascimento, reavivando no cora\u00e7\u00e3o a esperan\u00e7a no amor, na vida, no presente e no futuro, por que Ele est\u00e1 no meio de n\u00f3s.<\/p>\n<p style=\"text-align: justify\">Desejo de cora\u00e7\u00e3o um Feliz e Santo Natal a todos.<\/p>\n","protected":false},"excerpt":{"rendered":"<p>Dom Jos\u00e9 Gislon Bispo Diocesano de Erexim (RS) Estimados Diocesanos! Este per\u00edodo do ano \u00e9 prop\u00edcio para olharmos para o nosso interior e deixarmos aflorar o que de melhor temos na nossa vida, em termos de espiritualidade, solidariedade e humanidade. \u00c9 um tempo prop\u00edcio para deixarmos falar, n\u00e3o tanto a voz da raz\u00e3o, mas a &hellip;<\/p>\n<p class=\"read-more\"> <a class=\"\" href=\"https:\/\/www.cnbb.org.br\/e-natal-contemple-deixe-o-amor-falar\/\"> <span class=\"screen-reader-text\">\u00c9 Natal, contemple, deixe o amor falar!<\/span> Leia mais &raquo;<\/a><\/p>\n","protected":false},"author":20,"featured_media":0,"comment_status":"closed","ping_status":"open","sticky":false,"template":"","format":"standard","meta":{"site-sidebar-layout":"default","site-content-layout":"default","ast-global-header-display":"","ast-banner-title-visibility":"","ast-main-header-display":"","ast-hfb-above-header-display":"","ast-hfb-below-header-display":"","ast-hfb-mobile-header-display":"","site-post-title":"","ast-breadcrumbs-content":"","ast-featured-img":"","footer-sml-layout":"","theme-transparent-header-meta":"","adv-header-id-meta":"","stick-header-meta":"","header-above-stick-meta":"","header-main-stick-meta":"","header-below-stick-meta":""},"categories":[758],"tags":[],"acf":[],"_links":{"self":[{"href":"https:\/\/www.cnbb.org.br\/cnbb-app\/wp\/v2\/posts\/8529"}],"collection":[{"href":"https:\/\/www.cnbb.org.br\/cnbb-app\/wp\/v2\/posts"}],"about":[{"href":"https:\/\/www.cnbb.org.br\/cnbb-app\/wp\/v2\/types\/post"}],"author":[{"embeddable":true,"href":"https:\/\/www.cnbb.org.br\/cnbb-app\/wp\/v2\/users\/20"}],"replies":[{"embeddable":true,"href":"https:\/\/www.cnbb.org.br\/cnbb-app\/wp\/v2\/comments?post=8529"}],"version-history":[{"count":0,"href":"https:\/\/www.cnbb.org.br\/cnbb-app\/wp\/v2\/posts\/8529\/revisions"}],"wp:attachment":[{"href":"https:\/\/www.cnbb.org.br\/cnbb-app\/wp\/v2\/media?parent=8529"}],"wp:term":[{"taxonomy":"category","embeddable":true,"href":"https:\/\/www.cnbb.org.br\/cnbb-app\/wp\/v2\/categories?post=8529"},{"taxonomy":"post_tag","embeddable":true,"href":"https:\/\/www.cnbb.org.br\/cnbb-app\/wp\/v2\/tags?post=8529"}],"curies":[{"name":"wp","href":"https:\/\/api.w.org\/{rel}","templated":true}]}}