{"id":853796,"date":"2021-10-01T13:00:37","date_gmt":"2021-10-01T16:00:37","guid":{"rendered":"https:\/\/www.cnbb.org.br\/?p=853796"},"modified":"2021-10-01T13:52:03","modified_gmt":"2021-10-01T16:52:03","slug":"missionaria-da-comunidade-catolica-shalom-ha-10-anos-no-madagascar-convida-para-a-jornada-de-oracao-e-missao-dedicada-ao-pais","status":"publish","type":"post","link":"https:\/\/www.cnbb.org.br\/missionaria-da-comunidade-catolica-shalom-ha-10-anos-no-madagascar-convida-para-a-jornada-de-oracao-e-missao-dedicada-ao-pais\/","title":{"rendered":"Mission\u00e1ria da comunidade cat\u00f3lica Shalom h\u00e1 10 anos no Madagascar convida para a Jornada de Ora\u00e7\u00e3o e Miss\u00e3o dedicada ao pa\u00eds"},"content":{"rendered":"<p style=\"text-align: justify;\"><img decoding=\"async\" loading=\"lazy\" class=\"alignright wp-image-857408 size-medium\" src=\"https:\/\/www.cnbb.org.br\/wp-content\/uploads\/2021\/09\/Vanda-missionaria-Shalom-300x300.jpg\" alt=\"\" width=\"300\" height=\"300\" srcset=\"https:\/\/www.cnbb.org.br\/wp-content\/uploads\/2021\/09\/Vanda-missionaria-Shalom-300x300.jpg 300w, https:\/\/www.cnbb.org.br\/wp-content\/uploads\/2021\/09\/Vanda-missionaria-Shalom-150x150.jpg 150w, https:\/\/www.cnbb.org.br\/wp-content\/uploads\/2021\/09\/Vanda-missionaria-Shalom-500x501.jpg 500w, https:\/\/www.cnbb.org.br\/wp-content\/uploads\/2021\/09\/Vanda-missionaria-Shalom.jpg 548w\" sizes=\"(max-width: 300px) 100vw, 300px\" \/>&#8220;N\u00f3s somos sustentados tamb\u00e9m pela ora\u00e7\u00e3o&#8221;, assim com essa frase a mission\u00e1ria da comunidade cat\u00f3lica Shalom, Vanda Pereira Santos, que h\u00e1 10 anos est\u00e1 em miss\u00e3o no Madagascar, refor\u00e7a o pedido de ora\u00e7\u00e3o na Jornada de Ora\u00e7\u00e3o e Miss\u00e3o dedicada ao Madagascar, neste dia 1\u00ba de outubro, sexta-feira.<\/p>\n<blockquote>\n<p style=\"text-align: justify;\">&#8220;Rezem por n\u00f3s mission\u00e1rios, rezem pelo povo de Madagascar, pela Igreja, pelos governos e pelos mais pobres&#8221;, convidou.<\/p>\n<\/blockquote>\n<p style=\"text-align: justify;\">A mission\u00e1ria conta que evangeliza\u00e7\u00e3o em Madagascar \u00e9 muito desafiante por conta da diversidade religiosa, e da exist\u00eancia de muitas seitas. &#8220;A experi\u00eancia que vou tendo todos os dias \u00e9 de acreditar que a gra\u00e7a e o amor de Deus podem transformar o homem&#8221;, partilhou.\u00a0Segundo ela, o maior desafio da miss\u00e3o \u00e9 lidar com as pessoas que t\u00eam a sua dignidade ferida, com a pobreza do pa\u00eds, n\u00e3o apenas financeira mas tamb\u00e9m moral e espiritual.<\/p>\n<p style=\"text-align: justify;\">O trabalho mission\u00e1rio da comunidade Shalom no pa\u00eds abriu muitas frentes de trabalho, uma delas \u00e9 com crian\u00e7as de 3 a 14 anos, por meio do projeto Jos\u00e9 do Egito que funciona com alfabetiza\u00e7\u00e3o e aulas de 14h30 \u00e0s 17h. Al\u00e9m da ensinar a ler, eles tamb\u00e9m fazem o primeiro an\u00fancio e a catequese para as crian\u00e7as n\u00e3o batizadas. &#8220;Temos tamb\u00e9m a evangeliza\u00e7\u00e3o porta a porta, experi\u00eancia que nos faz encontrar com as fam\u00edlias totalmente desestruturadas e empobrecidas&#8221;, relata.<\/p>\n<p style=\"text-align: justify;\">Al\u00e9m disto, eles oferece tamb\u00e9m cursos profissionalizantes de artesanato com adolescentes e m\u00e3es do projeto Jos\u00e9 do Egito e gera\u00e7\u00e3o de renda, visitas aos doentes nos hospitais e cursos de culin\u00e1ria e de viol\u00e3o. &#8220;Aproveitamos tamb\u00e9m estes momentos para a evangeliza\u00e7\u00e3o, o primeiro an\u00fancio e buscar fortalecer a f\u00e9 cat\u00f3lica. Ensinamos as pessoas a louvar a Deus mesmo nas tribula\u00e7\u00f5es&#8221;, disse.<\/p>\n<blockquote>\n<p style=\"text-align: justify;\">&#8220;N\u00f3s recebemos muito mais que damos como mission\u00e1rios. Sa\u00edmos, deixamos nossa p\u00e1tria e familiares e viemos para c\u00e1 acreditando tamb\u00e9m na Palavra e na promessa de Deus de que quem deixa tudo ganhar\u00e1 o Reino de Deus e a vida Eterna. Isto nos d\u00e1 o sentido real de ser mission\u00e1rio. A felicidade est\u00e1 em ser mission\u00e1rio em um pa\u00eds em meio a tantos desafios. Vamos acreditando que somos incapazes mas \u00e9 a gra\u00e7a de Deus que nos faz ir al\u00e9m. Nestes 10 anos na miss\u00e3o consigo perceber as maravilhas que Deus faz no meio do povo e na Igreja tamb\u00e9m. Em meio \u00e0 pobreza, vamos vendo que nosso trabalho como formiguinha faz sentido&#8221;, relata.<\/p>\n<\/blockquote>\n<h3>Jornada de Ora\u00e7\u00e3o e Miss\u00e3o dedicada ao Madagascar<\/h3>\n<p style=\"text-align: justify;\">A Comiss\u00e3o Episcopal Pastoral para a A\u00e7\u00e3o Mission\u00e1ria e Coopera\u00e7\u00e3o Intereclesial da Confer\u00eancia Nacional dos Bispos do Brasil (CNBB) e a Funda\u00e7\u00e3o Pontif\u00edcia Ajuda \u00e0 Igreja que sofre (ACN), convidam a Igreja no Brasil \u00e0\u00a0 Jornada de Ora\u00e7\u00e3o e Miss\u00e3o dedicada ao Madagascar, no dia 1\u00ba de outubro.<\/p>\n<p style=\"text-align: justify;\">O Estado independente localizado na ilha de Madagascar, no sul da \u00c1frica, pr\u00f3ximo a Mo\u00e7ambique, sofre a pior seca em quatro d\u00e9cadas. Esta cat\u00e1strofe devastou comunidades agr\u00edcolas isoladas no sul do pa\u00eds, onde as fam\u00edlias recorrem a insetos para sobreviver.<\/p>\n<figure id=\"attachment_854094\" aria-describedby=\"caption-attachment-854094\" style=\"width: 300px\" class=\"wp-caption alignleft\"><img decoding=\"async\" loading=\"lazy\" class=\"wp-image-854094 size-medium\" src=\"https:\/\/www.cnbb.org.br\/wp-content\/uploads\/2021\/09\/Seca-Madagascar-300x169.jpeg\" alt=\"\" width=\"300\" height=\"169\" srcset=\"https:\/\/www.cnbb.org.br\/wp-content\/uploads\/2021\/09\/Seca-Madagascar-300x169.jpeg 300w, https:\/\/www.cnbb.org.br\/wp-content\/uploads\/2021\/09\/Seca-Madagascar-768x432.jpeg 768w, https:\/\/www.cnbb.org.br\/wp-content\/uploads\/2021\/09\/Seca-Madagascar-500x282.jpeg 500w, https:\/\/www.cnbb.org.br\/wp-content\/uploads\/2021\/09\/Seca-Madagascar.jpeg 1000w\" sizes=\"(max-width: 300px) 100vw, 300px\" \/><figcaption id=\"caption-attachment-854094\" class=\"wp-caption-text\">Secas sucessivas secaram completamente o solo no sul do pa\u00eds. \u2014 Foto: Ocha\/Reuters\/Via BBC<\/figcaption><\/figure>\n<p style=\"text-align: justify;\">A ONU estima que 30 mil pessoas estejam atualmente sofrendo o n\u00edvel cinco de inseguran\u00e7a alimentar &#8211; o mais alto reconhecido internacionalmente &#8211; e h\u00e1 o temor de que o n\u00famero de afetados possa aumentar muito quando Madagascar entrar no tradicional &#8220;per\u00edodo de escassez&#8221; antes da colheita.<\/p>\n<p style=\"text-align: justify;\">O impacto da seca atual tamb\u00e9m est\u00e1 sendo sentido em cidades maiores do sul de Madagascar, com muitas crian\u00e7as for\u00e7adas a pedir esmolas nas ruas para conseguir comida.<\/p>\n<p style=\"text-align: justify;\">A Jornada de Ora\u00e7\u00e3o e Miss\u00e3o faz parte de uma s\u00e9rie de jornadas desenvolvidas pela Comiss\u00e3o Episcopal Pastoral para a A\u00e7\u00e3o Mission\u00e1ria\u00a0 CNBB e ACN que coloca o valor da ora\u00e7\u00e3o como \u201cagir mission\u00e1rio\u201d e prop\u00f5e que cada crist\u00e3o cat\u00f3lico dedique um tempo do dia para rezar pelo pa\u00eds. Fa\u00e7a parte desta corrente de ora\u00e7\u00e3o e nas redes sociais utilize a hashtag <strong>#rezepelomadagascar<\/strong>.<\/p>\n<p>Confira, abaixo, o v\u00eddeo produzido especialmente para esta jornada.<\/p>\n<div class=\"ast-oembed-container\" style=\"height: 100%;\">\n<div style=\"max-width: 1333px;\">\n<div style=\"left: 0; width: 100%; height: 0; position: relative; padding-bottom: 56.25%;\"><iframe title=\"Jornada de Ora\u00e7\u00e3o e Miss\u00e3o pela Paz em Madagascar\" src=\"https:\/\/www.youtube.com\/embed\/irlri-IodYo?rel=0\" style=\"top: 0; left: 0; width: 100%; height: 100%; position: absolute; border: 0;\" allowfullscreen scrolling=\"no\" allow=\"accelerometer; clipboard-write; encrypted-media; gyroscope; picture-in-picture;\"><\/iframe><\/div>\n<\/div>\n<\/div>\n<p>&nbsp;<\/p>\n<p style=\"text-align: justify;\">\n","protected":false},"excerpt":{"rendered":"<p>O pa\u00eds atravessa a pior seca e crise h\u00eddrica em quatro d\u00e9cadas. Esta cat\u00e1strofe devastou comunidades agr\u00edcolas isoladas no sul do pa\u00eds, onde as fam\u00edlias recorrem at\u00e9 a  insetos para sobreviver. A Jornada de Ora\u00e7\u00e3o e Miss\u00e3o dedicada ao Madagascar, acontece nesta sexta-feira, dia 1\u00ba de outubro. Participe e esteja em ora\u00e7\u00e3o como forma de fortalece a miss\u00e3o <\/p>\n","protected":false},"author":83,"featured_media":854065,"comment_status":"open","ping_status":"open","sticky":false,"template":"","format":"standard","meta":{"site-sidebar-layout":"default","site-content-layout":"default","ast-global-header-display":"","ast-banner-title-visibility":"","ast-main-header-display":"","ast-hfb-above-header-display":"","ast-hfb-below-header-display":"","ast-hfb-mobile-header-display":"","site-post-title":"","ast-breadcrumbs-content":"","ast-featured-img":"","footer-sml-layout":"","theme-transparent-header-meta":"default","adv-header-id-meta":"","stick-header-meta":"","header-above-stick-meta":"","header-main-stick-meta":"","header-below-stick-meta":""},"categories":[854,1841],"tags":[3964],"acf":[],"_links":{"self":[{"href":"https:\/\/www.cnbb.org.br\/cnbb-app\/wp\/v2\/posts\/853796"}],"collection":[{"href":"https:\/\/www.cnbb.org.br\/cnbb-app\/wp\/v2\/posts"}],"about":[{"href":"https:\/\/www.cnbb.org.br\/cnbb-app\/wp\/v2\/types\/post"}],"author":[{"embeddable":true,"href":"https:\/\/www.cnbb.org.br\/cnbb-app\/wp\/v2\/users\/83"}],"replies":[{"embeddable":true,"href":"https:\/\/www.cnbb.org.br\/cnbb-app\/wp\/v2\/comments?post=853796"}],"version-history":[{"count":0,"href":"https:\/\/www.cnbb.org.br\/cnbb-app\/wp\/v2\/posts\/853796\/revisions"}],"wp:featuredmedia":[{"embeddable":true,"href":"https:\/\/www.cnbb.org.br\/cnbb-app\/wp\/v2\/media\/854065"}],"wp:attachment":[{"href":"https:\/\/www.cnbb.org.br\/cnbb-app\/wp\/v2\/media?parent=853796"}],"wp:term":[{"taxonomy":"category","embeddable":true,"href":"https:\/\/www.cnbb.org.br\/cnbb-app\/wp\/v2\/categories?post=853796"},{"taxonomy":"post_tag","embeddable":true,"href":"https:\/\/www.cnbb.org.br\/cnbb-app\/wp\/v2\/tags?post=853796"}],"curies":[{"name":"wp","href":"https:\/\/api.w.org\/{rel}","templated":true}]}}