{"id":8569,"date":"2018-01-03T00:00:00","date_gmt":"2018-01-03T02:00:00","guid":{"rendered":"https:\/\/www.cnbb.org.br\/faleceu-na-manha-desta-quarta-feira-aos-84-anos-dom-heriberto-john-hermes\/"},"modified":"2018-01-03T00:00:00","modified_gmt":"2018-01-03T02:00:00","slug":"faleceu-na-manha-desta-quarta-feira-aos-84-anos-dom-heriberto-john-hermes","status":"publish","type":"post","link":"https:\/\/www.cnbb.org.br\/faleceu-na-manha-desta-quarta-feira-aos-84-anos-dom-heriberto-john-hermes\/","title":{"rendered":"Faleceu na manh\u00e3 desta quarta-feira, aos 84 anos, dom Heriberto John Hermes"},"content":{"rendered":"<p style=\"text-align: justify\">A prelazia de Cristal\u00e2ndia, no Tocantins, comunicou na manh\u00e3 desta quarta-feira, 03 de janeiro, o falecimento do bispo em\u00e9rito, dom Heriberto John Hermes, aos 84 anos de idade, no Hospital Geral de Palmas, \u00e0s 8h45. O religioso teve fal\u00eancia m\u00faltipla dos \u00f3rg\u00e3os.<\/p>\n<figure id=\"attachment_76422\" aria-describedby=\"caption-attachment-76422\" style=\"width: 253px\" class=\"wp-caption alignright\"><a href=\"http:\/\/cnbb.net.br\/faleceu-na-manha-desta-quarta-feira-aos-84-anos-dom-heriberto-john-hermes\/heriberto\/\" rel=\"attachment wp-att-76422 noopener\" target=\"_blank\"><img decoding=\"async\" loading=\"lazy\" class=\"wp-image-76422 size-medium\" src=\"http:\/\/cnbb.net.br\/wp-content\/uploads\/2018\/01\/Heriberto-253x300.jpg\" alt=\"\" width=\"253\" height=\"300\" \/><\/a><figcaption id=\"caption-attachment-76422\" class=\"wp-caption-text\">Na foto, dom Heriberto Hermes. Cr\u00e9dito: Prelazia de Cristal\u00e2ndia<\/figcaption><\/figure>\n<p style=\"text-align: justify\">Nascido em Shallow Water, Kansas, Estados Unidos, dom Heriberto foi nomeado pelo papa S\u00e3o Jo\u00e3o Paulo II como bispo prelado de Cristal\u00e2ndia em 20 de junho de 1990. Teve sua ren\u00fancia aceita, por motivo de idade, em 25 de fevereiro de 2009, pelo papa Bento XVI.<\/p>\n<p style=\"text-align: justify\">Em comunicado enviado \u00e0 imprensa, o atual bispo da prelazia de Cristal\u00e2ndia, dom Wellington de Queiroz afirma que dom Heriberto doou a sua vida com simplicidade, gratuidade e dedica\u00e7\u00e3o aos mais pobres: \u201cNos \u00faltimos dez anos, vivendo em Para\u00edso do Tocantins, dentro do territ\u00f3rio da Prelazia de Cristal\u00e2ndia, dedicou-se ao Centro de Direitos humanos. Nunca deixou de participar das reuni\u00f5es do Clero de Cristal\u00e2ndia. Era uma presen\u00e7a discreta, respeitosa e alegre com todos. At\u00e9 os \u00faltimos instantes de consci\u00eancia pensava na miss\u00e3o e no que ainda necessitava fazer\u201d.<\/p>\n<p style=\"text-align: justify\">Ainda no comunicado, o bispo afirma que a prelazia de Cristal\u00e2ndia perde um de seus membros amados: \u201cDom Heriberto hoje alegra aos c\u00e9us com sua chegada e a n\u00f3s fica o exemplo de sua vida mission\u00e1ria e de seu sim a Deus\u201d, finaliza dom Queiroz.<\/p>\n<p style=\"text-align: justify\"><strong>Sepultamento<\/strong><\/p>\n<p style=\"text-align: justify\">O corpo de dom Heriberto ser\u00e1 sepultado na Catedral de Cristal\u00e2ndia, amanh\u00e3, dia 04, \u00e0s 17h.<\/p>\n<p><strong>Nota de pesar<\/strong><\/p>\n<p>Dom Leonardo Steiner, secret\u00e1rio-geral da CNBB, enviou nota de condol\u00eancias a dom Wellington de Queiroz Vieira, bispo da Prelazia de Cristal\u00e2ndia, pelo falecimento de dom Heriberto.<\/p>\n<p>Leia a Nota.<\/p>\n<p style=\"text-align: center\"><strong>Nota de condol\u00eancias da CNBB pelo falecimento de dom Heriberto Hermes<\/strong><\/p>\n<p>&nbsp;<\/p>\n<p>&nbsp;<\/p>\n<p style=\"text-align: right\"><em>Bras\u00edlia, 3 de janeiro de 2018<\/em><\/p>\n<p>P<em>rezado Irm\u00e3o, dom Wellington de Queiroz Vieira.<\/em><\/p>\n<p style=\"text-align: justify\"><em>A Confer\u00eancia Nacional dos Bispos do Brasil (CNBB), manifesta pesar pela partida do bispo em\u00e9rito de Cristal\u00e2ndia (TO), dom Heriberto Hermes, ocorrida na manh\u00e3 desta quarta-feira, 3 de janeiro, em Palmas (TO).<\/em><\/p>\n<p style=\"text-align: justify\"><em>Nosso episcopado reconhece, louva e agradece o itiner\u00e1rio percorrido por dom Heriberto nos 84 anos de vida e como prelado de Cristal\u00e2ndia entre os anos de 1990 at\u00e9 2009. O amor pelos pobres e marginalizados sempre inspirou sua vida e seu minist\u00e9rio na Igreja. Nascido nos Estados Unidos, em 1933, entrou para a Ordem de S\u00e3o Bento em 1960. Grande defensor dos Direitos Humanos, mesmo durante o tempo da emeritude, dom Heriberto sempre esteve ligado aos movimentos e as pessoas que lutam nessa \u00e1rea.<\/em><\/p>\n<p style=\"text-align: justify\"><em>Seu lema episcopal \u201cfa\u00e7a-se&#8221; representa bem o prop\u00f3sito de sua miss\u00e3o que sempre foi de tomar iniciativas de an\u00fancio do Evangelho acompanhadas com concreto testemunho em defesa dos pequenos e dos pobres atingidos pelas injusti\u00e7as.<\/em><\/p>\n<p><em>Rezamos pelo descanso em paz de nosso Irm\u00e3o e enviamos nosso abra\u00e7o solid\u00e1rio ao senhor, aos familiares de dom Heriberto, aos beneditinos e \u00e0s comunidades da Prelazia de Cristal\u00e2ndia.<\/em><\/p>\n<p>&nbsp;<\/p>\n<p><em>Em Cristo,<\/em><\/p>\n<p style=\"text-align: center\"><em><strong>Dom Leonardo Ulrich Steiner<\/strong><\/em><\/p>\n<p style=\"text-align: center\"><em>Bispo auxiliar de Bras\u00edlia (DF)<\/em><\/p>\n<p style=\"text-align: center\"><em>Secret\u00e1rio-Geral da CNBB<\/em><\/p>\n<p>&nbsp;<\/p>\n","protected":false},"excerpt":{"rendered":"<p>O sepultamento ser\u00e1 nesta quinta-feira, as 17h, em Cristal\u00e2ndia. CNBB enviou Nota de Condol\u00eancias a dom Wellington de Queiroz Vieira<\/p>\n","protected":false},"author":83,"featured_media":0,"comment_status":"closed","ping_status":"open","sticky":false,"template":"","format":"standard","meta":{"site-sidebar-layout":"default","site-content-layout":"default","ast-global-header-display":"","ast-banner-title-visibility":"","ast-main-header-display":"","ast-hfb-above-header-display":"","ast-hfb-below-header-display":"","ast-hfb-mobile-header-display":"","site-post-title":"","ast-breadcrumbs-content":"","ast-featured-img":"","footer-sml-layout":"","theme-transparent-header-meta":"","adv-header-id-meta":"","stick-header-meta":"","header-above-stick-meta":"","header-main-stick-meta":"","header-below-stick-meta":""},"categories":[798],"tags":[],"acf":[],"_links":{"self":[{"href":"https:\/\/www.cnbb.org.br\/cnbb-app\/wp\/v2\/posts\/8569"}],"collection":[{"href":"https:\/\/www.cnbb.org.br\/cnbb-app\/wp\/v2\/posts"}],"about":[{"href":"https:\/\/www.cnbb.org.br\/cnbb-app\/wp\/v2\/types\/post"}],"author":[{"embeddable":true,"href":"https:\/\/www.cnbb.org.br\/cnbb-app\/wp\/v2\/users\/83"}],"replies":[{"embeddable":true,"href":"https:\/\/www.cnbb.org.br\/cnbb-app\/wp\/v2\/comments?post=8569"}],"version-history":[{"count":0,"href":"https:\/\/www.cnbb.org.br\/cnbb-app\/wp\/v2\/posts\/8569\/revisions"}],"wp:attachment":[{"href":"https:\/\/www.cnbb.org.br\/cnbb-app\/wp\/v2\/media?parent=8569"}],"wp:term":[{"taxonomy":"category","embeddable":true,"href":"https:\/\/www.cnbb.org.br\/cnbb-app\/wp\/v2\/categories?post=8569"},{"taxonomy":"post_tag","embeddable":true,"href":"https:\/\/www.cnbb.org.br\/cnbb-app\/wp\/v2\/tags?post=8569"}],"curies":[{"name":"wp","href":"https:\/\/api.w.org\/{rel}","templated":true}]}}