{"id":8573,"date":"2018-01-03T00:00:00","date_gmt":"2018-01-03T02:00:00","guid":{"rendered":"https:\/\/www.cnbb.org.br\/o-natal-continua\/"},"modified":"2018-01-03T00:00:00","modified_gmt":"2018-01-03T02:00:00","slug":"o-natal-continua","status":"publish","type":"post","link":"https:\/\/www.cnbb.org.br\/o-natal-continua\/","title":{"rendered":"O Natal continua"},"content":{"rendered":"<p style=\"text-align: right\"><strong>Dom Adelar Baruffi<\/strong><br \/>\n<strong>Bispo de Cruz Alta<\/strong><\/p>\n<p>&nbsp;<\/p>\n<p style=\"text-align: justify\">Com a celebra\u00e7\u00e3o da Epifania e da Festa do Batismo do Senhor, nos despedimos das festividades natalinas. Encerram-se as celebra\u00e7\u00f5es, mas permanece seu sentido, em todos os dias do ano.<\/p>\n<p style=\"text-align: justify\">Em primeiro lugar, \u00e9 importante recordar que o Menino Jesus que contemplamos no pres\u00e9pio, com Maria e Jos\u00e9, \u00e9 o mesmo Jesus de Nazar\u00e9, o Cristo, que pregou o Evangelho do Reino de Deus, foi morto na cruz e ressuscitou para nos salvar. A f\u00e9 crist\u00e3 sempre parte de Cristo. N\u00e3o s\u00e3o f\u00e1bulas inventadas ou grandes teorias, mas um personagem hist\u00f3rico, cujo nascimento se deu no tempo de C\u00e9sar Augusto, o qual ordenou que, sob Quirino, se fizesse um recenseamento na S\u00edria (cf. Lc 2,1-3). Portanto, um evento que tocou a hist\u00f3ria humana e seu significado abarca todos os tempos e, ao mesmo tempo, nos remete ao Emanuel, Deus conosco. \u00a0Nele Deus mostrou seu rosto, revelou seu amor por n\u00f3s, \u201ctrabalhou com m\u00e3os humanas, pensou com uma intelig\u00eancia humana, agiu com uma vontade humana, amou com um cora\u00e7\u00e3o humano. Nascendo da Virgem Maria, tornou-se verdadeiramente um de n\u00f3s, semelhante a n\u00f3s em tudo, exceto no pecado\u201d (<em>Gaudium et Spes<\/em>, n. 22). Como nos diz S\u00e3o Le\u00e3o Magno: \u201cHoje, o verbo de Deus apareceu revestido de carne; a natureza que nunca fora vis\u00edvel aos olhos humanos come\u00e7ou a ser at\u00e9 palp\u00e1vel\u201d (Serm\u00e3o de Natal 6).Portanto, o lugar para encontrarmos Deus e vivermos nossa f\u00e9 \u00e9 Jesus de Nazar\u00e9, Filho de Deus, nosso Salvador.<\/p>\n<p style=\"text-align: justify\">Deus n\u00e3o tem medo de entrar na realidade humana, de nos visitar, e qual Bom Pastor, vem em busca da ovelha perdida. \u00c9 pr\u00f3prio de Deus sair de si e vir at\u00e9 n\u00f3s, caminhar conosco, partilhar nossa vida, ouvir nossos problemas e alegrar-se conosco. Ele desceu e viveu a humildade do esvaziamento, pois \u201cn\u00e3o se apegou \u00e0 sua igualdade com Deus. Pelo contr\u00e1rio, esvaziou-se a si mesmo, assumindo a condi\u00e7\u00e3o de servo\u201d (Fl 2,6-7). Deste modo de ser de Deus, revelado a n\u00f3s no Natal do seu Filho, decorre que s\u00f3 \u00e9 poss\u00edvel ser crist\u00e3o, seguir os passos de Jesus Cristo, se nos fizermos humildes, vencermos a indiferen\u00e7a e entrarmos nas realidades do mundo. A f\u00e9 \u00e9 uma luz que tudo ilumina. Para os crist\u00e3os, \u201cn\u00e3o h\u00e1 nada verdadeiramente humano que n\u00e3o lhes ressoe no cora\u00e7\u00e3o\u201d (<em>GaudiumetSpes<\/em>, n. 1). O caminho \u00e9 fazer-se pr\u00f3ximo. A caracter\u00edstica de ser \u00e9 a humildade. O modo de agir \u00e9 a miseric\u00f3rdia. O olhar preferencial se volta para os que mais sofrem. \u00c9 a espiritualidade da encarna\u00e7\u00e3o.<\/p>\n<p style=\"text-align: justify\">O Natal nos recorda que a pessoa humana tem uma dignidade incompar\u00e1vel. Ela \u00e9 sagrada, pois quando Deus assume a nossa humanidade, une, em si, a todos os homens e mulheres de todos os tempos. Em Cristo, Deus assumiu toda humanidade. H\u00e1, portanto, uma fraternidade que antecede e move a solidariedade e a busca da paz. Nele todos nos reconhecemos, estamos vinculados por um elo que precede nossas diferen\u00e7as culturais, econ\u00f4micas, pol\u00edticas e at\u00e9 religiosas. Jesus inaugura um Reino aberto a todos os povos. Cegos, coxos e leprosos s\u00e3o convidados para o banquete. Procura os publicanos e os pecadores: veio tamb\u00e9m para eles. Alegra-se com os que t\u00eam f\u00e9 e o acolhem. Enfim, Cristo \u00e9 luz para iluminar todos os povos no caminho da salva\u00e7\u00e3o.<\/p>\n<p>&nbsp;<\/p>\n","protected":false},"excerpt":{"rendered":"<p>Dom Adelar Baruffi Bispo de Cruz Alta &nbsp; Com a celebra\u00e7\u00e3o da Epifania e da Festa do Batismo do Senhor, nos despedimos das festividades natalinas. Encerram-se as celebra\u00e7\u00f5es, mas permanece seu sentido, em todos os dias do ano. Em primeiro lugar, \u00e9 importante recordar que o Menino Jesus que contemplamos no pres\u00e9pio, com Maria e &hellip;<\/p>\n<p class=\"read-more\"> <a class=\"\" href=\"https:\/\/www.cnbb.org.br\/o-natal-continua\/\"> <span class=\"screen-reader-text\">O Natal continua<\/span> Leia mais &raquo;<\/a><\/p>\n","protected":false},"author":26,"featured_media":0,"comment_status":"closed","ping_status":"open","sticky":false,"template":"","format":"standard","meta":{"site-sidebar-layout":"default","site-content-layout":"default","ast-global-header-display":"","ast-banner-title-visibility":"","ast-main-header-display":"","ast-hfb-above-header-display":"","ast-hfb-below-header-display":"","ast-hfb-mobile-header-display":"","site-post-title":"","ast-breadcrumbs-content":"","ast-featured-img":"","footer-sml-layout":"","theme-transparent-header-meta":"","adv-header-id-meta":"","stick-header-meta":"","header-above-stick-meta":"","header-main-stick-meta":"","header-below-stick-meta":""},"categories":[758],"tags":[],"acf":[],"_links":{"self":[{"href":"https:\/\/www.cnbb.org.br\/cnbb-app\/wp\/v2\/posts\/8573"}],"collection":[{"href":"https:\/\/www.cnbb.org.br\/cnbb-app\/wp\/v2\/posts"}],"about":[{"href":"https:\/\/www.cnbb.org.br\/cnbb-app\/wp\/v2\/types\/post"}],"author":[{"embeddable":true,"href":"https:\/\/www.cnbb.org.br\/cnbb-app\/wp\/v2\/users\/26"}],"replies":[{"embeddable":true,"href":"https:\/\/www.cnbb.org.br\/cnbb-app\/wp\/v2\/comments?post=8573"}],"version-history":[{"count":0,"href":"https:\/\/www.cnbb.org.br\/cnbb-app\/wp\/v2\/posts\/8573\/revisions"}],"wp:attachment":[{"href":"https:\/\/www.cnbb.org.br\/cnbb-app\/wp\/v2\/media?parent=8573"}],"wp:term":[{"taxonomy":"category","embeddable":true,"href":"https:\/\/www.cnbb.org.br\/cnbb-app\/wp\/v2\/categories?post=8573"},{"taxonomy":"post_tag","embeddable":true,"href":"https:\/\/www.cnbb.org.br\/cnbb-app\/wp\/v2\/tags?post=8573"}],"curies":[{"name":"wp","href":"https:\/\/api.w.org\/{rel}","templated":true}]}}