{"id":857503,"date":"2021-10-04T12:18:03","date_gmt":"2021-10-04T15:18:03","guid":{"rendered":"https:\/\/www.cnbb.org.br\/?p=857503"},"modified":"2021-10-04T12:20:55","modified_gmt":"2021-10-04T15:20:55","slug":"sao-francisco-de-assis-fraternidade-humana","status":"publish","type":"post","link":"https:\/\/www.cnbb.org.br\/sao-francisco-de-assis-fraternidade-humana\/","title":{"rendered":"S\u00e3o Francisco de Assis, inspira\u00e7\u00e3o para a fraternidade humana, \u00e9 celebrado nesta segunda-feira, 4 de outubro"},"content":{"rendered":"<div class=\"div-secao-liturgia\">\n<p>A Igreja celebra nesta segunda-feira, 4 de outubro, a mem\u00f3ria de S\u00e3o Francisco de Assis, santo que atuou de forma importante na hist\u00f3ria, tanto na funda\u00e7\u00e3o da Ordem Franciscana, quanto na pr\u00f3pria restaura\u00e7\u00e3o das realidades eclesiais do seu tempo. \u00c9 de S\u00e3o Francisco tamb\u00e9m o compromisso e a dedica\u00e7\u00e3o com a cria\u00e7\u00e3o e o di\u00e1logo com outras religi\u00f5es em vista da promo\u00e7\u00e3o da paz. O Papa Francisco, na atualidade, resgata muitas das contribui\u00e7\u00f5es daquele que inspirou o nome para seu minist\u00e9rio petrino e algumas dire\u00e7\u00f5es para seu magist\u00e9rio, de modo particular no campo da fraternidade humana.<\/p>\n<blockquote><p>Na liturgia, a Igreja pede que Deus, que fez <span style=\"font-size: 16px;\">s\u00e3o Francisco de Assis assemelhar-se ao Cristo por uma vida de humildade e pobreza, conceda que, &#8220;trilhando o mesmo caminho, sigamos fielmente o vosso filho, unindo-nos convosco na perfeita alegria&#8221;.<\/span><\/p><\/blockquote>\n<h3>Bergoglio e S\u00e3o Francisco<\/h3>\n<p>Em artigo publicado em Vatican News, na v\u00e9spera do segundo anivers\u00e1rio da assinatura do Documento sobre a Fraternidade Humana, em fevereiro deste ano, o jornalista <span style=\"font-size: 16px;\">Amedeo Lomonaco, recordou que, logo no in\u00edcio do pontificado Bergoglio j\u00e1 indicava a\u00a0<\/span>dire\u00e7\u00e3o que acompanharia o seu magist\u00e9rio. Na homilia do dia 19 de mar\u00e7o, o Santo Padre disse: &#8220;A voca\u00e7\u00e3o de salvaguarda n\u00e3o diz respeito somente a n\u00f3s crist\u00e3os, ela tem uma dimens\u00e3o que precede e \u00e9 simplesmente humana, ela diz respeito a todos. \u00c9 a cust\u00f3dia de toda a cria\u00e7\u00e3o, a beleza da cria\u00e7\u00e3o, como nos \u00e9 dito no Livro do G\u00eanesis e como S\u00e3o Francisco nos mostrou: \u00e9 ter respeito por toda criatura de Deus e pelo ambiente em que vivemos&#8221;.<\/p>\n<\/div>\n<p>Mais recentemente, na Fratelli tutti, Francisco recorda o Pobrezinho de Assis: O santo, segundo o Papa, &#8220;convida a um amor que vai al\u00e9m das barreiras da geografia e do espa\u00e7o&#8221; e declara aben\u00e7oado &#8220;aquele que ama o outro quando est\u00e1 longe dele, como se estivesse ao seu lado&#8221;. Com estas poucas e simples palavras &#8211; enfatiza o Papa &#8211; S\u00e3o Francisco explicou &#8220;o essencial de uma fraternidade aberta, que nos permite reconhecer, apreciar e amar cada pessoa al\u00e9m da proximidade f\u00edsica, al\u00e9m do lugar do mundo onde nasceu ou onde vive&#8221;.<\/p>\n<p><a href=\"https:\/\/www.vaticannews.va\/pt\/papa\/news\/2021-02\/papa-francisco-fraternidade-sao-francisco.html\" target=\"_blank\" rel=\"noopener\">Confira o artigo de <span style=\"font-size: 16px;\">Amedeo Lomonaco na \u00edntegra.<\/span><\/a><\/p>\n<div class=\"div-secao-liturgia\"><\/div>\n<div class=\"div-secao-liturgia\">\n<p>&nbsp;<\/p>\n<h3 class=\"article__title\">Respeito ao ser humano, \u00e0 cria\u00e7\u00e3o e ao Criador<\/h3>\n<\/div>\n<p>Na esteira das inspira\u00e7\u00f5es franciscanas, no horizonte da Fraternidade Humana, o Papa Francisco tem empreendido caminhos de constru\u00e7\u00e3o de consensos com autoridades pol\u00edticas e representantes de outras religi\u00f5es.<\/p>\n<p>No dia do primeiro anivers\u00e1rio da Enc\u00edclica\u00a0<i><a href=\"https:\/\/www.vatican.va\/content\/francesco\/pt\/encyclicals\/documents\/papa-francesco_20201003_enciclica-fratelli-tutti.html\" target=\"_blank\" rel=\"external noopener\">Fratelli tutti<\/a><\/i>, dedicada \u00e0 fraternidade humana, o Papa Francisco reuniu, nesta segunda-feira, na Sala das B\u00ean\u00e7\u00e3os, no Vaticano, cientistas, especialistas e l\u00edderes religiosos (dentre eles o Gr\u00e3o Imame de al-Azhar, Ahmad al-Tayyeb, e o Patriarca Ecum\u00eanico de Constantinopla, Bartolomeu I) para o encontro &#8220;F\u00e9 e Ci\u00eancia. Rumo \u00e0 Cop 26&#8221;. Um evento que &#8211; como diz o t\u00edtulo \u2013 olha para a confer\u00eancia clim\u00e1tica anual da ONU programada para se realizar, em Glasgow, na Esc\u00f3cia, de 31 de outubro a 12 de novembro.<\/p>\n<p>O Pont\u00edfice entregou aos participantes seu discurso escrito, no qual faz um apelo a adotar comportamentos e a\u00e7\u00f5es modelados na &#8216;interdepend\u00eancia&#8217; e &#8216;corresponsabilidade&#8217; para neutralizar as &#8216;sementes do conflito&#8217; que prejudicam o meio ambiente e a pessoa humana.<\/p>\n<h2>Uma \u00fanica fam\u00edlia humana<\/h2>\n<p>No discurso entregue, o Pont\u00edfice recorda que \u201co encontro de hoje, que une muitas culturas e espiritualidades num esp\u00edrito de fraternidade, refor\u00e7a a consci\u00eancia de que somos membros de uma \u00fanica fam\u00edlia humana: cada um de n\u00f3s tem a sua pr\u00f3pria f\u00e9 e tradi\u00e7\u00e3o espiritual, mas n\u00e3o existem fronteiras e barreiras culturais, pol\u00edticas ou sociais que nos permitam isolar-nos\u201d.<\/p>\n<p>Francisco indica tr\u00eas conceitos-chave para refletir sobre esta colabora\u00e7\u00e3o rec\u00edproca:<\/p>\n<div>\n<div class=\"article__embed article__embed--border embed_style\">\n<blockquote><p>\u201cO olhar de interdepend\u00eancia e partilha, o motor do amor e a voca\u00e7\u00e3o ao respeito.\u201d<\/p><\/blockquote>\n<h2>Interdepend\u00eancia e partilha<\/h2>\n<p>O Papa parte do conceito de &#8220;harmonia divina&#8221; presente no mundo natural, o que demonstra que &#8220;nenhuma criatura \u00e9 suficiente a si mesma. Cada uma existe apenas na depend\u00eancia das outras, para se completarem mutuamente, a servi\u00e7o umas das outras&#8221;. &#8220;Plantas, \u00e1guas, seres vivos s\u00e3o guiados por uma lei nelas impressa por Deus para o bem de toda a cria\u00e7\u00e3o&#8221;, enfatiza o Pont\u00edfice.<\/p>\n<p><i>Reconhecer que o mundo est\u00e1 interconectado significa n\u00e3o apenas compreender as consequ\u00eancias nefastas de nossas a\u00e7\u00f5es, mas tamb\u00e9m identificar comportamentos e solu\u00e7\u00f5es que devem ser adotados com olhos abertos para a interdepend\u00eancia e a partilha.\u00a0<\/i><\/p>\n<p>&nbsp;<\/p>\n<\/div>\n<pre><a href=\"https:\/\/www.vaticannews.va\/pt\/papa\/news\/2021-10\/papa-francisco-fe-ciencia-vaticano-cop-26-glasgow.html\" target=\"_blank\" rel=\"noopener\">Com informa\u00e7\u00f5es e fotos de Vatican News<\/a><\/pre>\n<\/div>\n<p>&nbsp;<\/p>\n<div class=\"iframely-embed\">\n<div class=\"iframely-responsive\" style=\"padding-bottom: 56.3%; padding-top: 120px;\"><a href=\"https:\/\/www.cnbb.org.br\/no-tumulo-de-sao-francisco-o-papa-assina-a-sua-terceira-enciclica-fratelli-tutti-que-sera-apresentada-no-domingo-4-de-outubro\/\" data-iframely-url=\"\/\/cdn.iframe.ly\/w2bNjfR?maxheight=750\"><\/a><\/div>\n<\/div>\n<p><script async src=\"\/\/cdn.iframe.ly\/embed.js\" charset=\"utf-8\"><\/script><\/p>\n<p>&nbsp;<\/p>\n<div class=\"iframely-embed\">\n<div class=\"iframely-responsive\" style=\"height: 140px; padding-bottom: 0;\"><a href=\"https:\/\/www.cnbb.org.br\/sao-francisco-de-assis-e-a-fraternidade-universal\/\" data-iframely-url=\"\/\/cdn.iframe.ly\/QrYUgzg?maxheight=750\"><\/a><\/div>\n<\/div>\n<p><script async src=\"\/\/cdn.iframe.ly\/embed.js\" charset=\"utf-8\"><\/script><\/p>\n<p>&nbsp;<\/p>\n","protected":false},"excerpt":{"rendered":"<p>O Papa Francisco resgata muitas das contribui\u00e7\u00f5es do santo de Assis , de modo particular no campo da fraternidade humana. Nesta segunda, o Papa reuniu, no Vaticano, cientistas, especialistas e l\u00edderes religiosos para o encontro &#8220;F\u00e9 e Ci\u00eancia. Rumo \u00e0 Cop 26, fazendo um apelo por &#8216;interdepend\u00eancia&#8217; e &#8216;corresponsabilidade&#8217; para neutralizar as &#8216;sementes do conflito&#8217; que prejudicam o meio ambiente e a pessoa humana<\/p>\n","protected":false},"author":83,"featured_media":857510,"comment_status":"open","ping_status":"open","sticky":false,"template":"","format":"standard","meta":{"site-sidebar-layout":"default","site-content-layout":"default","ast-global-header-display":"","ast-banner-title-visibility":"","ast-main-header-display":"","ast-hfb-above-header-display":"","ast-hfb-below-header-display":"","ast-hfb-mobile-header-display":"","site-post-title":"","ast-breadcrumbs-content":"","ast-featured-img":"","footer-sml-layout":"","theme-transparent-header-meta":"default","adv-header-id-meta":"","stick-header-meta":"","header-above-stick-meta":"","header-main-stick-meta":"","header-below-stick-meta":""},"categories":[50,784],"tags":[2817,1199,2942],"acf":[],"_links":{"self":[{"href":"https:\/\/www.cnbb.org.br\/cnbb-app\/wp\/v2\/posts\/857503"}],"collection":[{"href":"https:\/\/www.cnbb.org.br\/cnbb-app\/wp\/v2\/posts"}],"about":[{"href":"https:\/\/www.cnbb.org.br\/cnbb-app\/wp\/v2\/types\/post"}],"author":[{"embeddable":true,"href":"https:\/\/www.cnbb.org.br\/cnbb-app\/wp\/v2\/users\/83"}],"replies":[{"embeddable":true,"href":"https:\/\/www.cnbb.org.br\/cnbb-app\/wp\/v2\/comments?post=857503"}],"version-history":[{"count":0,"href":"https:\/\/www.cnbb.org.br\/cnbb-app\/wp\/v2\/posts\/857503\/revisions"}],"wp:featuredmedia":[{"embeddable":true,"href":"https:\/\/www.cnbb.org.br\/cnbb-app\/wp\/v2\/media\/857510"}],"wp:attachment":[{"href":"https:\/\/www.cnbb.org.br\/cnbb-app\/wp\/v2\/media?parent=857503"}],"wp:term":[{"taxonomy":"category","embeddable":true,"href":"https:\/\/www.cnbb.org.br\/cnbb-app\/wp\/v2\/categories?post=857503"},{"taxonomy":"post_tag","embeddable":true,"href":"https:\/\/www.cnbb.org.br\/cnbb-app\/wp\/v2\/tags?post=857503"}],"curies":[{"name":"wp","href":"https:\/\/api.w.org\/{rel}","templated":true}]}}