{"id":857595,"date":"2021-10-05T18:34:34","date_gmt":"2021-10-05T21:34:34","guid":{"rendered":"https:\/\/www.cnbb.org.br\/?p=857595"},"modified":"2021-10-05T18:34:34","modified_gmt":"2021-10-05T21:34:34","slug":"escola-de-fe-e-cidadania-dom-adriano-hypolito-lanca-curso-sobre-a-doutrina-social-da-igreja-nesta-quarta-feira-6","status":"publish","type":"post","link":"https:\/\/www.cnbb.org.br\/escola-de-fe-e-cidadania-dom-adriano-hypolito-lanca-curso-sobre-a-doutrina-social-da-igreja-nesta-quarta-feira-6\/","title":{"rendered":"Escola de F\u00e9 e Cidadania dom Adriano Hyp\u00f3lito lan\u00e7a Curso Sobre a Doutrina Social da Igreja, nesta quarta-feira (6)"},"content":{"rendered":"<p style=\"text-align: justify;\">Prestes a completar dois anos desde o seu lan\u00e7amento na Festa de Cristo Rei em 2019, a Escola de F\u00e9 e Cidadania Dom Adriano Hyp\u00f3lito, da diocese de Nova Igua\u00e7u (RJ), d\u00e1 in\u00edcio nesta quarta-feira, 6 de outubro, o Curso de Introdu\u00e7\u00e3o \u00e0 Doutrina Social da Igreja. Ser\u00e3o ao todo quatro encontros online com transmiss\u00e3o pelo canal da diocese no YouTube.<\/p>\n<p style=\"text-align: justify;\">Com os estudos preliminares do Texto Base da Campanha da Fraternidade 2022 que abordar\u00e1 a tem\u00e1tica da Educa\u00e7\u00e3o, vimos no n. 266 (Agir) a fala sobre as Escolas de F\u00e9 e Cidadania, onde se pontua que essas iniciativas t\u00eam a miss\u00e3o de trazer \u00e0 luz da Doutrina Social da Igreja para a vida e atua\u00e7\u00e3o dos crist\u00e3os na sociedade, lan\u00e7ar\u00e1 nesta quarta-feira o Curso de Introdu\u00e7\u00e3o \u00e0 Doutrina Social da Igreja.<\/p>\n<p style=\"text-align: justify;\"><em>\u201cAcolhemos este desafio com alegria porque confirma o que j\u00e1 est\u00e1vamos programando para o m\u00eas de outubro, o Curso de Introdu\u00e7\u00e3o \u00e0 Doutrina Social da Igreja, como continuidade do Curso Irm\u00e3 Filomena e em prepara\u00e7\u00e3o \u00e0 Campanha da Fraternidade sobre a Educa\u00e7\u00e3o. Esperamos que muitos possam aproveitar esta oportunidade para conhecer este aspecto que muitos n\u00e3o conhecem e por isso sequer t\u00eam condi\u00e7\u00f5es de praticar\u201d<\/em>, diz Padre Costanzo Bruno, Animador da Campanha da Fraternidade.<\/p>\n<p>A Escola de F\u00e9 e Cidadania Dom Adriano Hyp\u00f3lito realizou o primeiro curso de forma\u00e7\u00e3o que leva o nome de Curso Irm\u00e3 Filomena de Forma\u00e7\u00e3o para Leigos e Leigas, encerrado no dia 29 de setembro.<\/p>\n<p style=\"text-align: justify;\">\u00a0Voc\u00ea poder\u00e1 acessar o link de cada dia do curso clicando no tema de cada aula abaixo.<\/p>\n<p style=\"text-align: justify;\"><strong>Programa\u00e7\u00e3o:<\/strong><\/p>\n<p style=\"text-align: justify;\"><a href=\"https:\/\/www.youtube.com\/watch?v=iBT2o6yy1fM\" data-rel=\"lightbox-video-0\" target=\"_blank\" rel=\"noopener noreferrer\"><strong>\u2013 Quarta, 06 de outubro (19h)<\/strong><\/a><\/p>\n<p style=\"text-align: justify;\">Fontes e Fundamentos da Doutrina Social da Igreja<\/p>\n<p style=\"text-align: justify;\">Assessoria: Padre Geraldo Marques, Arquidiocese do Rio<\/p>\n<p style=\"text-align: justify;\"><a href=\"https:\/\/www.youtube.com\/watch?v=VJe9-R08xS0\" data-rel=\"lightbox-video-1\" target=\"_blank\" rel=\"noopener noreferrer\"><strong>\u2013 Quarta, 13 de outubro (19h)<\/strong><\/a><\/p>\n<p style=\"text-align: justify;\">Princ\u00edpios da Doutrina Social da Igreja<\/p>\n<p style=\"text-align: justify;\">Assessoria: Padre Paulo Adolfo, CEFEP<\/p>\n<p style=\"text-align: justify;\"><a href=\"https:\/\/www.youtube.com\/watch?v=VZQ3HQQv8A4\" data-rel=\"lightbox-video-2\" target=\"_blank\" rel=\"noopener noreferrer\"><strong>\u2013 Quarta, 20 de outubro (19h)<\/strong><\/a><\/p>\n<p style=\"text-align: justify;\">As Enc\u00edclicas Sociais da Igreja<\/p>\n<p style=\"text-align: justify;\">Assessoria: Carl\u00facia Maria, CNLB<\/p>\n<p style=\"text-align: justify;\"><a href=\"https:\/\/www.youtube.com\/watch?v=2wigNJeUUy0\" data-rel=\"lightbox-video-3\" target=\"_blank\" rel=\"noopener noreferrer\"><strong>\u2013 Quarta, 27 de outubro (19h)<\/strong><\/a><\/p>\n<p style=\"text-align: justify;\">A DSI e os Desafios Atuais \u2013 O que Fazer?<\/p>\n<p style=\"text-align: justify;\">Assessoria: Equipe da Escola de F\u00e9 e Cidadania<\/p>\n","protected":false},"excerpt":{"rendered":"<p>Prestes a completar dois anos desde o seu lan\u00e7amento na Festa de Cristo Rei em 2019, a Escola de F\u00e9 e Cidadania Dom Adriano Hyp\u00f3lito, da diocese de Nova Igua\u00e7u (RJ), d\u00e1 in\u00edcio nesta quarta-feira, 6 de outubro, o Curso de Introdu\u00e7\u00e3o \u00e0 Doutrina Social da Igreja. Ser\u00e3o ao todo quatro encontros online com transmiss\u00e3o &hellip;<\/p>\n<p class=\"read-more\"> <a class=\"\" href=\"https:\/\/www.cnbb.org.br\/escola-de-fe-e-cidadania-dom-adriano-hypolito-lanca-curso-sobre-a-doutrina-social-da-igreja-nesta-quarta-feira-6\/\"> <span class=\"screen-reader-text\">Escola de F\u00e9 e Cidadania dom Adriano Hyp\u00f3lito lan\u00e7a Curso Sobre a Doutrina Social da Igreja, nesta quarta-feira (6)<\/span> Leia mais &raquo;<\/a><\/p>\n","protected":false},"author":83,"featured_media":857596,"comment_status":"open","ping_status":"open","sticky":false,"template":"","format":"standard","meta":{"site-sidebar-layout":"default","site-content-layout":"default","ast-global-header-display":"","ast-banner-title-visibility":"","ast-main-header-display":"","ast-hfb-above-header-display":"","ast-hfb-below-header-display":"","ast-hfb-mobile-header-display":"","site-post-title":"","ast-breadcrumbs-content":"","ast-featured-img":"","footer-sml-layout":"","theme-transparent-header-meta":"default","adv-header-id-meta":"","stick-header-meta":"","header-above-stick-meta":"","header-main-stick-meta":"","header-below-stick-meta":""},"categories":[787],"tags":[3983,3650],"acf":[],"_links":{"self":[{"href":"https:\/\/www.cnbb.org.br\/cnbb-app\/wp\/v2\/posts\/857595"}],"collection":[{"href":"https:\/\/www.cnbb.org.br\/cnbb-app\/wp\/v2\/posts"}],"about":[{"href":"https:\/\/www.cnbb.org.br\/cnbb-app\/wp\/v2\/types\/post"}],"author":[{"embeddable":true,"href":"https:\/\/www.cnbb.org.br\/cnbb-app\/wp\/v2\/users\/83"}],"replies":[{"embeddable":true,"href":"https:\/\/www.cnbb.org.br\/cnbb-app\/wp\/v2\/comments?post=857595"}],"version-history":[{"count":0,"href":"https:\/\/www.cnbb.org.br\/cnbb-app\/wp\/v2\/posts\/857595\/revisions"}],"wp:featuredmedia":[{"embeddable":true,"href":"https:\/\/www.cnbb.org.br\/cnbb-app\/wp\/v2\/media\/857596"}],"wp:attachment":[{"href":"https:\/\/www.cnbb.org.br\/cnbb-app\/wp\/v2\/media?parent=857595"}],"wp:term":[{"taxonomy":"category","embeddable":true,"href":"https:\/\/www.cnbb.org.br\/cnbb-app\/wp\/v2\/categories?post=857595"},{"taxonomy":"post_tag","embeddable":true,"href":"https:\/\/www.cnbb.org.br\/cnbb-app\/wp\/v2\/tags?post=857595"}],"curies":[{"name":"wp","href":"https:\/\/api.w.org\/{rel}","templated":true}]}}