{"id":857695,"date":"2021-10-07T15:43:06","date_gmt":"2021-10-07T18:43:06","guid":{"rendered":"https:\/\/www.cnbb.org.br\/?p=857695"},"modified":"2021-10-07T15:43:06","modified_gmt":"2021-10-07T18:43:06","slug":"beatificacao-de-pauline-jaricot-fundadora-da-pontificia-obra-da-propagacao-da-fe-e-anunciada-para-maio-de-2022","status":"publish","type":"post","link":"https:\/\/www.cnbb.org.br\/beatificacao-de-pauline-jaricot-fundadora-da-pontificia-obra-da-propagacao-da-fe-e-anunciada-para-maio-de-2022\/","title":{"rendered":"Beatifica\u00e7\u00e3o de Pauline Jaricot, fundadora da Pontif\u00edcia obra da Propaga\u00e7\u00e3o da f\u00e9, \u00e9 anunciada para maio de 2022"},"content":{"rendered":"<p style=\"text-align: justify;\">Pauline Jaricot ser\u00e1 beatificada em 22 de maio de 2022. O an\u00fancio foi feito pelo Secret\u00e1rio-Geral das Pontif\u00edcias Obras Mission\u00e1rias (POM) na Fran\u00e7a, Ga\u00ebtan Boucharlat de Chazotte, por meio de uma mensagem em v\u00eddeo, recebida pela Ag\u00eancia Fides. O fundador da Associa\u00e7\u00e3o para a Propaga\u00e7\u00e3o da F\u00e9 e o Movimento do Ros\u00e1rio Vivo ser\u00e1 elevado \u00e0 honra dos altares de Lyon no dia 22 de maio, no bicenten\u00e1rio da funda\u00e7\u00e3o da Pontif\u00edcia Obra para a Propaga\u00e7\u00e3o da F\u00e9 (POPF), durante a celebra\u00e7\u00e3o eucar\u00edstica presidida pelo prefeito da Congrega\u00e7\u00e3o para a Evangeliza\u00e7\u00e3o dos Povos, Cardeal Luis Antonio Tagle.<\/p>\n<p style=\"text-align: justify;\">Maria Jaricot (1799-1862), fundadora da Pontif\u00edcia Obra para a Propaga\u00e7\u00e3o da F\u00e9, foi declarada Vener\u00e1vel em 25 de fevereiro de 1963, por S\u00e3o Jo\u00e3o XXIII. Em 26 de maio de 2020, o Papa Francisco autorizou a publica\u00e7\u00e3o do decreto que reconhece o milagre atribu\u00eddo \u00e0 intercess\u00e3o do Vener\u00e1vel.<\/p>\n<p style=\"text-align: justify;\">Nascida em uma fam\u00edlia rica em Lyon, ap\u00f3s 15 anos de vida rica, ela experimentou sofrimento f\u00edsico e espiritual, contexto em que teve uma profunda experi\u00eancia de Deus, por meio dos sacramentos.<\/p>\n<p style=\"text-align: justify;\"><img decoding=\"async\" loading=\"lazy\" class=\" wp-image-857696 alignright\" src=\"https:\/\/www.cnbb.org.br\/wp-content\/uploads\/2021\/10\/Pauline-Jaricot.jpeg\" alt=\"\" width=\"360\" height=\"240\" srcset=\"https:\/\/www.cnbb.org.br\/wp-content\/uploads\/2021\/10\/Pauline-Jaricot.jpeg 768w, https:\/\/www.cnbb.org.br\/wp-content\/uploads\/2021\/10\/Pauline-Jaricot-300x200.jpeg 300w, https:\/\/www.cnbb.org.br\/wp-content\/uploads\/2021\/10\/Pauline-Jaricot-391x260.jpeg 391w, https:\/\/www.cnbb.org.br\/wp-content\/uploads\/2021\/10\/Pauline-Jaricot-500x333.jpeg 500w\" sizes=\"(max-width: 360px) 100vw, 360px\" \/>O perd\u00e3o e a ora\u00e7\u00e3o profunda a levaram a superar um grave trauma e a partir daquele momento sua vida mudou radicalmente. Paulina veio consagrar sua vida a Deus por voto solene na capela de Nossa Senhora de Fourvi\u00e8re em Lyon e se dedicou exclusivamente a servir a Deus nos pobres e enfermos, visitando diariamente hospitais e incur\u00e1veis, colocando ataduras em suas feridas e oferecendo palavras de conforto. A ajuda aos necessitados foi acompanhada por uma vida de intensa ora\u00e7\u00e3o, recebendo a Eucaristia diariamente, intercedendo pela convers\u00e3o dos pecadores e pela evangeliza\u00e7\u00e3o do mundo.<\/p>\n<p style=\"text-align: justify;\">Percebendo as dificuldades econ\u00f4micas das miss\u00f5es, Pauline promoveu iniciativas de arrecada\u00e7\u00e3o de fundos: assim nasceu o que mais tarde seria chamado de \u201cObra de Propaga\u00e7\u00e3o da F\u00e9\u201d, que foi oficialmente fundada em 3 de maio de 1822.<\/p>\n<p style=\"text-align: justify;\"><strong>Campanha Mission\u00e1ria no Brasil distribui santinho de Paulina\u00a0<\/strong><br \/>\nPara animar o m\u00eas mission\u00e1rio, foram distribu\u00eddos para todas as dioceses do Brasil santinhos com a Ora\u00e7\u00e3o Mission\u00e1ria. A imagem escolhida neste ano \u00e9 de Paulina Jaricot, em vista das celebra\u00e7\u00f5es previstas para 2022.<\/p>\n<p style=\"text-align: justify;\">Presente em 130 pa\u00edses, as POM celebram no pr\u00f3ximo ano os 200 anos da Pontif\u00edcia Obra da Propaga\u00e7\u00e3o da F\u00e9, 100 anos de eleva\u00e7\u00e3o do car\u00e1ter pontif\u00edcio das Obras e 400 anos da Congrega\u00e7\u00e3o para a Evangeliza\u00e7\u00e3o dos Povos.<\/p>\n<p style=\"text-align: justify;\"><a href=\"https:\/\/www.pom.org.br\/wp-content\/uploads\/2021\/05\/Santinho-Paulina_Jaricot.pdf\" target=\"_blank\" rel=\"noopener\">Acesse aqui o santinho com a ora\u00e7\u00e3o do m\u00eas mission\u00e1rio<\/a><\/p>\n<pre><em>Fonte: Ag\u00eancia Fides e Pontif\u00edcias Obras Mission\u00e1rias (POM)<\/em><\/pre>\n","protected":false},"excerpt":{"rendered":"<p>O an\u00fancio foi feito pelo Secret\u00e1rio-Geral das Pontif\u00edcias Obras Mission\u00e1rias (POM) na Fran\u00e7a, Ga\u00ebtan Boucharlat de Chazotte, por meio de uma mensagem em v\u00eddeo, recebida pela Ag\u00eancia Fides. Para animar o m\u00eas mission\u00e1rio, foram distribu\u00eddos para todas as dioceses do Brasil santinhos de Paulina Jaricot com a Ora\u00e7\u00e3o Mission\u00e1ria. A imagem escolhida em vista das celebra\u00e7\u00f5es previstas para 2022<\/p>\n","protected":false},"author":83,"featured_media":857697,"comment_status":"open","ping_status":"open","sticky":false,"template":"","format":"standard","meta":{"site-sidebar-layout":"default","site-content-layout":"default","ast-global-header-display":"","ast-banner-title-visibility":"","ast-main-header-display":"","ast-hfb-above-header-display":"","ast-hfb-below-header-display":"","ast-hfb-mobile-header-display":"","site-post-title":"","ast-breadcrumbs-content":"","ast-featured-img":"","footer-sml-layout":"","theme-transparent-header-meta":"default","adv-header-id-meta":"","stick-header-meta":"","header-above-stick-meta":"","header-main-stick-meta":"","header-below-stick-meta":""},"categories":[50,826],"tags":[],"acf":[],"_links":{"self":[{"href":"https:\/\/www.cnbb.org.br\/cnbb-app\/wp\/v2\/posts\/857695"}],"collection":[{"href":"https:\/\/www.cnbb.org.br\/cnbb-app\/wp\/v2\/posts"}],"about":[{"href":"https:\/\/www.cnbb.org.br\/cnbb-app\/wp\/v2\/types\/post"}],"author":[{"embeddable":true,"href":"https:\/\/www.cnbb.org.br\/cnbb-app\/wp\/v2\/users\/83"}],"replies":[{"embeddable":true,"href":"https:\/\/www.cnbb.org.br\/cnbb-app\/wp\/v2\/comments?post=857695"}],"version-history":[{"count":0,"href":"https:\/\/www.cnbb.org.br\/cnbb-app\/wp\/v2\/posts\/857695\/revisions"}],"wp:featuredmedia":[{"embeddable":true,"href":"https:\/\/www.cnbb.org.br\/cnbb-app\/wp\/v2\/media\/857697"}],"wp:attachment":[{"href":"https:\/\/www.cnbb.org.br\/cnbb-app\/wp\/v2\/media?parent=857695"}],"wp:term":[{"taxonomy":"category","embeddable":true,"href":"https:\/\/www.cnbb.org.br\/cnbb-app\/wp\/v2\/categories?post=857695"},{"taxonomy":"post_tag","embeddable":true,"href":"https:\/\/www.cnbb.org.br\/cnbb-app\/wp\/v2\/tags?post=857695"}],"curies":[{"name":"wp","href":"https:\/\/api.w.org\/{rel}","templated":true}]}}