{"id":857733,"date":"2021-10-08T12:23:15","date_gmt":"2021-10-08T15:23:15","guid":{"rendered":"https:\/\/www.cnbb.org.br\/?p=857733"},"modified":"2021-10-08T14:45:19","modified_gmt":"2021-10-08T17:45:19","slug":"evangelho-da-vida","status":"publish","type":"post","link":"https:\/\/www.cnbb.org.br\/evangelho-da-vida\/","title":{"rendered":"Evangelho da vida\u00a0"},"content":{"rendered":"<p style=\"text-align: right;\"><strong>Dom Walmor Oliveira de Azevedo<br \/>\nArcebispo de Belo Horizonte (MG)<\/strong><\/p>\n<p style=\"text-align: justify;\"><span data-ccp-props=\"{&quot;201341983&quot;:0,&quot;335551550&quot;:2,&quot;335551620&quot;:2,&quot;335559739&quot;:160,&quot;335559740&quot;:240}\">\u00a0<\/span><\/p>\n<p style=\"text-align: justify;\"><span data-contrast=\"auto\">O\u00a0Dia do\u00a0Nascituro,\u00a08\u00a0de outubro,\u00a0contribui para lembrar\u00a0a sociedade:\u00a0a\u00a0vida deve ser defendida\u00a0em todas as suas etapas, desde a primeira, na concep\u00e7\u00e3o, at\u00e9 a \u00faltima,\u00a0no decl\u00ednio com a morte natural.\u00a0Proteger a vida significa ser contra\u00a0o\u00a0aborto, mas tamb\u00e9m exige\u00a0uma\u00a0cr\u00edtica prof\u00e9tica\u00a0\u00e0\u00a0falta de pol\u00edticas p\u00fablicas e\u00a0a outras din\u00e2micas sociais que igualmente\u00a0matam.\u00a0O\u00a0Evangelho da vida est\u00e1 no centro da miss\u00e3o e da mensagem de Jesus. Por isso mesmo, a Igreja deve ser irrestritamente fiel aos valores do Evangelho da vida, buscando\u00a0sempre\u00a0partilh\u00e1-los.\u00a0Cen\u00e1rios e pr\u00e1ticas que amea\u00e7am a exist\u00eancia de cada pessoa devem incomodar os crist\u00e3os. Esse inc\u00f4modo aponta para a\u00a0autenticidade da f\u00e9\u00a0celebrada, professada e testemunhada.\u00a0Os\u00a0disc\u00edpulos de Jesus n\u00e3o podem estar em paz enquanto convivem com\u00a0desigualdades e\u00a0com pr\u00e1ticas que amea\u00e7am\u00a0a\u00a0inviolabilidade da vida.\u00a0\u00a0Dissociar a viv\u00eancia da f\u00e9 crist\u00e3 do compromisso com a defesa de cada pessoa, especialmente dos mais vulner\u00e1veis, \u00e9 s\u00e9rio risco, um tipo de anestesia paralisante.\u00a0E\u00a0n\u00e3o basta defender ferrenhamente\u00a0apenas\u00a0uma etapa da vida, se esquecendo, desconsiderando ou silenciando-se em rela\u00e7\u00e3o aos preju\u00edzos\u00a0cru\u00e9is\u00a0impostos \u00e0s\u00a0muitas\u00a0outras.\u00a0<\/span><span data-ccp-props=\"{&quot;201341983&quot;:0,&quot;335551550&quot;:6,&quot;335551620&quot;:6,&quot;335559739&quot;:160,&quot;335559740&quot;:240}\">\u00a0<\/span><\/p>\n<p style=\"text-align: justify;\"><span data-contrast=\"auto\">A profecia crist\u00e3 tem um dimensionamento global\u00a0\u2013 exige a defesa da vida em todas as suas\u00a0fases.\u00a0N\u00e3o se pode, pois, correr o risco de cair no desequil\u00edbrio, constituindo uma esp\u00e9cie de fanatismo a respeito de determinada etapa\u00a0enquanto se cultiva indiferen\u00e7a pelas demais. Assim, as narrativas crist\u00e3s em defesa da vida,\u00a0articulando\u00a0linguagem e compreens\u00e3o, precisam contribuir\u00a0para que a\u00a0sociedade\u00a0reconhe\u00e7a: todos t\u00eam direito de viver dignamente.\u00a0\u00c9 preciso dedicar aten\u00e7\u00e3o ao\u00a0conjunto de\u00a0estat\u00edsticas que\u00a0exp\u00f5em\u00a0atentados contra a vida. Essa realidade\u00a0deve\u00a0incomodar os\u00a0disc\u00edpulos de Cristo, chamados a constatar:\u00a0uma sociedade que se\u00a0diz crist\u00e3 \u00e9\u00a0ferida por\u00a0vergonhosas\u00a0desigualdades e privil\u00e9gios\u00a0\u2013 pesos ainda maiores\u00a0sobre os ombros\u00a0dos\u00a0pobres e desvalidos.\u00a0<\/span><span data-ccp-props=\"{&quot;201341983&quot;:0,&quot;335551550&quot;:6,&quot;335551620&quot;:6,&quot;335559739&quot;:160,&quot;335559740&quot;:240}\">\u00a0<\/span><\/p>\n<p style=\"text-align: justify;\"><span data-contrast=\"auto\">A f\u00e9 crist\u00e3\u00a0vivida com autenticidade precisa inspirar nova\u00a0compreens\u00e3o e,\u00a0consequentemente, atitudes condizentes com as\u00a0muitas li\u00e7\u00f5es do Evangelho, orientadas para a defesa da vida em\u00a0todas as suas etapas.\u00a0Trata-se de insubstitu\u00edvel ponto de partida para os disc\u00edpulos de Jesus\u00a0que evita\u00a0aliena\u00e7\u00f5es, indiferen\u00e7as, redu\u00e7\u00e3o da f\u00e9 a um instrumento intimista e subjetivista &#8211; rejeitando a sua\u00a0essencialidade, distanciando-se\u00a0do verdadeiro Deus da vida.\u00a0Distanciamento comprovado\u00a0pela car\u00eancia de mudan\u00e7as na sociedade atual,\u00a0um\u00a0palco de disputas\u00a0e manipula\u00e7\u00f5es fratricidas, homicidas e\u00a0feminicidas, com exclus\u00f5es\u00a0inaceit\u00e1veis para um aut\u00eantico crist\u00e3o.\u00a0<\/span><span data-ccp-props=\"{&quot;201341983&quot;:0,&quot;335551550&quot;:6,&quot;335551620&quot;:6,&quot;335559739&quot;:160,&quot;335559740&quot;:240}\">\u00a0<\/span><\/p>\n<p style=\"text-align: justify;\"><span data-contrast=\"auto\">O\u00a0n\u00facleo central da miss\u00e3o redentora de Jesus Cristo, sublinhado em sua palavra &#8211;\u00a0\u201cEu vim para que todos tenham vida, e a tenham em abund\u00e2ncia\u201d\u00a0&#8211;\u00a0precisa ser cotidianamente reconhecido.\u00a0A\u00a0palavra forte\u00a0do Mestre ilumina essa verdade:\u00a0homens\u00a0e mulheres\u00a0s\u00e3o chamados a uma plenitude de vida que ultrapassa as\u00a0dimens\u00f5es da exist\u00eancia terrena, por consistir em participar da pr\u00f3pria vida de Deus. A\u00ed est\u00e3o ra\u00edzes intoc\u00e1veis e inegoci\u00e1veis da sacralidade da vida.\u00a0\u00a0E\u00a0o reconhecimento de que a vida \u00e9 dom sagrado\u00a0leva\u00a0ao compromisso com a\u00a0inviolabilidade\u00a0do dom de viver de cada\u00a0pessoa,\u00a0principalmente\u00a0dos pobres e sofredores. A grandeza temporal da vida\u00a0tem ra\u00edzes na sublimidade da voca\u00e7\u00e3o sobrenatural, apontando que\u00a0a viv\u00eancia aut\u00eantica da f\u00e9 crist\u00e3\u00a0significa\u00a0prof\u00e9tica luta em defesa\u00a0do ser humano.\u00a0<\/span><span data-ccp-props=\"{&quot;201341983&quot;:0,&quot;335551550&quot;:6,&quot;335551620&quot;:6,&quot;335559739&quot;:160,&quot;335559740&quot;:240}\">\u00a0<\/span><\/p>\n<p style=\"text-align: justify;\"><span data-contrast=\"auto\">O reconhecimento\u00a0do direito \u00e0 vida,\u00a0considerando todas as suas etapas, \u00e9 o alicerce seguro\u00a0que sustenta a\u00a0conviv\u00eancia humana e a comunidade pol\u00edtica.\u00a0Cresce, pois,\u00a0a urg\u00eancia de os crist\u00e3os\u00a0&#8211;\u00a0e dos que a eles se aliam\u00a0por partilharem\u00a0convic\u00e7\u00f5es, princ\u00edpios e valores\u00a0&#8211;\u00a0anunciarem\u00a0o Evangelho da vida.\u00a0As muitas\u00a0crises na sociedade brasileira &#8211;\u00a0sanit\u00e1ria, econ\u00f4mica, pol\u00edtica, \u00e9tica, cultural \u2013\u00a0devem\u00a0interpelar\u00a0os\u00a0disc\u00edpulos de Jesus, homens e mulheres de boa vontade, para\u00a0desarmar\u00a0as armadilhas arquitetadas pela gan\u00e2ncia e pelo lucro &#8211;\u00a0com\u00a0suas\u00a0manipula\u00e7\u00f5es e inverdades\u00a0que enjaulam\u00a0cidad\u00e3os e cidad\u00e3s em l\u00f3gicas\u00a0prejudiciais ao\u00a0desabrochar da vida plena, atrasando, sempre mais, o sonho de uma sociedade impulsionada pela fraternidade universal.\u00a0<\/span><span data-ccp-props=\"{&quot;201341983&quot;:0,&quot;335551550&quot;:6,&quot;335551620&quot;:6,&quot;335559739&quot;:160,&quot;335559740&quot;:240}\">\u00a0<\/span><\/p>\n<p style=\"text-align: justify;\"><span data-contrast=\"auto\">Os crist\u00e3os n\u00e3o\u00a0ignorem a realidade desafiadora da contemporaneidade, hibernando em\u00a0\u201czonas de conforto\u201d. Ao inv\u00e9s disso,\u00a0\u00e9\u00a0urgente crescer na venera\u00e7\u00e3o e\u00a0no\u00a0compromisso com a vida do outro, especialmente do pobre e indefeso,\u00a0por uma sociedade solid\u00e1ria e fraterna. A doutrina do Evangelho da vida s\u00f3 \u00e9 vivida e testemunhada\u00a0quando\u00a0inspira a busca por rumos novos, capazes de afastar a\u00a0sociedade dos cen\u00e1rios vergonhosos da\u00a0desigualdade social e\u00a0de outros\u00a0atentados contra a vida, dom inviol\u00e1vel.\u00a0\u00c9 hora de novas l\u00f3gicas, gerando renovadas\u00a0narrativas com for\u00e7a libertadora.\u00a0Lembra bem o Papa Francisco: ningu\u00e9m se salva sozinho. Todos no mesmo barco.\u00a0Valha, de verdade, o Evangelho da vida.<\/span><span data-ccp-props=\"{&quot;201341983&quot;:0,&quot;335551550&quot;:6,&quot;335551620&quot;:6,&quot;335559739&quot;:160,&quot;335559740&quot;:240}\">\u00a0<\/span><\/p>\n<p><span data-ccp-props=\"{&quot;201341983&quot;:0,&quot;335551550&quot;:6,&quot;335551620&quot;:6,&quot;335559739&quot;:160,&quot;335559740&quot;:240}\">\u00a0<\/span><\/p>\n<p>&nbsp;<\/p>\n","protected":false},"excerpt":{"rendered":"<p>Dom Walmor Oliveira de Azevedo Arcebispo de Belo Horizonte (MG) \u00a0 O\u00a0Dia do\u00a0Nascituro,\u00a08\u00a0de outubro,\u00a0contribui para lembrar\u00a0a sociedade:\u00a0a\u00a0vida deve ser defendida\u00a0em todas as suas etapas, desde a primeira, na concep\u00e7\u00e3o, at\u00e9 a \u00faltima,\u00a0no decl\u00ednio com a morte natural.\u00a0Proteger a vida significa ser contra\u00a0o\u00a0aborto, mas tamb\u00e9m exige\u00a0uma\u00a0cr\u00edtica prof\u00e9tica\u00a0\u00e0\u00a0falta de pol\u00edticas p\u00fablicas e\u00a0a outras din\u00e2micas sociais que igualmente\u00a0matam.\u00a0O\u00a0Evangelho &hellip;<\/p>\n<p class=\"read-more\"> <a class=\"\" href=\"https:\/\/www.cnbb.org.br\/evangelho-da-vida\/\"> <span class=\"screen-reader-text\">Evangelho da vida\u00a0<\/span> Leia mais &raquo;<\/a><\/p>\n","protected":false},"author":8,"featured_media":0,"comment_status":"open","ping_status":"open","sticky":false,"template":"","format":"standard","meta":{"site-sidebar-layout":"default","site-content-layout":"default","ast-global-header-display":"","ast-banner-title-visibility":"","ast-main-header-display":"","ast-hfb-above-header-display":"","ast-hfb-below-header-display":"","ast-hfb-mobile-header-display":"","site-post-title":"","ast-breadcrumbs-content":"","ast-featured-img":"","footer-sml-layout":"","theme-transparent-header-meta":"default","adv-header-id-meta":"","stick-header-meta":"","header-above-stick-meta":"","header-main-stick-meta":"","header-below-stick-meta":""},"categories":[758,1837],"tags":[],"acf":[],"_links":{"self":[{"href":"https:\/\/www.cnbb.org.br\/cnbb-app\/wp\/v2\/posts\/857733"}],"collection":[{"href":"https:\/\/www.cnbb.org.br\/cnbb-app\/wp\/v2\/posts"}],"about":[{"href":"https:\/\/www.cnbb.org.br\/cnbb-app\/wp\/v2\/types\/post"}],"author":[{"embeddable":true,"href":"https:\/\/www.cnbb.org.br\/cnbb-app\/wp\/v2\/users\/8"}],"replies":[{"embeddable":true,"href":"https:\/\/www.cnbb.org.br\/cnbb-app\/wp\/v2\/comments?post=857733"}],"version-history":[{"count":0,"href":"https:\/\/www.cnbb.org.br\/cnbb-app\/wp\/v2\/posts\/857733\/revisions"}],"wp:attachment":[{"href":"https:\/\/www.cnbb.org.br\/cnbb-app\/wp\/v2\/media?parent=857733"}],"wp:term":[{"taxonomy":"category","embeddable":true,"href":"https:\/\/www.cnbb.org.br\/cnbb-app\/wp\/v2\/categories?post=857733"},{"taxonomy":"post_tag","embeddable":true,"href":"https:\/\/www.cnbb.org.br\/cnbb-app\/wp\/v2\/tags?post=857733"}],"curies":[{"name":"wp","href":"https:\/\/api.w.org\/{rel}","templated":true}]}}