{"id":857735,"date":"2021-10-08T12:25:47","date_gmt":"2021-10-08T15:25:47","guid":{"rendered":"https:\/\/www.cnbb.org.br\/?p=857735"},"modified":"2021-10-08T12:26:29","modified_gmt":"2021-10-08T15:26:29","slug":"o-cuidado-com-a-vida-comeca-em-casa-2","status":"publish","type":"post","link":"https:\/\/www.cnbb.org.br\/o-cuidado-com-a-vida-comeca-em-casa-2\/","title":{"rendered":"O cuidado com a vida come\u00e7a em casa\u00a0"},"content":{"rendered":"<p style=\"text-align: right;\"><strong>Dom Roberto Francisco\u00a0Ferreria\u00a0Paz\u00a0<\/strong><br \/>\n<strong>Bispo de Campos (RJ)<\/strong><\/p>\n<p>&nbsp;<\/p>\n<p style=\"text-align: justify;\"><span data-contrast=\"auto\">Com o tema sugestivo \u201cFam\u00edlia como Santu\u00e1rio da Vida\u201d, a Pastoral Familiar quer ajudar a refletir e dar caminhos de a\u00e7\u00e3o para o cuidado e prote\u00e7\u00e3o da vida, na Semana Nacional do Cuidado e Defesa da Vida. A pandemia trouxe, ao bojo, o recurso essencial da fam\u00edlia para acompanhar, cuidar dos acometidos pelo coronav\u00edrus, fazendo uma diferen\u00e7a marcante. <\/span><span data-ccp-props=\"{&quot;201341983&quot;:0,&quot;335551550&quot;:6,&quot;335551620&quot;:6,&quot;335559739&quot;:160,&quot;335559740&quot;:259}\">\u00a0<\/span><\/p>\n<p style=\"text-align: justify;\"><span data-contrast=\"auto\">A\u00a0etapa de reabilita\u00e7\u00e3o que estamos vivendo precisa tamb\u00e9m de cuidados especiais e um olhar de zelo permanente em rela\u00e7\u00e3o aos idosos ou pessoas com comorbidades, e novamente a fam\u00edlia entra em cena pelos v\u00ednculos fortes que interligam seus membros. Ainda,\u00a0\u00e9 necess\u00e1rio destacar,\u00a0que\u00a0a resili\u00eancia e a fortaleza na imunidade dependem\u00a0muito,\u00a0todos sabemos, do aspecto emocional e do afeto que encontramos em nossa casa.\u00a0<\/span><span data-ccp-props=\"{&quot;201341983&quot;:0,&quot;335551550&quot;:6,&quot;335551620&quot;:6,&quot;335559739&quot;:160,&quot;335559740&quot;:259}\">\u00a0<\/span><\/p>\n<p style=\"text-align: justify;\"><span data-contrast=\"auto\">O lar torna-se,\u00a0assim,\u00a0como dizia o grande humanista Mahatma Ghandi,\u00a0num\u00a0<\/span><i><span data-contrast=\"auto\">Ashram<\/span><\/i><span data-contrast=\"auto\">, santu\u00e1rio da vida e da paz, de descanso e restaura\u00e7\u00e3o. Hoje,\u00a0despertamos,\u00a0gra\u00e7as a Deus,\u00a0para uma consci\u00eancia planet\u00e1ria, da natureza como nossa pele, corpo e respira\u00e7\u00e3o, tudo isto mostra que,\u00a0para nos\u00a0curar, precisamos\u00a0sanar a Terra e vice-versa. Por\u00e9m,\u00a0desconsideramos que a vida humana,\u00a0que no seu in\u00edcio requisita ser acolhida com amor e ternura, solicita sempre aten\u00e7\u00e3o e relacionamentos pr\u00f3ximos e saud\u00e1veis.\u00a0<\/span><span data-ccp-props=\"{&quot;201341983&quot;:0,&quot;335551550&quot;:6,&quot;335551620&quot;:6,&quot;335559739&quot;:160,&quot;335559740&quot;:259}\">\u00a0<\/span><\/p>\n<p style=\"text-align: justify;\"><span data-contrast=\"auto\">A palavra fam\u00edlia deriva do latim\u00a0\u201c<\/span><i><span data-contrast=\"auto\">famulus\u201d<\/span><\/i><span data-contrast=\"auto\">, pr\u00f3ximo, pessoa que est\u00e1 perto, que nos atende sempre, este conceito revela algo maior e transcendente, a fam\u00edlia sempre est\u00e1, e constitui a institui\u00e7\u00e3o e o agrupamento humano que melhor acompanha e ger\u00eancia o ciclo da vida de cada pessoa. Quando carecemos da refer\u00eancia familiar,\u00a0devemos lutar dobrado para sermos algu\u00e9m e descobrir nossa miss\u00e3o\u00a0e\u00a0prop\u00f3sito.\u00a0<\/span><span data-ccp-props=\"{&quot;201341983&quot;:0,&quot;335551550&quot;:6,&quot;335551620&quot;:6,&quot;335559739&quot;:160,&quot;335559740&quot;:259}\">\u00a0<\/span><\/p>\n<p style=\"text-align: justify;\"><span data-contrast=\"auto\">Nestes tempos bicudos,\u00a0como falava o poeta M\u00e1rio Quintana,\u00a0ter uma fam\u00edlia \u00e9 contar com um ref\u00fagio, uma fortaleza espiritual e um equipamento social de primeira necessidade. Em momentos de crise, ira ou at\u00e9 descarte social, que bom\u00a0\u00e9\u00a0contar com\u00a0um lugar\u00a0onde\u00a0somos sempre aceitos e bem vindos, amados incondicionalmente pelo que somos, sem ter que demonstrar nada, mas simplesmente conviver e amar.\u00a0<\/span><span data-ccp-props=\"{&quot;201341983&quot;:0,&quot;335551550&quot;:6,&quot;335551620&quot;:6,&quot;335559739&quot;:160,&quot;335559740&quot;:259}\">\u00a0<\/span><\/p>\n<p style=\"text-align: justify;\"><span data-contrast=\"auto\">Que sejamos sempre gratos a nossa fam\u00edlia, pois ainda com suas imperfei\u00e7\u00f5es, limita\u00e7\u00f5es e defeitos, \u00e9 a melhor escola de vida e de humanismo solid\u00e1rio, onde aprendemos a ser irm\u00e3os e cidad\u00e3os. Deus seja louvado!<\/span><span data-ccp-props=\"{&quot;201341983&quot;:0,&quot;335551550&quot;:6,&quot;335551620&quot;:6,&quot;335559739&quot;:160,&quot;335559740&quot;:259}\">\u00a0<\/span><\/p>\n","protected":false},"excerpt":{"rendered":"<p>Dom Roberto Francisco\u00a0Ferreria\u00a0Paz\u00a0 Bispo de Campos (RJ) &nbsp; Com o tema sugestivo \u201cFam\u00edlia como Santu\u00e1rio da Vida\u201d, a Pastoral Familiar quer ajudar a refletir e dar caminhos de a\u00e7\u00e3o para o cuidado e prote\u00e7\u00e3o da vida, na Semana Nacional do Cuidado e Defesa da Vida. A pandemia trouxe, ao bojo, o recurso essencial da fam\u00edlia &hellip;<\/p>\n<p class=\"read-more\"> <a class=\"\" href=\"https:\/\/www.cnbb.org.br\/o-cuidado-com-a-vida-comeca-em-casa-2\/\"> <span class=\"screen-reader-text\">O cuidado com a vida come\u00e7a em casa\u00a0<\/span> Leia mais &raquo;<\/a><\/p>\n","protected":false},"author":23,"featured_media":0,"comment_status":"open","ping_status":"open","sticky":false,"template":"","format":"standard","meta":{"site-sidebar-layout":"default","site-content-layout":"default","ast-global-header-display":"","ast-banner-title-visibility":"","ast-main-header-display":"","ast-hfb-above-header-display":"","ast-hfb-below-header-display":"","ast-hfb-mobile-header-display":"","site-post-title":"","ast-breadcrumbs-content":"","ast-featured-img":"","footer-sml-layout":"","theme-transparent-header-meta":"default","adv-header-id-meta":"","stick-header-meta":"","header-above-stick-meta":"","header-main-stick-meta":"","header-below-stick-meta":""},"categories":[758],"tags":[],"acf":[],"_links":{"self":[{"href":"https:\/\/www.cnbb.org.br\/cnbb-app\/wp\/v2\/posts\/857735"}],"collection":[{"href":"https:\/\/www.cnbb.org.br\/cnbb-app\/wp\/v2\/posts"}],"about":[{"href":"https:\/\/www.cnbb.org.br\/cnbb-app\/wp\/v2\/types\/post"}],"author":[{"embeddable":true,"href":"https:\/\/www.cnbb.org.br\/cnbb-app\/wp\/v2\/users\/23"}],"replies":[{"embeddable":true,"href":"https:\/\/www.cnbb.org.br\/cnbb-app\/wp\/v2\/comments?post=857735"}],"version-history":[{"count":0,"href":"https:\/\/www.cnbb.org.br\/cnbb-app\/wp\/v2\/posts\/857735\/revisions"}],"wp:attachment":[{"href":"https:\/\/www.cnbb.org.br\/cnbb-app\/wp\/v2\/media?parent=857735"}],"wp:term":[{"taxonomy":"category","embeddable":true,"href":"https:\/\/www.cnbb.org.br\/cnbb-app\/wp\/v2\/categories?post=857735"},{"taxonomy":"post_tag","embeddable":true,"href":"https:\/\/www.cnbb.org.br\/cnbb-app\/wp\/v2\/tags?post=857735"}],"curies":[{"name":"wp","href":"https:\/\/api.w.org\/{rel}","templated":true}]}}