{"id":857944,"date":"2021-10-15T11:24:30","date_gmt":"2021-10-15T14:24:30","guid":{"rendered":"https:\/\/www.cnbb.org.br\/?p=857944"},"modified":"2021-10-15T11:24:57","modified_gmt":"2021-10-15T14:24:57","slug":"a-missao-de-participar-do-sinodo-da-igreja","status":"publish","type":"post","link":"https:\/\/www.cnbb.org.br\/a-missao-de-participar-do-sinodo-da-igreja\/","title":{"rendered":"A miss\u00e3o de\u00a0participar do S\u00ednodo da Igreja\u00a0\u00a0"},"content":{"rendered":"<p style=\"text-align: right;\"><strong>Dom Jos\u00e9 Gislon<br \/>\nBispo de Caxias do Sul (RS)<\/strong><\/p>\n<p>&nbsp;<\/p>\n<p style=\"text-align: justify;\"><span data-contrast=\"auto\">Estimados irm\u00e3os e irm\u00e3s em Cristo Jesus! Celebramos com alegria e esperan\u00e7a\u00a0o Dia Mundial das Miss\u00f5es e da Obra Pontif\u00edcia da Inf\u00e2ncia Mission\u00e1ria, neste dia 17 de outubro.\u00a0\u00c9 uma data para recordarmos o nosso compromisso em rela\u00e7\u00e3o \u00e0 f\u00e9\u00a0que\u00a0professamos, de sermos disc\u00edpulos do Senhor Jesus.\u00a0 Mission\u00e1rio n\u00e3o \u00e9 somente aquele que leva a mensagem do\u00a0Evangelho\u00a0para aqueles que n\u00e3o conhecem Jesus. O horizonte mission\u00e1rio dos nossos dias vai muito\u00a0al\u00e9m do primeiro an\u00fancio de apresentar Jesus para aqueles que n\u00e3o o conhecem.\u00a0O\u00a0maior desafio para a a\u00e7\u00e3o mission\u00e1ria na realidade de hoje \u00e9\u00a0anunciar o Evangelho \u00e0s pessoas\u00a0que vivem nas realidades urbanas, muito\u00a0pr\u00f3ximas de n\u00f3s, junto\u00a0\u00e0queles que foram batizados, mas n\u00e3o\u00a0evangelizados\u00a0nem acompanhados,\u00a0por isso n\u00e3o conheceram\u00a0nem acolheram\u00a0com a convic\u00e7\u00e3o de disc\u00edpulos a mensagem do Evangelho.\u00a0<\/span><span data-ccp-props=\"{&quot;201341983&quot;:0,&quot;335551550&quot;:6,&quot;335551620&quot;:6,&quot;335559739&quot;:0,&quot;335559740&quot;:240}\">\u00a0<\/span><\/p>\n<p style=\"text-align: justify;\"><span data-contrast=\"auto\">No peregrinar da vida,\u00a0em meio \u00e0s prova\u00e7\u00f5es, muitos crist\u00e3os viveram situa\u00e7\u00f5es de distanciamento da comunidade, da perda do sentido de perten\u00e7a \u00e0\u00a0mesma ou\u00a0passaram por situa\u00e7\u00f5es de\u00a0abandono no\u00a0acompanhamento espiritual. Todas essas realidades podem ter contribu\u00eddo para\u00a0apagar a chama da f\u00e9, que iluminava o caminho do seguimento do Mestre Jesus, levando-os \u00e0 perda do sentido de perten\u00e7a \u00e0\u00a0Igreja,\u00a0comunidade de f\u00e9.\u00a0\u00a0<\/span><span data-ccp-props=\"{&quot;201341983&quot;:0,&quot;335551550&quot;:6,&quot;335551620&quot;:6,&quot;335559739&quot;:0,&quot;335559740&quot;:240}\">\u00a0<\/span><\/p>\n<p style=\"text-align: justify;\"><span data-contrast=\"auto\">O\u00a0mission\u00e1rio \u00e9 aquele que, colocando-se a servi\u00e7o do Reino, torna vis\u00edvel a universalidade da Igreja e revela a for\u00e7a inovadora do Evangelho de Cristo, que como tal n\u00e3o conhece fronteiras. \u00c9 aquela pessoa que est\u00e1\u00a0disposta a ir ao encontro de quem n\u00e3o conhece\u00a0Jesus ou deixou de ser disc\u00edpulo. Mas para ter essa disponibilidade \u00e9 preciso ter um cora\u00e7\u00e3o inflamado pelo amor de Deus e do homem.<\/span><span data-ccp-props=\"{&quot;201341983&quot;:0,&quot;335551550&quot;:6,&quot;335551620&quot;:6,&quot;335559739&quot;:0,&quot;335559740&quot;:240}\">\u00a0<\/span><\/p>\n<p style=\"text-align: justify;\"><span data-contrast=\"auto\">Estimados diocesanos, a for\u00e7a mission\u00e1ria de uma Igreja est\u00e1 radicada no amor e se fortalece aprendendo a olhar al\u00e9m dos projetos locais e com humildade,\u00a0pondo-se a servi\u00e7o d\u2019Aquele que nos chamou \u00e0 vida. Fomos libertados por Cristo para que fic\u00e1ssemos livres (cfr. Gal 5,1) para servir melhor os outros, restituindo assim a Deus o que d\u2019Ele recebemos.<\/span><span data-ccp-props=\"{&quot;201341983&quot;:0,&quot;335551550&quot;:6,&quot;335551620&quot;:6,&quot;335559739&quot;:0,&quot;335559740&quot;:240}\">\u00a0<\/span><\/p>\n<p style=\"text-align: justify;\"><span data-contrast=\"auto\">O Papa Paulo VI,\u00a0na Exorta\u00e7\u00e3o Apost\u00f3lica\u00a0Envangelii\u00a0Nuntiandi,\u00a0afirma que o an\u00fancio \u201cda mensagem evang\u00e9lica n\u00e3o \u00e9 para a Igreja um contributo facultativo: \u00e9 o dever que a incumbe por mandato do Senhor Jesus, a fim de que os homens possam crer e ser\u00a0salvos\u201d (EN 5). A Miss\u00e3o \u00e9\u00a0\u201ca mais profunda identidade\u201d da Igreja (EN 14). A Miss\u00e3o, portanto, n\u00e3o \u00e9 apenas \u201cpregar o Evangelho em regi\u00f5es geogr\u00e1ficas sempre mais vastas ou a popula\u00e7\u00f5es sempre mais extensas, mas tamb\u00e9m de atingir e quase abalar pela for\u00e7a do Evangelho os crit\u00e9rios de ju\u00edzo, os valores determinantes, os pontos de interesse, as linhas de pensamento, as fontes inspiradoras e os modelos de vida da humanidade, que est\u00e3o em contraste com a Palavra de Deus e aos des\u00edgnios da salva\u00e7\u00e3o\u201d (EN 19).<\/span><span data-ccp-props=\"{&quot;201341983&quot;:0,&quot;335551550&quot;:6,&quot;335551620&quot;:6,&quot;335559739&quot;:0,&quot;335559740&quot;:240}\">\u00a0<\/span><\/p>\n<p style=\"text-align: justify;\"><span data-contrast=\"auto\">Como Igreja\u00a0comunidade de f\u00e9,\u00a0que se coloca na escuta de Deus, e acolhe os sinais dos tempos com o sopro do Esp\u00edrito Santo,\u00a0iniciamos neste M\u00eas Mission\u00e1rio um longo caminho de prepara\u00e7\u00e3o para o S\u00ednodo da\u00a0Igreja. E neste domingo, quando celebramos o Dia Mundial das Miss\u00f5es e da Obra Pontif\u00edcia da Inf\u00e2ncia Mission\u00e1ria, faremos a abertura de prepara\u00e7\u00e3o para o S\u00ednodo tamb\u00e9m na nossa Diocese. Ser\u00e1 um tempo de escuta, reflex\u00e3o, ora\u00e7\u00e3o e comunh\u00e3o, marcado pela esperan\u00e7a. \u201cO caminho da\u00a0sinodalidade\u00a0\u00e9 precisamente o caminho que Deus espera da Igreja do terceiro mil\u00eanio\u201d, nos recorda o nosso Papa Francisco.<\/span><span data-ccp-props=\"{&quot;201341983&quot;:0,&quot;335551550&quot;:6,&quot;335551620&quot;:6,&quot;335559739&quot;:0,&quot;335559740&quot;:240}\">\u00a0<\/span><\/p>\n<p><span data-ccp-props=\"{&quot;201341983&quot;:0,&quot;335551550&quot;:6,&quot;335551620&quot;:6,&quot;335559739&quot;:0,&quot;335559740&quot;:240}\">\u00a0<\/span><\/p>\n<p><span data-ccp-props=\"{&quot;201341983&quot;:0,&quot;335551550&quot;:6,&quot;335551620&quot;:6,&quot;335559739&quot;:0,&quot;335559740&quot;:240}\">\u00a0<\/span><\/p>\n<p>&nbsp;<\/p>\n","protected":false},"excerpt":{"rendered":"<p>Dom Jos\u00e9 Gislon Bispo de Caxias do Sul (RS) &nbsp; Estimados irm\u00e3os e irm\u00e3s em Cristo Jesus! Celebramos com alegria e esperan\u00e7a\u00a0o Dia Mundial das Miss\u00f5es e da Obra Pontif\u00edcia da Inf\u00e2ncia Mission\u00e1ria, neste dia 17 de outubro.\u00a0\u00c9 uma data para recordarmos o nosso compromisso em rela\u00e7\u00e3o \u00e0 f\u00e9\u00a0que\u00a0professamos, de sermos disc\u00edpulos do Senhor Jesus.\u00a0 &hellip;<\/p>\n<p class=\"read-more\"> <a class=\"\" href=\"https:\/\/www.cnbb.org.br\/a-missao-de-participar-do-sinodo-da-igreja\/\"> <span class=\"screen-reader-text\">A miss\u00e3o de\u00a0participar do S\u00ednodo da Igreja\u00a0\u00a0<\/span> Leia mais &raquo;<\/a><\/p>\n","protected":false},"author":20,"featured_media":0,"comment_status":"open","ping_status":"open","sticky":false,"template":"","format":"standard","meta":{"site-sidebar-layout":"default","site-content-layout":"default","ast-global-header-display":"","ast-banner-title-visibility":"","ast-main-header-display":"","ast-hfb-above-header-display":"","ast-hfb-below-header-display":"","ast-hfb-mobile-header-display":"","site-post-title":"","ast-breadcrumbs-content":"","ast-featured-img":"","footer-sml-layout":"","theme-transparent-header-meta":"default","adv-header-id-meta":"","stick-header-meta":"","header-above-stick-meta":"","header-main-stick-meta":"","header-below-stick-meta":""},"categories":[758],"tags":[],"acf":[],"_links":{"self":[{"href":"https:\/\/www.cnbb.org.br\/cnbb-app\/wp\/v2\/posts\/857944"}],"collection":[{"href":"https:\/\/www.cnbb.org.br\/cnbb-app\/wp\/v2\/posts"}],"about":[{"href":"https:\/\/www.cnbb.org.br\/cnbb-app\/wp\/v2\/types\/post"}],"author":[{"embeddable":true,"href":"https:\/\/www.cnbb.org.br\/cnbb-app\/wp\/v2\/users\/20"}],"replies":[{"embeddable":true,"href":"https:\/\/www.cnbb.org.br\/cnbb-app\/wp\/v2\/comments?post=857944"}],"version-history":[{"count":0,"href":"https:\/\/www.cnbb.org.br\/cnbb-app\/wp\/v2\/posts\/857944\/revisions"}],"wp:attachment":[{"href":"https:\/\/www.cnbb.org.br\/cnbb-app\/wp\/v2\/media?parent=857944"}],"wp:term":[{"taxonomy":"category","embeddable":true,"href":"https:\/\/www.cnbb.org.br\/cnbb-app\/wp\/v2\/categories?post=857944"},{"taxonomy":"post_tag","embeddable":true,"href":"https:\/\/www.cnbb.org.br\/cnbb-app\/wp\/v2\/tags?post=857944"}],"curies":[{"name":"wp","href":"https:\/\/api.w.org\/{rel}","templated":true}]}}