{"id":858018,"date":"2021-10-18T12:37:50","date_gmt":"2021-10-18T15:37:50","guid":{"rendered":"https:\/\/www.cnbb.org.br\/?p=858018"},"modified":"2021-10-18T13:08:40","modified_gmt":"2021-10-18T16:08:40","slug":"cnbb-dom-orlando-brandes-e-papa-francisco-solidariedade-apos-agressoes-de-deputado","status":"publish","type":"post","link":"https:\/\/www.cnbb.org.br\/cnbb-dom-orlando-brandes-e-papa-francisco-solidariedade-apos-agressoes-de-deputado\/","title":{"rendered":"CNBB, dom Orlando Brandes e Papa Francisco recebem apoios e solidariedade ap\u00f3s agress\u00f5es de deputado"},"content":{"rendered":"<p>As mensagens de solidariedade que chegam \u00e0 Confer\u00eancia Nacional dos Bispos do Brasil (CNBB), ao arcebispo de Aparecida (SP), dom Orlando Brandes, e tamb\u00e9m endere\u00e7adas ao Papa Francisco t\u00eam se multiplicado, desde ontem, 17, ap\u00f3s a divulga\u00e7\u00e3o da <a href=\"https:\/\/www.cnbb.org.br\/cnbb-sai-em-defesa-do-papa-francisco-do-arcebispo-de-aparecida-sp-dom-orlando-brandes-e-do-episcopado-brasileiro\/\">Carta aberta da entidade ao Presidente da Assembleia Legislativa do Estado de S\u00e3o Paulo e aos Cidad\u00e3os e cidad\u00e3s brasileiros<\/a>.<\/p>\n<p>A CNBB afirmou rejeitar &#8220;fortemente as abomin\u00e1veis agress\u00f5es proferidas pelo deputado estadual Frederico D\u2019Avila, no \u00faltimo dia 14 de outubro, da Tribuna da Assembleia Legislativa do Estado de S\u00e3o Paulo&#8221;. Com \u00f3dio descontrolado, continuou a Confer\u00eancia, &#8220;<em>o parlamentar atacou o Santo Padre o Papa Francisco, a CNBB, e particularmente o Exmo. e Revmo. Sr. Dom Orlando Brandes, arcebispo de Aparecida. Feriu e comprometeu a miss\u00e3o parlamentar, o que requer imediata e exemplar corre\u00e7\u00e3o pelas inst\u00e2ncias competentes&#8221;<\/em>.<\/p>\n<p>Autoridades, pol\u00edticos, entidades religiosas e civis t\u00eam manifestado apoio a dom Orlando, ao Papa e \u00e0 Confer\u00eancia Episcopal, repudiando as falas agressivas do parlamentar. Confira alguns trechos dos pronunciamentos:<\/p>\n<h3><\/h3>\n<h3 dir=\"auto\">Opus Dei e Arautos do Evangelho<\/h3>\n<p>As organiza\u00e7\u00f5es cat\u00f3licas citadas pelo deputado se manifestaram sobre o pronunciamento realizado na Assembleia Legislativa de S\u00e3o Paulo.<\/p>\n<p>O vig\u00e1rio regional da Prelazia Opus Dei no Brasil, padre F\u00e1bio Henrique Carvalheiro, divulgou declara\u00e7\u00e3o manifestando rep\u00fadio \u00e0s declara\u00e7\u00f5es do deputado estadual Frederico d\u2019Avila. No texto, ressaltou que &#8220;a <span style=\"font-size: 16px;\">Prelazia, cujas finalidades s\u00e3o exclusivamente espirituais e apost\u00f3licas, sempre viveu e fomentou &#8211; pois esse \u00e9 o esp\u00edrito ensinado pelo seu fundador S\u00e3o Josemaria Escriv\u00e1 &#8211; venera\u00e7\u00e3o pelo Santo Padre e uni\u00e3o ao col\u00e9gio episcopal e \u00e0 Conferencia Nacional dos Bispos do Brasil.<\/span><\/p>\n<p>J\u00e1 o Comiss\u00e1rio Pontif\u00edcio para os Arautos do Evangelho, cardeal Raymundo Damasceno Assis, reiterou a comunh\u00e3o com o Santo Padre, o Papa Francisco, a CNBB e Dom Orlando Brandes e reprovou &#8220;o pronunciamento infeliz do deputado da Assembleia Legislativa do Estado de S\u00e3o Paulo&#8221;.<\/p>\n<p>&nbsp;<\/p>\n<h3>Profecia e ora\u00e7\u00e3o da Vida Religiosa<\/h3>\n<p>A vida religiosa consagrada feminina, por meio Uni\u00e3o das Superioras Gerais das Congrega\u00e7\u00f5es Brasileiras (USGCB), manifestou apoio e solidariedade a dom Orlando e ao Papa Francisco &#8220;profetas de nosso tempo, que anunciam que a alegria do Evangelho \u00e9 vida em abund\u00e2ncia para os pobres&#8221;. No texto, assinado pela diretora Geral das Irm\u00e3s do Imaculado Cora\u00e7\u00e3o de Maria e delegada da USGCB, irm\u00e3 Maria Freire da Silva, a entidade observa que o dinamismo da profecia &#8220;nunca \u00e9 aceito por aqueles que s\u00e3o contr\u00e1rios ao Projeto de justi\u00e7a e de verdade, proclamado e vivenciado por Jesus Cristo&#8221;.<\/p>\n<p>Motivadas a serem como Ester (Est 4,17) &#8220;que se preparou durante tr\u00eas dias, inclinou-se em sua dor, mas tamb\u00e9m em sua esperan\u00e7a, suplicando ao Senhor atrav\u00e9s da ora\u00e7\u00e3o, do jejum e da incessante busca da Vontade de seu Deus a seu respeito na defesa da vida do seu povo&#8221;, as religiosas foram convidadas a unirem-se em ora\u00e7\u00e3o no dia 22 deste m\u00eas na inten\u00e7\u00e3o pelo Papa e por dom Orlando. <\/p>\n<p>Em carta aberta, a Prov\u00edncia Frei Bartolomeu de Las Casas \u2013 dos frades dominicanos no Brasil \u2013 e a Comiss\u00e3o Dominicana de Justi\u00e7a e Paz do Brasil, manifestaram &#8216;indigna\u00e7\u00e3o e reprova\u00e7\u00e3o das agress\u00f5es dirigidas \u00e0 CNBB, ao Papa Francisco e a Dom Orlando Brandes, Arcebispo de Aparecida&#8221;.<\/p>\n<blockquote><p>&#8220;O discurso, cujas bases s\u00e3o o rid\u00edculo e a ignor\u00e2ncia, a desinforma\u00e7\u00e3o e a m\u00e1-f\u00e9, traduz o que de pior chegou \u00e0 pol\u00edtica brasileira: o \u00f3dio, a viol\u00eancia e a barb\u00e1rie. O fato de que uma pessoa p\u00fablica se manifeste nesses termos traduz os grandes perigos que amea\u00e7am a nossa democracia. Por isso mesmo, tal epis\u00f3dio deve ser punido rigorosamente, em nome da justi\u00e7a e da verdade&#8221;, l\u00ea-se no texto.<\/p><\/blockquote>\n<p>A prov\u00edncia da congrega\u00e7\u00e3o religiosa renovou seu apoio e sua comunh\u00e3o com o Papa Francisco, com a CNBB e com Dom Orlando, &#8220;cuja presen\u00e7a s\u00e3o inspira\u00e7\u00e3o \u00e9tica para milh\u00f5es de brasileiros e brasileiras. As palavras irasc\u00edveis e descabidas do deputado paulista s\u00f3 confirmam a import\u00e2ncia dessa presen\u00e7a no Brasil contempor\u00e2neo&#8221;.<\/p>\n<p>A coordena\u00e7\u00e3o da Confer\u00eancia dos Religiosos do Brasil no Cear\u00e1 expressou solidariedade a dom Orlando Brandes, ao Papa Francisco, e \u00e0 CNBB. &#8220;Neste dia celebrativo de abertura oficial do S\u00ednodo dos bispos na Arquidiocese de Fortaleza, reiteramos a nossa \u201cuni\u00e3o\u201d com toda a Igreja nesse momento dif\u00edcil de prova\u00e7\u00e3o. Estamos \u201cjuntos\u201d, n\u00e3o vamos nos calar diante de tanta viol\u00eancia, desrespeito, ofensas e acusa\u00e7\u00f5es proferidas contra<br \/>\na Igreja e seus pobres filhos&#8221;, afirmaram os religiosos no texto.<\/p>\n<p>&nbsp;<\/p>\n<h3>Organismos<\/h3>\n<p>O Conselho Nacional do Laicato do Brasil (CNLB) emitiu nota de rep\u00fadio \u00e0s falas do deputado paulista e quis esclarecer que &#8220;<span style=\"font-size: 16px;\">em Cristo Jesus somos uma s\u00f3 comunidade, e caminhamos no desejo ardente da Paz e da Justi\u00e7a&#8221;. Para tanto, prossegue a nota, &#8220;nos unimos em defesa do Papa Francisco, da CNBB e de Dom Orlando, refor\u00e7ando o nosso fecundo desejo do respeito \u00e0s pessoas e \u00e0s institui\u00e7\u00f5es de nosso pa\u00eds&#8221;.<\/span><\/p>\n<p>O CNLB pediu ainda \u00e0s autoridades competentes e \u00e0 Assembleia Legislativa de S\u00e3o Paulo que instaurem &#8220;as apura\u00e7\u00f5es cab\u00edveis sobre a postura do deputado e a aplica\u00e7\u00e3o das devidas san\u00e7\u00f5es regimentares, incluindo a retrata\u00e7\u00e3o desta tentativa de macular a Institui\u00e7\u00e3o Igreja Cat\u00f3lica e seus representantes&#8221;.<\/p>\n<p>Tamb\u00e9m a C\u00e1ritas Brasileira manifestou solidariedade a dom Orlando Brandes. Em nota, o organismo vinculado \u00e0 Confer\u00eancia Nacional dos Bispos do Brasil repudiou &#8220;o uso de um espa\u00e7o do povo para incentivar a viol\u00eancia, agredir verbalmente ao Santo Padre o Papa Francisco e atacar a Igreja no Brasil, assim como aos seus bispos&#8221;.<\/p>\n<div dir=\"auto\">A C\u00e1ritas lembrou que, historicamente, a Igreja no Brasil esteve comprometida com a promo\u00e7\u00e3o da paz e constru\u00e7\u00e3o de uma sociedade do Bem Viver. &#8220;O uso de linguagem violenta, como a usada pelo deputado paulista, apenas refor\u00e7a a import\u00e2ncia de resgatar princ\u00edpios civilizados e humanos no nosso pa\u00eds&#8221;, afirma.<\/div>\n<p>&nbsp;<\/p>\n<p>&nbsp;<\/p>\n","protected":false},"excerpt":{"rendered":"<p>Opus Dei e Arautos do Evangelho, organiza\u00e7\u00f5es cat\u00f3licas citadas pelo deputado, e autoridades, pol\u00edticos, congrega\u00e7\u00f5es e entidades religiosas e civis t\u00eam manifestado rep\u00fadio \u00e0s falas do deputado estadual Frederico D&#8217;\u00c1vila. S\u00e3o v\u00e1rias as manifesta\u00e7\u00f5es de apoio e solidariedade a dom Orlando, ao Papa Francisco e \u00e0 Confer\u00eancia Episcopal, Confira alguns trechos dos pronunciamentos.<\/p>\n","protected":false},"author":83,"featured_media":858019,"comment_status":"open","ping_status":"open","sticky":false,"template":"","format":"standard","meta":{"site-sidebar-layout":"default","site-content-layout":"default","ast-global-header-display":"","ast-banner-title-visibility":"","ast-main-header-display":"","ast-hfb-above-header-display":"","ast-hfb-below-header-display":"","ast-hfb-mobile-header-display":"","site-post-title":"","ast-breadcrumbs-content":"","ast-featured-img":"","footer-sml-layout":"","theme-transparent-header-meta":"default","adv-header-id-meta":"","stick-header-meta":"","header-above-stick-meta":"","header-main-stick-meta":"","header-below-stick-meta":""},"categories":[50,1851],"tags":[2683,1998],"acf":[],"_links":{"self":[{"href":"https:\/\/www.cnbb.org.br\/cnbb-app\/wp\/v2\/posts\/858018"}],"collection":[{"href":"https:\/\/www.cnbb.org.br\/cnbb-app\/wp\/v2\/posts"}],"about":[{"href":"https:\/\/www.cnbb.org.br\/cnbb-app\/wp\/v2\/types\/post"}],"author":[{"embeddable":true,"href":"https:\/\/www.cnbb.org.br\/cnbb-app\/wp\/v2\/users\/83"}],"replies":[{"embeddable":true,"href":"https:\/\/www.cnbb.org.br\/cnbb-app\/wp\/v2\/comments?post=858018"}],"version-history":[{"count":0,"href":"https:\/\/www.cnbb.org.br\/cnbb-app\/wp\/v2\/posts\/858018\/revisions"}],"wp:featuredmedia":[{"embeddable":true,"href":"https:\/\/www.cnbb.org.br\/cnbb-app\/wp\/v2\/media\/858019"}],"wp:attachment":[{"href":"https:\/\/www.cnbb.org.br\/cnbb-app\/wp\/v2\/media?parent=858018"}],"wp:term":[{"taxonomy":"category","embeddable":true,"href":"https:\/\/www.cnbb.org.br\/cnbb-app\/wp\/v2\/categories?post=858018"},{"taxonomy":"post_tag","embeddable":true,"href":"https:\/\/www.cnbb.org.br\/cnbb-app\/wp\/v2\/tags?post=858018"}],"curies":[{"name":"wp","href":"https:\/\/api.w.org\/{rel}","templated":true}]}}