{"id":858031,"date":"2021-10-18T13:31:14","date_gmt":"2021-10-18T16:31:14","guid":{"rendered":"https:\/\/www.cnbb.org.br\/?p=858031"},"modified":"2021-10-18T13:33:24","modified_gmt":"2021-10-18T16:33:24","slug":"segundo-encontro-do-forum-paz-no-rio-vai-receber-tres-juristas-para-debate","status":"publish","type":"post","link":"https:\/\/www.cnbb.org.br\/segundo-encontro-do-forum-paz-no-rio-vai-receber-tres-juristas-para-debate\/","title":{"rendered":"Segundo encontro do F\u00f3rum Paz no Rio vai receber juristas para debate, nesta quarta-feira (20)"},"content":{"rendered":"<p style=\"text-align: justify;\">Criado com o intuito de ouvir representantes dos diversos setores da sociedade civil acerca da tem\u00e1tica da viol\u00eancia e da promo\u00e7\u00e3o de uma Cultura de Paz, o F\u00f3rum Paz no Rio realiza nesta quarta-feira, 20 de outubro, a partir d\u00e1s 19h30, por meio das plataformas digitais do Regional Leste 1 \u2013 CNBB, da WebTV Redentor e da R\u00e1dio Catedral FM 106.7, o seu segundo encontro, desta vez dando voz aos Juristas.<\/p>\n<p style=\"text-align: justify;\">O bispo de Nova Igua\u00e7u e vice-presidente do Regional Leste 1 da CNBB, dom Gilson Andrade, que far\u00e1 a abertura deste segundo encontro, ter\u00e1 a companhia do Dr. Cleber Francisco Alves como mediador da noite. Eles recebem como convidados o Dr. Fabr\u00edcio Fernandes de Castro, juiz federal e professor da Universidade C\u00e2ndido Mendes; a Dra. Fabiana Pimentel Kloh, advogada e professora da Universidade Cat\u00f3lica de Petr\u00f3polis e o Dr. Pedro Pereira, advogado e Coordenador do Centro de Defesa dos Direitos da Crian\u00e7a e do Adolescente \u2013 CEDECA\/RJ.<\/p>\n<p><strong><a href=\"https:\/\/cnbbleste1.org.br\/2021\/10\/18\/forum-paz-no-rio-realiza-encontro-com-juristas\/\" target=\"_blank\" rel=\"noopener\">Mais informa\u00e7\u00f5es acesse aqui no site do Regional Leste 1 da CNBB<\/a><\/strong><\/p>\n","protected":false},"excerpt":{"rendered":"<p>Criado com o intuito de ouvir representantes dos diversos setores da sociedade civil acerca da tem\u00e1tica da viol\u00eancia e da promo\u00e7\u00e3o de uma Cultura de Paz, o F\u00f3rum Paz no Rio realiza nesta quarta-feira, 20 de outubro, a partir d\u00e1s 19h30, por meio das plataformas digitais do Regional Leste 1 \u2013 CNBB, da WebTV Redentor &hellip;<\/p>\n<p class=\"read-more\"> <a class=\"\" href=\"https:\/\/www.cnbb.org.br\/segundo-encontro-do-forum-paz-no-rio-vai-receber-tres-juristas-para-debate\/\"> <span class=\"screen-reader-text\">Segundo encontro do F\u00f3rum Paz no Rio vai receber juristas para debate, nesta quarta-feira (20)<\/span> Leia mais &raquo;<\/a><\/p>\n","protected":false},"author":83,"featured_media":858032,"comment_status":"open","ping_status":"open","sticky":false,"template":"","format":"standard","meta":{"site-sidebar-layout":"default","site-content-layout":"default","ast-global-header-display":"","ast-banner-title-visibility":"","ast-main-header-display":"","ast-hfb-above-header-display":"","ast-hfb-below-header-display":"","ast-hfb-mobile-header-display":"","site-post-title":"","ast-breadcrumbs-content":"","ast-featured-img":"","footer-sml-layout":"","theme-transparent-header-meta":"default","adv-header-id-meta":"","stick-header-meta":"","header-above-stick-meta":"","header-main-stick-meta":"","header-below-stick-meta":""},"categories":[787],"tags":[3865,3650],"acf":[],"_links":{"self":[{"href":"https:\/\/www.cnbb.org.br\/cnbb-app\/wp\/v2\/posts\/858031"}],"collection":[{"href":"https:\/\/www.cnbb.org.br\/cnbb-app\/wp\/v2\/posts"}],"about":[{"href":"https:\/\/www.cnbb.org.br\/cnbb-app\/wp\/v2\/types\/post"}],"author":[{"embeddable":true,"href":"https:\/\/www.cnbb.org.br\/cnbb-app\/wp\/v2\/users\/83"}],"replies":[{"embeddable":true,"href":"https:\/\/www.cnbb.org.br\/cnbb-app\/wp\/v2\/comments?post=858031"}],"version-history":[{"count":0,"href":"https:\/\/www.cnbb.org.br\/cnbb-app\/wp\/v2\/posts\/858031\/revisions"}],"wp:featuredmedia":[{"embeddable":true,"href":"https:\/\/www.cnbb.org.br\/cnbb-app\/wp\/v2\/media\/858032"}],"wp:attachment":[{"href":"https:\/\/www.cnbb.org.br\/cnbb-app\/wp\/v2\/media?parent=858031"}],"wp:term":[{"taxonomy":"category","embeddable":true,"href":"https:\/\/www.cnbb.org.br\/cnbb-app\/wp\/v2\/categories?post=858031"},{"taxonomy":"post_tag","embeddable":true,"href":"https:\/\/www.cnbb.org.br\/cnbb-app\/wp\/v2\/tags?post=858031"}],"curies":[{"name":"wp","href":"https:\/\/api.w.org\/{rel}","templated":true}]}}