{"id":858339,"date":"2021-10-22T11:26:26","date_gmt":"2021-10-22T14:26:26","guid":{"rendered":"https:\/\/www.cnbb.org.br\/?p=858339"},"modified":"2021-10-22T11:28:11","modified_gmt":"2021-10-22T14:28:11","slug":"dia-mundial-das-missoes-2","status":"publish","type":"post","link":"https:\/\/www.cnbb.org.br\/dia-mundial-das-missoes-2\/","title":{"rendered":"Dia mundial das miss\u00f5es\u00a0"},"content":{"rendered":"<p style=\"text-align: right;\"><strong>Dom Jaime Vieira Rocha<\/strong><br \/>\n<strong>Arcebispo de Natal (RN)<\/strong><\/p>\n<p>&nbsp;<\/p>\n<p style=\"text-align: justify;\"><span data-contrast=\"auto\">No pr\u00f3ximo domingo, dia 24 de outubro, na\u00a0Missa\u00a0do 30\u00ba\u00a0Domingo do Tempo Comum, a Igreja celebra o Dia\u00a0Mundial das\u00a0Miss\u00f5es, com o\u00a0lema:\u00a0\u201c<\/span><span data-contrast=\"auto\">N\u00e3o podemos deixar de afirmar o que vimos e ouvimos\u201d\u00a0(<\/span><i><span data-contrast=\"auto\">At<\/span><\/i><span data-contrast=\"auto\">\u202f4, 20).\u00a0<\/span><span data-contrast=\"auto\">\u00c9 o ponto alto do m\u00eas mission\u00e1rio, dia de reflex\u00e3o e de ora\u00e7\u00e3o para que todos n\u00f3s, batizados e batizadas, tomemos consci\u00eancia da necessidade de reconhecermos que somos todos mission\u00e1rios. Na verdade, desde a Confer\u00eancia de Aparecida, em 2007, a Igreja tem\u00a0nos levado\u00a0a este reconhecimento:\u00a0<\/span><i><span data-contrast=\"auto\">somos disc\u00edpulos mission\u00e1rios de Jesus Cristo!<\/span><\/i><span data-contrast=\"auto\">\u00a0Nele, nossos povos t\u00eam a vida. Reconhecer que somos mission\u00e1rios \u00e9 quest\u00e3o de entendimento da f\u00e9, compreens\u00e3o exata da vida e do Evangelho de Jesus Cristo. Anunciar o Evangelho, pregar a Palavra, \u00e9 a nossa miss\u00e3o.\u00a0E ainda mais como an\u00fancio de uma experi\u00eancia vivida do amor de Deus, manifestado em Jesus Cristo.<\/span><span data-ccp-props=\"{&quot;201341983&quot;:0,&quot;335551550&quot;:6,&quot;335551620&quot;:6,&quot;335559731&quot;:708,&quot;335559739&quot;:200,&quot;335559740&quot;:276}\">\u00a0<\/span><\/p>\n<p style=\"text-align: justify;\"><span data-contrast=\"auto\">O Papa Francisco, na mensagem para o Dia Mundial das Miss\u00f5es afirma: \u201c<\/span><i><span data-contrast=\"none\">Quando experimentamos a for\u00e7a do amor de Deus, quando reconhecemos a sua presen\u00e7a de Pai na nossa vida pessoal e comunit\u00e1ria, n\u00e3o podemos deixar de anunciar e partilhar\u202fo que vimos e ouvimos. A rela\u00e7\u00e3o de Jesus com os seus disc\u00edpulos, a sua humanidade que nos \u00e9 revelada no mist\u00e9rio da Encarna\u00e7\u00e3o, no seu Evangelho e na sua P\u00e1scoa mostram-nos at\u00e9 que ponto Deus ama a nossa humanidade e assume as nossas alegrias e sofrimentos, os nossos anseios e ang\u00fastias (cf.\u00a0CONC\u00cdLIO ECUM\u00caNICO VATICANO II,\u00a0Constitui\u00e7\u00e3o\u00a0pastoral sobre a Igreja no mundo de hoje,\u202f<\/span><\/i><a href=\"http:\/\/www.vatican.va\/archive\/hist_councils\/ii_vatican_council\/documents\/vat-ii_const_19651207_gaudium-et-spes_po.html\" target=\"_blank\" rel=\"noopener\"><i><span data-contrast=\"auto\">Gaudium\u00a0et\u00a0spes<\/span><\/i><\/a><i><span data-contrast=\"none\">, 22)<\/span><\/i><span data-contrast=\"none\">.\u00a0<\/span><span data-contrast=\"auto\">Eis, portanto, como podemos e devemos celebrar este dia, mas n\u00e3o s\u00f3 um dia ou um m\u00eas, mas sempre devemos ser animados por esta\u00a0missionariedade\u00a0que n\u00e3o \u00e9 uma caracter\u00edstica facultativa, dispens\u00e1vel, mas \u00e9 da pr\u00f3pria natureza da Igreja.<\/span><span data-ccp-props=\"{&quot;201341983&quot;:0,&quot;335551550&quot;:6,&quot;335551620&quot;:6,&quot;335559739&quot;:200,&quot;335559740&quot;:276}\">\u00a0<\/span><\/p>\n<p style=\"text-align: justify;\"><span data-contrast=\"auto\">O Dia Mundial das Miss\u00f5es, acompanhado de um gesto de generosidade da nossa parte, com a coleta em prol das miss\u00f5es, tamb\u00e9m \u00e9 um dia para pedirmos perd\u00e3o se n\u00f3s colocamos obst\u00e1culos \u00e0 obra da evangeliza\u00e7\u00e3o. \u00c9 ainda o Papa Francisco a nos chamar a aten\u00e7\u00e3o: \u201c<\/span><i><span data-contrast=\"auto\">com frequ\u00eancia, os obst\u00e1culos \u00e0 obra da evangeliza\u00e7\u00e3o encontram-se, n\u00e3o no exterior, mas dentro da pr\u00f3pria comunidade eclesial<\/span><\/i><span data-contrast=\"auto\">\u201d. Por isso, tendo como tema \u201cJesus Cristo \u00e9 miss\u00e3o\u201d, somos chamados\u00a0a viver essa realidade como essencial em nossa vida. A\u00a0missionariedade\u00a0n\u00e3o \u00e9 uma dimens\u00e3o qualquer ou facultativa. Ela \u00e9 a pr\u00f3pria vida de Jesus, enviada ao mundo (cf.\u00a0Gl\u00a04,4s). A miss\u00e3o de Jesus n\u00e3o \u00e9 um an\u00fancio de tristeza ou de algo\u00a0que amedronte. Ela \u00e9 a proclama\u00e7\u00e3o do amor de Deus por todos os homens e mulheres, pelo mundo, pela casa comum em que habitamos (cf.\u00a0Jo\u00a03,16s).<\/span><span data-ccp-props=\"{&quot;201341983&quot;:0,&quot;335551550&quot;:6,&quot;335551620&quot;:6,&quot;335559739&quot;:200,&quot;335559740&quot;:276}\">\u00a0<\/span><\/p>\n<p style=\"text-align: justify;\"><span data-contrast=\"auto\">Queridos mission\u00e1rios e mission\u00e1rias quero, tamb\u00e9m, louvar o nosso bom Deus e Pai por ser grande, em nosso meio, a consci\u00eancia da miss\u00e3o. Desejo que a nossa caminhada como Igreja em Natal, que tantos frutos colheu na sua hist\u00f3ria, desde as preocupa\u00e7\u00f5es do Movimento de Natal, a origem da Campanha da Fraternidade, os encontros de ora\u00e7\u00e3o, de reflex\u00e3o e de estudos do Clero e dos agentes de pastoral,\u00a0a viv\u00eancia da\u00a0sinodalidade\u00a0numa forte experi\u00eancia de pastoral de conjunto, a celebra\u00e7\u00e3o dos 30 anos do XII Congresso Eucar\u00edstico Nacional, realizado em Natal, em 1991, a Fase\u00a0Diocesana dos S\u00ednodo dos Bispos que estamos vivendo, desde o dia 13 de outubro, tudo isto nos anime e nos d\u00ea esperan\u00e7a de que jamais falte o ardor mission\u00e1rio, que jamais cesse o desejo de proclamar a todos o bem que o Evangelho de Jesus Cristo traz para todos os homens e mulheres. Somos felizes, o Senhor est\u00e1 conosco, e n\u00f3s agradecemos-lhe pela \u201c<\/span><i><span data-contrast=\"auto\">suave e reconfortante alegria de evangelizar<\/span><\/i><span data-contrast=\"auto\">\u201d (Paulo VI, Exorta\u00e7\u00e3o apost\u00f3lica\u00a0<\/span><i><span data-contrast=\"auto\">Evangelii\u00a0nuntiandi<\/span><\/i><span data-contrast=\"auto\">, 80).<\/span><span data-ccp-props=\"{&quot;201341983&quot;:0,&quot;335551550&quot;:6,&quot;335551620&quot;:6,&quot;335559739&quot;:200,&quot;335559740&quot;:276}\">\u00a0<\/span><\/p>\n<p><span data-ccp-props=\"{&quot;201341983&quot;:0,&quot;335559739&quot;:200,&quot;335559740&quot;:276}\">\u00a0<\/span><\/p>\n","protected":false},"excerpt":{"rendered":"<p>Dom Jaime Vieira Rocha Arcebispo de Natal (RN) &nbsp; No pr\u00f3ximo domingo, dia 24 de outubro, na\u00a0Missa\u00a0do 30\u00ba\u00a0Domingo do Tempo Comum, a Igreja celebra o Dia\u00a0Mundial das\u00a0Miss\u00f5es, com o\u00a0lema:\u00a0\u201cN\u00e3o podemos deixar de afirmar o que vimos e ouvimos\u201d\u00a0(At\u202f4, 20).\u00a0\u00c9 o ponto alto do m\u00eas mission\u00e1rio, dia de reflex\u00e3o e de ora\u00e7\u00e3o para que todos n\u00f3s, &hellip;<\/p>\n<p class=\"read-more\"> <a class=\"\" href=\"https:\/\/www.cnbb.org.br\/dia-mundial-das-missoes-2\/\"> <span class=\"screen-reader-text\">Dia mundial das miss\u00f5es\u00a0<\/span> Leia mais &raquo;<\/a><\/p>\n","protected":false},"author":19,"featured_media":0,"comment_status":"open","ping_status":"open","sticky":false,"template":"","format":"standard","meta":{"site-sidebar-layout":"default","site-content-layout":"default","ast-global-header-display":"","ast-banner-title-visibility":"","ast-main-header-display":"","ast-hfb-above-header-display":"","ast-hfb-below-header-display":"","ast-hfb-mobile-header-display":"","site-post-title":"","ast-breadcrumbs-content":"","ast-featured-img":"","footer-sml-layout":"","theme-transparent-header-meta":"default","adv-header-id-meta":"","stick-header-meta":"","header-above-stick-meta":"","header-main-stick-meta":"","header-below-stick-meta":""},"categories":[758,1837],"tags":[],"acf":[],"_links":{"self":[{"href":"https:\/\/www.cnbb.org.br\/cnbb-app\/wp\/v2\/posts\/858339"}],"collection":[{"href":"https:\/\/www.cnbb.org.br\/cnbb-app\/wp\/v2\/posts"}],"about":[{"href":"https:\/\/www.cnbb.org.br\/cnbb-app\/wp\/v2\/types\/post"}],"author":[{"embeddable":true,"href":"https:\/\/www.cnbb.org.br\/cnbb-app\/wp\/v2\/users\/19"}],"replies":[{"embeddable":true,"href":"https:\/\/www.cnbb.org.br\/cnbb-app\/wp\/v2\/comments?post=858339"}],"version-history":[{"count":0,"href":"https:\/\/www.cnbb.org.br\/cnbb-app\/wp\/v2\/posts\/858339\/revisions"}],"wp:attachment":[{"href":"https:\/\/www.cnbb.org.br\/cnbb-app\/wp\/v2\/media?parent=858339"}],"wp:term":[{"taxonomy":"category","embeddable":true,"href":"https:\/\/www.cnbb.org.br\/cnbb-app\/wp\/v2\/categories?post=858339"},{"taxonomy":"post_tag","embeddable":true,"href":"https:\/\/www.cnbb.org.br\/cnbb-app\/wp\/v2\/tags?post=858339"}],"curies":[{"name":"wp","href":"https:\/\/api.w.org\/{rel}","templated":true}]}}