{"id":858363,"date":"2021-10-22T14:49:48","date_gmt":"2021-10-22T17:49:48","guid":{"rendered":"https:\/\/www.cnbb.org.br\/?p=858363"},"modified":"2021-10-22T14:50:53","modified_gmt":"2021-10-22T17:50:53","slug":"a-arte-de-educar","status":"publish","type":"post","link":"https:\/\/www.cnbb.org.br\/a-arte-de-educar\/","title":{"rendered":"A &#8220;arte&#8221; de educar"},"content":{"rendered":"<p style=\"text-align: right;\"><strong>Dom Jacinto Bergmann<br \/>\nArcebispo de Pelotas (RS)<\/strong><\/p>\n<p>&nbsp;<\/p>\n<p style=\"text-align: justify;\"><span data-contrast=\"auto\">Celebramos no dia 15 de outubro passado o\u00a0Dia do\/a\u00a0Professor\/a. Foi o segundo dia dedicado aos\/as educadores\/as\u00a0dentro da pandemia da\u00a0COVID19, embora j\u00e1\u00a0estarmos aos poucos voltando ao ambiente escolar presencial, t\u00e3o caro aos\/\u00e0s profissionais da educa\u00e7\u00e3o.<\/span><span data-ccp-props=\"{&quot;201341983&quot;:0,&quot;335551550&quot;:6,&quot;335551620&quot;:6,&quot;335559739&quot;:160,&quot;335559740&quot;:259}\">\u00a0<\/span><\/p>\n<p style=\"text-align: justify;\"><span data-contrast=\"auto\">A data do dia 15 e a volta ao ambiente escolar presencial,\u00a0fez evocar a figura do meu professor e de minhas professoras do tempo da educa\u00e7\u00e3o prim\u00e1ria.\u00a0E me moveu para\u00a0a necessidade de homenage\u00e1-los\/as:\u00a0o\u00a0professor Ervino e as\u00a0professoras M\u00e9ry, Lilian, Laura e Dulce. Ele e elas foram\u00a0verdadeiro\/as\u00a0artistas na minha educa\u00e7\u00e3o. Com a \u201carte da intelig\u00eancia\u201d, com a \u201carte do cora\u00e7\u00e3o\u201d e com a \u201carte das m\u00e3os\u201d\u00a0deixaram marcas indel\u00e9veis na minha vida. Marcas que me fizeram crescer em\u00a0<\/span><b><span data-contrast=\"auto\">idade<\/span><\/b><span data-contrast=\"auto\">, em\u00a0<\/span><b><span data-contrast=\"auto\">sabedoria\u00a0<\/span><\/b><span data-contrast=\"auto\">e em\u00a0<\/span><b><span data-contrast=\"auto\">gra\u00e7a<\/span><\/b><span data-contrast=\"auto\">.<\/span><span data-ccp-props=\"{&quot;201341983&quot;:0,&quot;335551550&quot;:6,&quot;335551620&quot;:6,&quot;335559739&quot;:160,&quot;335559740&quot;:259}\">\u00a0<\/span><\/p>\n<p style=\"text-align: justify;\"><span data-contrast=\"auto\">Aqui vem \u00e0 mente a afirma\u00e7\u00e3o b\u00edblica em rela\u00e7\u00e3o a Jesus de Nazar\u00e9, depois do epis\u00f3dio\u00a0&#8211;\u00a0ele aos 12 anos ficando no templo e discutindo com os Mestres da Lei:\u00a0<\/span><i><span data-contrast=\"auto\">\u201cEle\u00a0(voltou \u00e0 Nazar\u00e9 com os pais e)\u00a0crescia em idade, sabedoria e gra\u00e7a!\u201d<\/span><\/i><span data-ccp-props=\"{&quot;201341983&quot;:0,&quot;335551550&quot;:6,&quot;335551620&quot;:6,&quot;335559739&quot;:160,&quot;335559740&quot;:259}\">\u00a0<\/span><\/p>\n<p style=\"text-align: justify;\"><span data-contrast=\"auto\">Como Jesus de Nazar\u00e9,\u00a0o professor Ervino e as\u00a0professoras M\u00e9ry, Lilian, Laura e Dulce me ajudaram a crescer em\u00a0<\/span><b><span data-contrast=\"auto\">idade<\/span><\/b><span data-contrast=\"auto\">\u00a0pela \u201carte da intelig\u00eancia\u201d\u00a0que ele e elas\u00a0possu\u00edam e viviam. Com\u00a0<\/span><b><span data-contrast=\"auto\">intelig\u00eancia<\/span><\/b><span data-contrast=\"auto\">\u00a0me fizeram crescer sem\u00a0esp\u00edrito de\u00a0competi\u00e7\u00e3o. Na medida que fui crescendo em idade, tudo crescia compartilhado. Cresciam as capacidades\u00a0em vista do\u00a0compartilhar. Cresciam as vis\u00f5es\u00a0em vista do compartilhar. Cresciam os valores em vista do compartilhar. Cresciam as miss\u00f5es\u00a0em vista do\u00a0compartilhar. A \u201carte da intelig\u00eancia\u201d\u00a0dele e delas\u00a0fez crescer a\u00a0<\/span><b><span data-contrast=\"auto\">humanidade<\/span><\/b><span data-contrast=\"auto\">\u00a0em mim: \u00e9-se mais humano quanto mais\u00a0h\u00e1\u00a0compartilha. Obrigado\u00a0professor Ervino e\u00a0professoras\u00a0M\u00e9ry, Lilian, Laura e Dulce\u00a0pela vossa \u201carte da intelig\u00eancia\u201d\u00a0em educar.<\/span><span data-ccp-props=\"{&quot;201341983&quot;:0,&quot;335551550&quot;:6,&quot;335551620&quot;:6,&quot;335559739&quot;:160,&quot;335559740&quot;:259}\">\u00a0<\/span><\/p>\n<p style=\"text-align: justify;\"><span data-contrast=\"auto\">Como Jesus de Nazar\u00e9, o\u00a0professor Ervino e as\u00a0professoras M\u00e9ry, Lilian, Laura e Dulce me ajudaram a crescer em\u00a0<\/span><b><span data-contrast=\"auto\">sabedoria<\/span><\/b><span data-contrast=\"auto\">\u00a0pela \u201carte do cora\u00e7\u00e3o\u201d que ele e elas\u00a0possu\u00edam e viviam.\u00a0Com\u00a0<\/span><b><span data-contrast=\"auto\">cora\u00e7\u00e3o\u00a0<\/span><\/b><span data-contrast=\"auto\">me fizeram crescer\u00a0sem atitude de\u00a0enclausuramento. Na medida em que fui crescendo em sabedoria, tudo crescia com liberdade. A \u201carte do cora\u00e7\u00e3o\u201d faz amar e amar sempre \u00e9 liberdade. Crescia meu amor pela cria\u00e7\u00e3o. Crescia meu amor pela pessoa humana. Crescia meu amor pela fam\u00edlia e sociedade. Crescia o meu amor pelo Deus-Amor. A \u201carte do amor\u201d\u00a0dele e delas\u00a0fez crescer a\u00a0<\/span><b><span data-contrast=\"auto\">divindade<\/span><\/b><span data-contrast=\"auto\">\u00a0em mim: \u00e9-se mais divino quanto mais h\u00e1 amor\/abertura\/liberdade.\u00a0O Deus-Amor \u00e9 amor total e, por isso,\u00a0\u00e9 liberdade total.\u00a0Obrigado\u00a0professor Ervino e\u00a0professoras M\u00e9ry, Lilian, Laura e Dulce pela vossa \u201carte do cora\u00e7\u00e3o\u201d\u00a0em educar.<\/span><span data-ccp-props=\"{&quot;201341983&quot;:0,&quot;335551550&quot;:6,&quot;335551620&quot;:6,&quot;335559739&quot;:160,&quot;335559740&quot;:259}\">\u00a0<\/span><\/p>\n<p style=\"text-align: justify;\"><span data-contrast=\"auto\">Como Jesus de Nazar\u00e9, o\u00a0professor Ervino e as\u00a0professoras M\u00e9ry, Lilian, Laura e Dulce me ajudaram a crescer em\u00a0<\/span><b><span data-contrast=\"auto\">gra\u00e7a<\/span><\/b><span data-contrast=\"auto\">\u00a0pela \u201carte das m\u00e3os\u201d que ele e elas\u00a0possu\u00edam e viviam. Com\u00a0<\/span><b><span data-contrast=\"auto\">doa\u00e7\u00e3o\u00a0<\/span><\/b><span data-contrast=\"auto\">me fizeram crescer sem interesse\u00a0apenas pr\u00f3prio.\u00a0Na medida que fui crescendo em gra\u00e7a,\u00a0tudo crescia com gratuidade. Aconteceu um verdadeiro \u201ce-ducere\u201d\u00a0(fazer emergir)\u00a0da gratuidade e n\u00e3o\u00a0um\u00a0\u201cse-ducere\u201d\u00a0(seduzir) do\u00a0interesse\u00a0apenas pr\u00f3prio. Cresceu a gratuidade capaz de gerar hist\u00f3rias humanas que somam e n\u00e3o subtraem e dividem. A \u201carte das m\u00e3os\u201d fez crescer a\u00a0<\/span><b><span data-contrast=\"auto\">gratuidade\u00a0<\/span><\/b><span data-contrast=\"auto\">em mim: \u00e9-se mais gratuito quanto mais m\u00e3os abertas e doadoras. Obrigado\u00a0professor Ervino e\u00a0professoras M\u00e9ry, Lilian, Laura e Dulce pela vossa \u201carte das m\u00e3os\u201d\u00a0em educar.<\/span><span data-ccp-props=\"{&quot;201341983&quot;:0,&quot;335551550&quot;:6,&quot;335551620&quot;:6,&quot;335559739&quot;:160,&quot;335559740&quot;:259}\">\u00a0<\/span><\/p>\n<p style=\"text-align: justify;\"><span data-contrast=\"auto\">Querido professor e queridas professoras, minha eterna gratid\u00e3o pela vossa \u201carte de educar\u201d!<\/span><span data-ccp-props=\"{&quot;201341983&quot;:0,&quot;335551550&quot;:6,&quot;335551620&quot;:6,&quot;335559739&quot;:160,&quot;335559740&quot;:259}\">\u00a0<\/span><\/p>\n<p><span data-ccp-props=\"{&quot;201341983&quot;:0,&quot;335551550&quot;:6,&quot;335551620&quot;:6,&quot;335559739&quot;:160,&quot;335559740&quot;:259}\">\u00a0<\/span><\/p>\n<p>&nbsp;<\/p>\n","protected":false},"excerpt":{"rendered":"<p>Dom Jacinto Bergmann Arcebispo de Pelotas (RS) &nbsp; Celebramos no dia 15 de outubro passado o\u00a0Dia do\/a\u00a0Professor\/a. Foi o segundo dia dedicado aos\/as educadores\/as\u00a0dentro da pandemia da\u00a0COVID19, embora j\u00e1\u00a0estarmos aos poucos voltando ao ambiente escolar presencial, t\u00e3o caro aos\/\u00e0s profissionais da educa\u00e7\u00e3o.\u00a0 A data do dia 15 e a volta ao ambiente escolar presencial,\u00a0fez evocar &hellip;<\/p>\n<p class=\"read-more\"> <a class=\"\" href=\"https:\/\/www.cnbb.org.br\/a-arte-de-educar\/\"> <span class=\"screen-reader-text\">A &#8220;arte&#8221; de educar<\/span> Leia mais &raquo;<\/a><\/p>\n","protected":false},"author":87,"featured_media":0,"comment_status":"open","ping_status":"open","sticky":false,"template":"","format":"standard","meta":{"site-sidebar-layout":"default","site-content-layout":"default","ast-global-header-display":"","ast-banner-title-visibility":"","ast-main-header-display":"","ast-hfb-above-header-display":"","ast-hfb-below-header-display":"","ast-hfb-mobile-header-display":"","site-post-title":"","ast-breadcrumbs-content":"","ast-featured-img":"","footer-sml-layout":"","theme-transparent-header-meta":"default","adv-header-id-meta":"","stick-header-meta":"","header-above-stick-meta":"","header-main-stick-meta":"","header-below-stick-meta":""},"categories":[758],"tags":[],"acf":[],"_links":{"self":[{"href":"https:\/\/www.cnbb.org.br\/cnbb-app\/wp\/v2\/posts\/858363"}],"collection":[{"href":"https:\/\/www.cnbb.org.br\/cnbb-app\/wp\/v2\/posts"}],"about":[{"href":"https:\/\/www.cnbb.org.br\/cnbb-app\/wp\/v2\/types\/post"}],"author":[{"embeddable":true,"href":"https:\/\/www.cnbb.org.br\/cnbb-app\/wp\/v2\/users\/87"}],"replies":[{"embeddable":true,"href":"https:\/\/www.cnbb.org.br\/cnbb-app\/wp\/v2\/comments?post=858363"}],"version-history":[{"count":0,"href":"https:\/\/www.cnbb.org.br\/cnbb-app\/wp\/v2\/posts\/858363\/revisions"}],"wp:attachment":[{"href":"https:\/\/www.cnbb.org.br\/cnbb-app\/wp\/v2\/media?parent=858363"}],"wp:term":[{"taxonomy":"category","embeddable":true,"href":"https:\/\/www.cnbb.org.br\/cnbb-app\/wp\/v2\/categories?post=858363"},{"taxonomy":"post_tag","embeddable":true,"href":"https:\/\/www.cnbb.org.br\/cnbb-app\/wp\/v2\/tags?post=858363"}],"curies":[{"name":"wp","href":"https:\/\/api.w.org\/{rel}","templated":true}]}}