{"id":858447,"date":"2021-10-25T13:31:06","date_gmt":"2021-10-25T16:31:06","guid":{"rendered":"https:\/\/www.cnbb.org.br\/?p=858447"},"modified":"2021-10-26T12:11:14","modified_gmt":"2021-10-26T15:11:14","slug":"live-missionaria-desta-terca-feira-26-as-19h-vai-refletir-o-compromisso-profetico-social-assumido-pela-igreja-missionaria","status":"publish","type":"post","link":"https:\/\/www.cnbb.org.br\/live-missionaria-desta-terca-feira-26-as-19h-vai-refletir-o-compromisso-profetico-social-assumido-pela-igreja-missionaria\/","title":{"rendered":"Live Mission\u00e1ria desta ter\u00e7a-feira (26), \u00e0s 19h, vai refletir \u201cO Compromisso prof\u00e9tico-social assumido pela Igreja Mission\u00e1ria\u201d"},"content":{"rendered":"<p style=\"text-align: justify;\"><strong><em>\u201cO Compromisso prof\u00e9tico-social assumido pela Igreja Mission\u00e1ria\u201d<\/em><\/strong> \u00e9 o tema da pen\u00faltima Live Missior\u00e1ria da s\u00e9rie que celebra o M\u00eas Mission\u00e1rio 2021. O Bate papo ser\u00e1 nesta ter\u00e7a-feira, 26 de outubro, \u00e0s 19h.<\/p>\n<p style=\"text-align: justify;\">A live \u00e9 realizada pela Comiss\u00e3o Episcopal Pastoral para A\u00e7\u00e3o Mission\u00e1ria e Coopera\u00e7\u00e3o Intereclesial da Confer\u00eancia Nacional dos Bispos do Brasil (CNBB) e parte da celebra\u00e7\u00e3o da Campanha Mission\u00e1ria 2021 que traz como tema: <em><strong>\u201cJesus Cristo \u00e9 miss\u00e3o\u201d<\/strong><\/em> e a inspira\u00e7\u00e3o b\u00edblica <em><strong>\u201cN\u00e3o podemos deixar de falar sobre o que vimos e ouvimos\u201d<\/strong><\/em> (At 4,20).<\/p>\n<blockquote>\n<p style=\"text-align: justify;\">\u201cEsta edi\u00e7\u00e3o da live vai frisar a import\u00e2ncia de assumirmos os nossos a miss\u00e3o no \u00e2mbito da sociedade na busca do engajamento das pol\u00edticas p\u00fablicas do servi\u00e7o aos mais necessitados, de ajudar as pessoas a alcan\u00e7arem a sua dignidade n\u00e3o apenas pela f\u00e9, pelo an\u00fancio, mas tamb\u00e9m pelos seus direitos preservados e os seus deveres tamb\u00e9m sociais, ent\u00e3o um compromisso prof\u00e9tica social\u201d, explica o assessor da Comiss\u00e3o Episcopal Pastoral para A\u00e7\u00e3o Mission\u00e1ria e Coopera\u00e7\u00e3o Intereclesial da CNBB, padre\u00a0 Daniel Luz Rocchetti.<\/p>\n<\/blockquote>\n<p style=\"text-align: justify;\">Realizada sempre no m\u00eas de outubro desde 1972, a Campanha Mission\u00e1ria \u00e9 organizada pelas Pontif\u00edcias Obras Mission\u00e1rias (POM) em colabora\u00e7\u00e3o Comiss\u00e3o Episcopal Pastoral para a A\u00e7\u00e3o Mission\u00e1ria e Coopera\u00e7\u00e3o Intereclesial da Confer\u00eancia Nacional dos Bispos do Brasil (CNBB), e outros organismos que comp\u00f5em o Conselho Mission\u00e1rio Nacional (COMINA).<\/p>\n<h5 style=\"text-align: justify;\">Convidados:<\/h5>\n<p style=\"text-align: justify;\">A live vai contar com a presen\u00e7a de um time importante de membros do Grupo de Trabalho Prof\u00e9tico Social ligado ao Programa Mission\u00e1rio Nacional Nacional:<\/p>\n<ul>\n<li style=\"text-align: justify;\">O bispo da diocese de Cachoeiro de Itapemirim (ES), dom Luiz Fernando Lisboa<\/li>\n<li style=\"text-align: justify;\">O cantor e compositor Z\u00e9 Vicente<\/li>\n<\/ul>\n<p style=\"text-align: justify;\">A media\u00e7\u00e3o ser\u00e1 da p<span style=\"font-size: 16px;\">residente do Conselho Nacional do Laicato do Brasil (CNLB), S\u00f4nia Gomes de Oliveira e do padre comboniano e <\/span><span style=\"font-size: 16px;\">membro da Rede Igrejas e Minera\u00e7\u00e3o, da Comiss\u00e3o Especial para a Minera\u00e7\u00e3o e a Ecologia Integral da CNBB e assessor da REPAM-Brasil, Dario Bossi.\u00a0<\/span><\/p>\n<div class=\"ast-oembed-container\" style=\"height: 100%;\">\n<div style=\"max-width: 1333px;\">\n<div style=\"left: 0; width: 100%; height: 0; position: relative; padding-bottom: 56.25%;\"><iframe title=\"Live Mission\u00e1ria: \u201cO Compromisso prof\u00e9tico-social assumido pela Igreja Mission\u00e1ria\u201d\" src=\"https:\/\/www.youtube.com\/embed\/Mmg8LrMD4KY?rel=0\" style=\"top: 0; left: 0; width: 100%; height: 100%; position: absolute; border: 0;\" allowfullscreen scrolling=\"no\" allow=\"accelerometer; clipboard-write; encrypted-media; gyroscope; picture-in-picture;\"><\/iframe><\/div>\n<\/div>\n<\/div>\n<p>&nbsp;<\/p>\n<h3 style=\"text-align: justify;\">Pr\u00f3xima live:<\/h3>\n<p style=\"text-align: justify;\"><em><strong>29 de outubro<\/strong><\/em><br \/>\n19h \u2013 Live Mission\u00e1ria: <strong>\u201cExplorando e conhecendo os Projetos mission\u00e1rios das Igrejas Irm\u00e3s e Ad Gentes\u201d<\/strong><br \/>\nParticipam: Irm\u00e3 Dirce Gomes da Silva, padre Tiago \u00c1vila Camargo, dom Odelir Jos\u00e9 Magri, padre Daniel Luz Rocchetti e irm\u00e3 Sandra Regina Amado<\/p>\n","protected":false},"excerpt":{"rendered":"<p>Organizada pela Comiss\u00e3o para A\u00e7\u00e3o Mission\u00e1ria e Coopera\u00e7\u00e3o Intereclesial da CNBB, a live ter\u00e1 como convidados o bispo da diocese de Cachoeiro de Itapemirim (ES), dom Luiz Fernando Lisboa e o cantor e compositor Z\u00e9 Vicente. A media\u00e7\u00e3o ser\u00e1 da presidente do CNLB, S\u00f4nia Gomes de Oliveira e do mission\u00e1rio comboniado e membro da Comiss\u00e3o para a Minera\u00e7\u00e3o e a Ecologia Integral da CNBB, padre Dario Bossi. A transmiss\u00e3o ser\u00e1 pelas redes sociais da CNBB<\/p>\n","protected":false},"author":83,"featured_media":858421,"comment_status":"open","ping_status":"open","sticky":false,"template":"","format":"standard","meta":{"site-sidebar-layout":"default","site-content-layout":"default","ast-global-header-display":"","ast-banner-title-visibility":"","ast-main-header-display":"","ast-hfb-above-header-display":"","ast-hfb-below-header-display":"","ast-hfb-mobile-header-display":"","site-post-title":"","ast-breadcrumbs-content":"","ast-featured-img":"","footer-sml-layout":"","theme-transparent-header-meta":"default","adv-header-id-meta":"","stick-header-meta":"","header-above-stick-meta":"","header-main-stick-meta":"","header-below-stick-meta":""},"categories":[854,1840],"tags":[3624,2920],"acf":[],"_links":{"self":[{"href":"https:\/\/www.cnbb.org.br\/cnbb-app\/wp\/v2\/posts\/858447"}],"collection":[{"href":"https:\/\/www.cnbb.org.br\/cnbb-app\/wp\/v2\/posts"}],"about":[{"href":"https:\/\/www.cnbb.org.br\/cnbb-app\/wp\/v2\/types\/post"}],"author":[{"embeddable":true,"href":"https:\/\/www.cnbb.org.br\/cnbb-app\/wp\/v2\/users\/83"}],"replies":[{"embeddable":true,"href":"https:\/\/www.cnbb.org.br\/cnbb-app\/wp\/v2\/comments?post=858447"}],"version-history":[{"count":0,"href":"https:\/\/www.cnbb.org.br\/cnbb-app\/wp\/v2\/posts\/858447\/revisions"}],"wp:featuredmedia":[{"embeddable":true,"href":"https:\/\/www.cnbb.org.br\/cnbb-app\/wp\/v2\/media\/858421"}],"wp:attachment":[{"href":"https:\/\/www.cnbb.org.br\/cnbb-app\/wp\/v2\/media?parent=858447"}],"wp:term":[{"taxonomy":"category","embeddable":true,"href":"https:\/\/www.cnbb.org.br\/cnbb-app\/wp\/v2\/categories?post=858447"},{"taxonomy":"post_tag","embeddable":true,"href":"https:\/\/www.cnbb.org.br\/cnbb-app\/wp\/v2\/tags?post=858447"}],"curies":[{"name":"wp","href":"https:\/\/api.w.org\/{rel}","templated":true}]}}