{"id":858459,"date":"2021-10-27T07:01:42","date_gmt":"2021-10-27T10:01:42","guid":{"rendered":"https:\/\/www.cnbb.org.br\/?p=858459"},"modified":"2021-10-27T14:02:18","modified_gmt":"2021-10-27T17:02:18","slug":"o-papa-francisco-nomeia-padre-joel-maria-dos-santos-como-auxiliar-da-arquidiocese-de-belo-horizonte-mg","status":"publish","type":"post","link":"https:\/\/www.cnbb.org.br\/o-papa-francisco-nomeia-padre-joel-maria-dos-santos-como-auxiliar-da-arquidiocese-de-belo-horizonte-mg\/","title":{"rendered":"O Papa Francisco nomeia padre Joel Maria dos Santos como auxiliar da arquidiocese de Belo Horizonte (MG)"},"content":{"rendered":"<p style=\"text-align: justify;\">O Papa Francisco nomeou na manh\u00e3 desta quarta-feira, 27 de outubro, o padre Joel Maria dos Santos, 55 anos, como bispo-auxiliar da arquidiocese de Belo Horizonte (MG).\u00a0 Monsenhor Joel \u00e9 p\u00e1roco da par\u00f3quia Sant\u00edssima Trindade, na capital mineira, e, desde dezembro de 2016, tamb\u00e9m exerce a fun\u00e7\u00e3o de Vig\u00e1rio Episcopal para a A\u00e7\u00e3o Pastoral naquela Igreja particular.<\/p>\n<h3 style=\"text-align: justify;\">Biografia e trajet\u00f3ria eclesial<\/h3>\n<p style=\"text-align: justify;\">Filho de Noraldino Maria dos Santos e Luiza Izabel dos Santos, nasceu em 8 de fevereiro de 1966, em Belo Horizonte (MG).<\/p>\n<p style=\"text-align: justify;\">Possui forma\u00e7\u00e3o em Filosofia pela Pontif\u00edcia Universidade Cat\u00f3lica de Minas Gerais, PUC Minas e Teologia pelo instituto Dom Jo\u00e3o Rezende Costa da mesma universidade, onde tamb\u00e9m cursou Psicologia. Possui especializa\u00e7\u00f5es<em> lato sensu<\/em> em Teologia Pastoral, Ci\u00eancias da Religi\u00e3o e Hermen\u00eautica B\u00edblica todas pela PUC Minas.<\/p>\n<p style=\"text-align: justify;\">Foi ordenado Di\u00e1cono por dom Serafim Fernandes de Ara\u00fajo, arcebispo em\u00e9rito da arquidiocese de Belo Horizonte em 15 de maio de 1993 e como Presb\u00edtero, tamb\u00e9m pelas m\u00e3os do ent\u00e3o arcebispo de Belo Horizonte, em 14 de maio de 1994.<\/p>\n<p style=\"text-align: justify;\"><strong>Exerc\u00edcio do presbiterato\u00a0<\/strong><\/p>\n<p style=\"text-align: justify;\">Desde ent\u00e3o, foi vig\u00e1rio na par\u00f3quia Maria, M\u00e3e dos Pobres, no Jardim Teres\u00f3polis, na Regi\u00e3o Episcopal Nossa Senhora da Esperan\u00e7a (RENSE), de julho de 1994 a agosto do mesmo ano. Na sequ\u00eancia, assumiu a fun\u00e7\u00e3o de administrador da par\u00f3quia Santa Clara e S\u00e3o Francisco, no Independ\u00eancia III &#8211; RENSE, \u00e0 qual exerceu at\u00e9 mar\u00e7o de 1995. Em mar\u00e7o de 1995, assume mais uma vez a par\u00f3quia Maria, M\u00e3e dos Pobres at\u00e9 outubro do mesmo ano.<\/p>\n<p style=\"text-align: justify;\">Em outubro de 1995, assume como vig\u00e1rio da par\u00f3quia S\u00e3o Vicente de Paulo, na Nova Suissa &#8211; RENSE, ficando at\u00e9 fevereiro de 1996. A partir desta data assume a fun\u00e7\u00e3o de vig\u00e1rio na par\u00f3quia Santa Terezinha at\u00e9 fevereiro de 2008, quando assumiu a par\u00f3quia Sant\u00edssima Trindade, no Guitierre &#8211; RENSE at\u00e9 o final de janeiro de 2013. Assumiu a fun\u00e7\u00e3o de vig\u00e1rio na par\u00f3quia Bom Pastor (RENSE), at\u00e9 agosto de 2014.<\/p>\n<p style=\"text-align: justify;\">De Bom Pastor, ele assumiu como vig\u00e1rio na par\u00f3quia Santo Cura D&#8217;ars, tamb\u00e9m na RENSE, at\u00e9 dezembro de 2018. Neste ano, assumiu como p\u00e1roco na Sant\u00edssima Trindade, na mesma regi\u00e3o pastoral, at\u00e9 a presente data.<\/p>\n<p><strong>Outras experi\u00eancias<\/strong><\/p>\n<p style=\"text-align: justify;\">Em 23 de novembro de 2010 foi nomeado como Coordenador da Comunidade de Teologia do Semin\u00e1rio Arquidiocesano Cora\u00e7\u00e3o Eucar\u00edstico de Jesus (SACEJ).<\/p>\n<p style=\"text-align: justify;\">Em dezembro de 2013 foi nomeado suplente na Forania S\u00e3o Francisco das Chagas, na RENSE. Em 2016, em novembro, \u00e9 nomeado tamb\u00e9m como suplente da Forania S\u00e3o Jos\u00e9, no Calafate, tamb\u00e9m RENSE, fun\u00e7\u00e3o que exerceu at\u00e9 novembro de 2019.<\/p>\n<p style=\"text-align: justify;\">Em dezembro de 2016, assume como Vig\u00e1rio Episcopal do Vicariato para a A\u00e7\u00e3o Pastoral da arquidiocese. Em janeiro de 2017, foi nomeado assessor pastoral do Conselho Arquidiocesano para o Diaconato Permanente.<\/p>\n<blockquote>\n<h3 style=\"text-align: center;\">Sauda\u00e7\u00e3o ao Monsenhor Joel Maria dos Santos<\/h3>\n<p style=\"text-align: right;\">Bras\u00edlia-DF, 27 de outubro de 2021<\/p>\n<p style=\"text-align: left;\">Estimado irm\u00e3o, Monsenhor Joel Maria dos Santos,<\/p>\n<p style=\"text-align: justify;\">No dia de hoje, participamos da alegria de todo o povo de Deus na Arquidiocese de Belo Horizonte (MG), que o acolhe como novo bispo auxiliar. Da mesma forma, manifestamos nossa proximidade fraterna, e\u00a0 o acolhemos como irm\u00e3o no episcopado brasileiro, nova miss\u00e3o confiada por Deus.<\/p>\n<p style=\"text-align: justify;\">Como sucessor dos ap\u00f3stolos, o irm\u00e3o assumir\u00e1 como bispo-auxiliar na arquidiocese de Belo Horizonte, com o minist\u00e9rio de &#8220;ensinar todas as gentes, de santificar os homens na verdade e de os apascentar&#8221;, em comunh\u00e3o hier\u00e1rquica com o Sucessor de Pedro e com os outros membros do Col\u00e9gio Episcopal.<\/p>\n<p style=\"text-align: justify;\">Rogamos \u00e0 Nossa Senhora da Piedade, padroeira de Minas Gerais, b\u00ean\u00e7\u00e3os para que seja frut\u00edfera sua nova miss\u00e3o.<\/p>\n<p>Em Cristo,<\/p>\n<p style=\"text-align: center;\"><strong>Dom Walmor Oliveira de Azevedo<\/strong><br \/>\nArcebispo de Belo Horizonte (MG)<br \/>\n<em>Presidente da CNBB<\/em><\/p>\n<p style=\"text-align: center;\"><strong>Dom Jaime Spengler<\/strong><br \/>\nArcebispo de Porto Alegre (RS)<br \/>\n<em>Primeiro Vice-Presidente da CNBB<\/em><\/p>\n<p style=\"text-align: center;\"><strong>Dom M\u00e1rio Ant\u00f4nio da Silva<\/strong><br \/>\nBispo de Roraima (RR)<br \/>\n<em>Segundo Vice-Presidente da CNBB<\/em><\/p>\n<p style=\"text-align: center;\"><strong>Dom Joel Portella Amado<\/strong><br \/>\nBispo auxiliar da arquidiocese de S\u00e3o Sebasti\u00e3o do Rio de Janeiro (RJ)<br \/>\n<em>Secret\u00e1rio-geral da CNBB<\/em><\/p>\n<\/blockquote>\n","protected":false},"excerpt":{"rendered":"<p>Monsenhor Joel \u00e9 p\u00e1roco da par\u00f3quia Sant\u00edssima Trindade, na capital mineira, e, desde dezembro de 2016, tamb\u00e9m exerce a fun\u00e7\u00e3o de Vig\u00e1rio Episcopal para a A\u00e7\u00e3o Pastoral naquela Igreja particular. A Confer\u00eancia Nacional dos Bispos do Brasil enviou sauda\u00e7\u00e3o<\/p>\n","protected":false},"author":83,"featured_media":858583,"comment_status":"open","ping_status":"open","sticky":false,"template":"","format":"standard","meta":{"site-sidebar-layout":"default","site-content-layout":"default","ast-global-header-display":"","ast-banner-title-visibility":"","ast-main-header-display":"","ast-hfb-above-header-display":"","ast-hfb-below-header-display":"","ast-hfb-mobile-header-display":"","site-post-title":"","ast-breadcrumbs-content":"","ast-featured-img":"","footer-sml-layout":"","theme-transparent-header-meta":"default","adv-header-id-meta":"","stick-header-meta":"","header-above-stick-meta":"","header-main-stick-meta":"","header-below-stick-meta":""},"categories":[50,872],"tags":[4017,1584],"acf":[],"_links":{"self":[{"href":"https:\/\/www.cnbb.org.br\/cnbb-app\/wp\/v2\/posts\/858459"}],"collection":[{"href":"https:\/\/www.cnbb.org.br\/cnbb-app\/wp\/v2\/posts"}],"about":[{"href":"https:\/\/www.cnbb.org.br\/cnbb-app\/wp\/v2\/types\/post"}],"author":[{"embeddable":true,"href":"https:\/\/www.cnbb.org.br\/cnbb-app\/wp\/v2\/users\/83"}],"replies":[{"embeddable":true,"href":"https:\/\/www.cnbb.org.br\/cnbb-app\/wp\/v2\/comments?post=858459"}],"version-history":[{"count":0,"href":"https:\/\/www.cnbb.org.br\/cnbb-app\/wp\/v2\/posts\/858459\/revisions"}],"wp:featuredmedia":[{"embeddable":true,"href":"https:\/\/www.cnbb.org.br\/cnbb-app\/wp\/v2\/media\/858583"}],"wp:attachment":[{"href":"https:\/\/www.cnbb.org.br\/cnbb-app\/wp\/v2\/media?parent=858459"}],"wp:term":[{"taxonomy":"category","embeddable":true,"href":"https:\/\/www.cnbb.org.br\/cnbb-app\/wp\/v2\/categories?post=858459"},{"taxonomy":"post_tag","embeddable":true,"href":"https:\/\/www.cnbb.org.br\/cnbb-app\/wp\/v2\/tags?post=858459"}],"curies":[{"name":"wp","href":"https:\/\/api.w.org\/{rel}","templated":true}]}}