{"id":858473,"date":"2021-10-26T07:54:00","date_gmt":"2021-10-26T10:54:00","guid":{"rendered":"https:\/\/www.cnbb.org.br\/?p=858473"},"modified":"2021-10-26T07:54:00","modified_gmt":"2021-10-26T10:54:00","slug":"formacao-e-cuidado-dos-presbiteros-e-pastoral-e-as-consequencias-da-pandemia-norteiam-reuniao-do-conser","status":"publish","type":"post","link":"https:\/\/www.cnbb.org.br\/formacao-e-cuidado-dos-presbiteros-e-pastoral-e-as-consequencias-da-pandemia-norteiam-reuniao-do-conser\/","title":{"rendered":"Forma\u00e7\u00e3o e cuidado dos presb\u00edteros, e pastoral e as consequ\u00eancias da pandemia norteiam reuni\u00e3o do CONSER"},"content":{"rendered":"<p style=\"text-align: justify;\">Teve in\u00edcio nesta segunda-feira, 25 de outubro, e segue at\u00e9 quinta-feira, 28, o CONSER (Conselho Episcopal Regional) que re\u00fane todos os bispos do Regional Centro-Oeste da CNBB (Igreja em Goi\u00e1s e Distrito Federal). O evento, que acontece no Centro Pastoral Dom Fernando (CPDF) em Goi\u00e2nia, foi aberto com a Santa Missa na Capela do Sant\u00edssimo Sacramento, presidida pelo bispo diocesano de Urua\u00e7u (GO) Dom Giovani Carlos.<\/p>\n<p>Acompanhe aqui: http:\/\/<a href=\"http:\/\/cnbbco.com\/conteudo\/cnbb\/item\/1537-formacao-e-cuidado-dos-presbiteros-e-pastoral-e-as-consequencias-da-pandemia-norteiam-reuniao-do-conser#.YXfd5frMLIX\" target=\"_blank\" rel=\"noopener\">cnbbco.com<\/a><\/p>\n","protected":false},"excerpt":{"rendered":"<p>Teve in\u00edcio nesta segunda-feira, 25 de outubro, e segue at\u00e9 quinta-feira, 28, o CONSER (Conselho Episcopal Regional) que re\u00fane todos os bispos do Regional Centro-Oeste da CNBB (Igreja em Goi\u00e1s e Distrito Federal). O evento, que acontece no Centro Pastoral Dom Fernando (CPDF) em Goi\u00e2nia, foi aberto com a Santa Missa na Capela do Sant\u00edssimo &hellip;<\/p>\n<p class=\"read-more\"> <a class=\"\" href=\"https:\/\/www.cnbb.org.br\/formacao-e-cuidado-dos-presbiteros-e-pastoral-e-as-consequencias-da-pandemia-norteiam-reuniao-do-conser\/\"> <span class=\"screen-reader-text\">Forma\u00e7\u00e3o e cuidado dos presb\u00edteros, e pastoral e as consequ\u00eancias da pandemia norteiam reuni\u00e3o do CONSER<\/span> Leia mais &raquo;<\/a><\/p>\n","protected":false},"author":83,"featured_media":858474,"comment_status":"open","ping_status":"open","sticky":false,"template":"","format":"standard","meta":{"site-sidebar-layout":"default","site-content-layout":"default","ast-global-header-display":"","ast-banner-title-visibility":"","ast-main-header-display":"","ast-hfb-above-header-display":"","ast-hfb-below-header-display":"","ast-hfb-mobile-header-display":"","site-post-title":"","ast-breadcrumbs-content":"","ast-featured-img":"","footer-sml-layout":"","theme-transparent-header-meta":"default","adv-header-id-meta":"","stick-header-meta":"","header-above-stick-meta":"","header-main-stick-meta":"","header-below-stick-meta":""},"categories":[782],"tags":[4015],"acf":[],"_links":{"self":[{"href":"https:\/\/www.cnbb.org.br\/cnbb-app\/wp\/v2\/posts\/858473"}],"collection":[{"href":"https:\/\/www.cnbb.org.br\/cnbb-app\/wp\/v2\/posts"}],"about":[{"href":"https:\/\/www.cnbb.org.br\/cnbb-app\/wp\/v2\/types\/post"}],"author":[{"embeddable":true,"href":"https:\/\/www.cnbb.org.br\/cnbb-app\/wp\/v2\/users\/83"}],"replies":[{"embeddable":true,"href":"https:\/\/www.cnbb.org.br\/cnbb-app\/wp\/v2\/comments?post=858473"}],"version-history":[{"count":0,"href":"https:\/\/www.cnbb.org.br\/cnbb-app\/wp\/v2\/posts\/858473\/revisions"}],"wp:featuredmedia":[{"embeddable":true,"href":"https:\/\/www.cnbb.org.br\/cnbb-app\/wp\/v2\/media\/858474"}],"wp:attachment":[{"href":"https:\/\/www.cnbb.org.br\/cnbb-app\/wp\/v2\/media?parent=858473"}],"wp:term":[{"taxonomy":"category","embeddable":true,"href":"https:\/\/www.cnbb.org.br\/cnbb-app\/wp\/v2\/categories?post=858473"},{"taxonomy":"post_tag","embeddable":true,"href":"https:\/\/www.cnbb.org.br\/cnbb-app\/wp\/v2\/tags?post=858473"}],"curies":[{"name":"wp","href":"https:\/\/api.w.org\/{rel}","templated":true}]}}