{"id":858566,"date":"2021-10-27T12:27:51","date_gmt":"2021-10-27T15:27:51","guid":{"rendered":"https:\/\/www.cnbb.org.br\/?p=858566"},"modified":"2021-10-27T12:32:16","modified_gmt":"2021-10-27T15:32:16","slug":"muito-obrigado","status":"publish","type":"post","link":"https:\/\/www.cnbb.org.br\/muito-obrigado\/","title":{"rendered":"Muito obrigado!"},"content":{"rendered":"<p style=\"text-align: right;\"><strong>Dom Adelar Baruffi<\/strong><br \/>\n<strong>Administrador diocesano de Cruz Alta (RS)<\/strong><\/p>\n<p style=\"text-align: justify;\"><strong>\u00a0<\/strong><\/p>\n<p style=\"text-align: justify;\"><strong>\u00a0\u00a0\u00a0\u00a0\u00a0\u00a0\u00a0\u00a0\u00a0\u00a0\u00a0 <\/strong>Ao chegarmos ao final de uma etapa, com o in\u00edcio de uma nova fase, sempre bate em nosso cora\u00e7\u00e3o um sentimento de perda e de esperan\u00e7a. Perda, pelo sentido de tudo o que deixamos para tr\u00e1s, sobretudo as pessoas, o grande bem precioso, que sempre temos conosco. Esperan\u00e7a, na busca de um novo caminho, uma nova miss\u00e3o, um novo olhar para a vida. Tudo na vida \u00e9 um novo come\u00e7o: deixa-se algum lugar, para come\u00e7ar algo diferente, novo, cheio de desafios.<\/p>\n<p style=\"text-align: justify;\">\u00a0\u00a0\u00a0\u00a0\u00a0\u00a0\u00a0\u00a0\u00a0\u00a0\u00a0 \u00c9 um novo tempo, uma nova oportunidade. A voc\u00eas, que ficam aqui em Cruz Alta, e em toda a Diocese, com todas as suas Par\u00f3quias, nosso grande muito obrigado. S\u00e3o tantas as pessoas que superaram a sua nova miss\u00e3o. Neste tempo de grande esperan\u00e7a, uma certeza eu carrego comigo: Deus \u00e9 bom o tempo todo. Por que n\u00e3o nos deixarmos amar por Jesus Cristo, do jeito como somos? De fato, deixemo-nos amar por ele. Ele \u00e9 o centro de tudo o que vivemos em nosso tempo e, por causa dele, tamb\u00e9m os irm\u00e3os e irm\u00e3s. Ele \u00e9 a raz\u00e3o de ser de tudo o que fizemos, todas as coisas: n\u00e3o \u00e9 Ele o centro de tudo o que fizemos em nossa vida? N\u00e3o \u00e9 nele que encontramos o sentido do nosso caminhar? E, n\u00e3o de menos, lembrei-me da Virgem Maria, Nossa Senhora de F\u00e1tima, que sempre soube dizer \u201csim\u201d ao Filho Jesus.<\/p>\n<p style=\"text-align: justify;\">\u00a0\u00a0\u00a0\u00a0\u00a0\u00a0\u00a0\u00a0\u00a0\u00a0\u00a0 Dia 31 de outubro, \u00e0s 10h, terei a minha posse como novo Arcebispo de Cascavel, no Paran\u00e1. Aqui, no entanto, inicia uma nova fase. O Col\u00e9gio dos Consultores de nossa Diocese, far\u00e1 uma escolha entre os sete membros para ser o \u201cadministrador diocesano\u201d. Rezemos ao Esp\u00edrito Santo, que saiba fazer o que \u00e9 melhor. A Igreja existe sempre como um povo reunido na assembleia diocesana, com seu povo, os batizados. Todos somos importantes e nenhum deve ser considerado sem import\u00e2ncia. A Igreja existe sempre como um povo reunido em nome do Pai e do Filho e do Esp\u00edrito Santo, nos recorda o Vaticano II. N\u00e3o h\u00e1 ningu\u00e9m que possa viver sem a presen\u00e7a de todos, na comunh\u00e3o diocesana, pois em todos somos crist\u00e3os! Como n\u00e3o lembrar da Eucaristia que celebramos juntos e da\u00ed vamos em miss\u00e3o?<\/p>\n<p style=\"text-align: justify;\">\u00a0\u00a0\u00a0\u00a0\u00a0\u00a0\u00a0\u00a0\u00a0\u00a0\u00a0 Se ainda posso fazer um pedido, recordo sobretudo a nossa participa\u00e7\u00e3o no S\u00ednodo Eclesial. Ele \u00e9 muito importante para que sejamos um com toda a Igreja, desde o Papa Francisco at\u00e9 n\u00f3s. \u00c9 muito bom saber que todos somos irm\u00e3os, que minha resposta \u00e0 quest\u00e3o do S\u00ednodo vai at\u00e9 l\u00e1, onde talvez n\u00e3o tenha algo a dizer de novo. O S\u00ednodo, convocado pelo Papa Francisco, vai desde agora at\u00e9 outubro de 2023. O seu tema \u00e9: Uma Igreja Sinodal: comunh\u00e3o, participa\u00e7\u00e3o e miss\u00e3o.<\/p>\n<p style=\"text-align: justify;\">\u00a0\u00a0\u00a0\u00a0\u00a0\u00a0\u00a0\u00a0\u00a0\u00a0\u00a0 Neste dia, minha gratid\u00e3o ao site da diocesedecruzalta.com.br; o facebook; o Instagram; as r\u00e1dios; os jornais; os emails e a tantas pessoas que sempre o curtem. Nosso muito obrigado a todos e todas.<\/p>\n<p style=\"text-align: justify;\">\u00a0Enquanto estivermos assim, sem o bispo diocesano, oremos e fiquemos sempre vigilantes, at\u00e9 que o futuro bispo chegue at\u00e9 n\u00f3s!<\/p>\n<p style=\"text-align: justify;\">\u00a0\u00a0\u00a0\u00a0\u00a0\u00a0\u00a0\u00a0\u00a0\u00a0\u00a0 Muito obrigado a todos e todas! Deus vos aben\u00e7oe sempre.<\/p>\n<p>&nbsp;<\/p>\n","protected":false},"excerpt":{"rendered":"<p>Dom Adelar Baruffi Administrador diocesano de Cruz Alta (RS) \u00a0 \u00a0\u00a0\u00a0\u00a0\u00a0\u00a0\u00a0\u00a0\u00a0\u00a0\u00a0 Ao chegarmos ao final de uma etapa, com o in\u00edcio de uma nova fase, sempre bate em nosso cora\u00e7\u00e3o um sentimento de perda e de esperan\u00e7a. Perda, pelo sentido de tudo o que deixamos para tr\u00e1s, sobretudo as pessoas, o grande bem precioso, que &hellip;<\/p>\n<p class=\"read-more\"> <a class=\"\" href=\"https:\/\/www.cnbb.org.br\/muito-obrigado\/\"> <span class=\"screen-reader-text\">Muito obrigado!<\/span> Leia mais &raquo;<\/a><\/p>\n","protected":false},"author":26,"featured_media":0,"comment_status":"open","ping_status":"open","sticky":false,"template":"","format":"standard","meta":{"site-sidebar-layout":"default","site-content-layout":"default","ast-global-header-display":"","ast-banner-title-visibility":"","ast-main-header-display":"","ast-hfb-above-header-display":"","ast-hfb-below-header-display":"","ast-hfb-mobile-header-display":"","site-post-title":"","ast-breadcrumbs-content":"","ast-featured-img":"","footer-sml-layout":"","theme-transparent-header-meta":"default","adv-header-id-meta":"","stick-header-meta":"","header-above-stick-meta":"","header-main-stick-meta":"","header-below-stick-meta":""},"categories":[758],"tags":[],"acf":[],"_links":{"self":[{"href":"https:\/\/www.cnbb.org.br\/cnbb-app\/wp\/v2\/posts\/858566"}],"collection":[{"href":"https:\/\/www.cnbb.org.br\/cnbb-app\/wp\/v2\/posts"}],"about":[{"href":"https:\/\/www.cnbb.org.br\/cnbb-app\/wp\/v2\/types\/post"}],"author":[{"embeddable":true,"href":"https:\/\/www.cnbb.org.br\/cnbb-app\/wp\/v2\/users\/26"}],"replies":[{"embeddable":true,"href":"https:\/\/www.cnbb.org.br\/cnbb-app\/wp\/v2\/comments?post=858566"}],"version-history":[{"count":0,"href":"https:\/\/www.cnbb.org.br\/cnbb-app\/wp\/v2\/posts\/858566\/revisions"}],"wp:attachment":[{"href":"https:\/\/www.cnbb.org.br\/cnbb-app\/wp\/v2\/media?parent=858566"}],"wp:term":[{"taxonomy":"category","embeddable":true,"href":"https:\/\/www.cnbb.org.br\/cnbb-app\/wp\/v2\/categories?post=858566"},{"taxonomy":"post_tag","embeddable":true,"href":"https:\/\/www.cnbb.org.br\/cnbb-app\/wp\/v2\/tags?post=858566"}],"curies":[{"name":"wp","href":"https:\/\/api.w.org\/{rel}","templated":true}]}}