{"id":858569,"date":"2021-10-28T12:34:48","date_gmt":"2021-10-28T15:34:48","guid":{"rendered":"https:\/\/www.cnbb.org.br\/?p=858569"},"modified":"2022-01-10T11:01:44","modified_gmt":"2022-01-10T14:01:44","slug":"sao-judas-tadeu-martir-e-coluna-da-igreja-de-cristo","status":"publish","type":"post","link":"https:\/\/www.cnbb.org.br\/sao-judas-tadeu-martir-e-coluna-da-igreja-de-cristo\/","title":{"rendered":"S\u00e3o Judas Tadeu, m\u00e1rtir e coluna da Igreja de Cristo"},"content":{"rendered":"<p style=\"text-align: right;\"><strong>Dom Carlos Jos\u00e9<\/strong><br \/>\n<strong>Bispo de Apucarana (PR)<\/strong><\/p>\n<p style=\"text-align: justify;\">\u201cJudas, servo de Jesus Cristo e irm\u00e3o de Tiago, aos eleitos bem-amados em Deus Pai e reservados para Jesus Cristo. Que a miseric\u00f3rdia, a paz e o amor se realizem em v\u00f3s copiosamente\u201d (Jud 1, 1-2).<\/p>\n<p style=\"text-align: justify;\">Em 28 de outubro, fazemos mem\u00f3ria de S\u00e3o Judas Tadeu, conhecido como o Santo das causas imposs\u00edveis. S\u00e3o Judas, segundo antigas tradi\u00e7\u00f5es, era primo de Jesus, pois sua m\u00e3e, era prima da Virgem Maria e seu pai, Alfeu ou Cleofas, era primo de S\u00e3o Jos\u00e9, o esposo da Virgem e Pai terreno do Cristo. Judas e Tiago, seu irm\u00e3o, estavam entre os doze escolhidos para serem os primeiros disc\u00edpulos de Jesus. Os historiadores o denominam como Judas Tadeu, que significa cordato, benigno e corajoso, o que o diferencia do Iscariotes, o traidor.<\/p>\n<p style=\"text-align: justify;\">Nascido em Can\u00e1 da Galileia, S\u00e3o Judas e seu irm\u00e3o Tiago eram muito pr\u00f3ximos da fam\u00edlia de Jesus, portanto, eram conhecidos como irm\u00e3os de Jesus, devido ao parentesco familiar e \u00e0 proximidade com que viviam. Sempre citado entre os escolhidos para serem as colunas da Igreja de Jesus, Judas, no contexto da \u00daltima Ceia, munido de coragem, fala a Jesus: \u201cSenhor, porque raz\u00e3o h\u00e1s de manifestar-te a n\u00f3s e n\u00e3o ao mundo? \u201d. Jesus responde-lhe: \u201cSe algu\u00e9m me ama guardar\u00e1 a minha palavra e meu Pai o amar\u00e1, e n\u00f3s viremos a ele e nele faremos nossa morada\u201d (Jo 14, 22-23).<\/p>\n<p style=\"text-align: justify;\">Podemos perceber o desejo que Judas tinha no cora\u00e7\u00e3o de que a Palavra e os feitos de Jesus fossem rapidamente conhecidos por todos, e n\u00e3o se limitasse apenas aos disc\u00edpulos. Essa indaga\u00e7\u00e3o feita por Judas a Jesus, sobre sua revela\u00e7\u00e3o, demonstra qu\u00e3o grande era seu amor por Ele e a f\u00e9 em sua Palavra, que a queria ver difundida e anunciada. Percebemos que, muito al\u00e9m do grau de parentesco, Jesus tornou-se Mestre e Senhor na vida de S\u00e3o Judas, que, ap\u00f3s Pentecostes, repleto do Esp\u00edrito Santo, partiu em miss\u00e3o mundo afora, anunciando com fervor a Boa Nova, at\u00e9 ser martirizado por recusar-se a adorar outros deuses e a negar sua f\u00e9 em Cristo.<\/p>\n<p style=\"text-align: justify;\">S\u00e3o Judas Tadeu, comemorado justamente no m\u00eas mission\u00e1rio, nos d\u00e1 o exemplo de uma f\u00e9 madura e da doa\u00e7\u00e3o de sua vida em favor da Miss\u00e3o confiada a ele e a todos n\u00f3s, de sermos anunciadores da Palavra e do Amor salv\u00edfico de Cristo, pois, com coragem e destemor, testemunhou com o pr\u00f3prio sangue que Jesus \u00e9 o Rei e Salvador de toda humanidade.<\/p>\n<p style=\"text-align: justify;\">O seu desejo de que Cristo fosse conhecido e amado concretizou-se atrav\u00e9s de suas a\u00e7\u00f5es, palavras e entrega total de si mesmo, como um dom a favor do Reino de Deus. S\u00e3o Judas Tadeu \u00e9 invocado como o Santo das causas imposs\u00edveis, devido a uma revela\u00e7\u00e3o de Jesus a Santa Br\u00edgida, na qual dizia: \u201cInvocai com grande confian\u00e7a ao meu ap\u00f3stolo Judas Tadeu. Prometo socorrer a todos quantos por seu interm\u00e9dio a mim recorrerem\u201d, e a Santa Gertrudes: \u201cInvoque S\u00e3o Judas Tadeu nos casos mais desesperados\u201d.<\/p>\n<p style=\"text-align: justify;\">Dessa forma, tornou-se grande o n\u00famero de devotos que recorrem a S\u00e3o Judas Tadeu nas tribula\u00e7\u00f5es e causas imposs\u00edveis a serem realizadas humanamente. Por\u00e9m, ao fazermos mem\u00f3ria de S\u00e3o Judas Tadeu, antes de tudo devemos faz\u00ea-lo n\u00e3o apenas pelos milagres que esse Santo de Deus nos alcan\u00e7a, mas sim por Ele ter sido escolhido pelo pr\u00f3prio Jesus para ser uma das doze colunas da Igreja de Cristo e, guardando sua Palavra, como lhe respondeu Jesus na \u00daltima Ceia, manifestou ao mundo o Amor do Pai pelos homens.<\/p>\n<p style=\"text-align: justify;\">Neste m\u00eas mission\u00e1rio, pe\u00e7amos em nossas ora\u00e7\u00f5es que S\u00e3o Judas Tadeu interceda para que sejamos disc\u00edpulos\/mission\u00e1rios em todas as circunst\u00e2ncias e lugares de nossa caminhada. \u201cMas v\u00f3s, car\u00edssimos, edificai-vos mutuamente sobre o fundamento da vossa sant\u00edssima f\u00e9. Orai no Esp\u00edrito Santo. Conservai-vos no amor de Deus, aguardando a miseric\u00f3rdia de Nosso Senhor Jesus Cristo para a vida eterna\u201d (Jud. 1,20-21). \u201cS\u00e3o Judas Tadeu, ajudai-nos a encontrar sa\u00edda nas situa\u00e7\u00f5es dif\u00edceis da vida. D\u00e1-nos coragem de que, entendendo o plano de Deus em nossa vida, sejamos corajosos para pratic\u00e1-lo\u201d.<\/p>\n","protected":false},"excerpt":{"rendered":"<p>Dom Carlos Jos\u00e9 Bispo de Apucarana (PR) \u201cJudas, servo de Jesus Cristo e irm\u00e3o de Tiago, aos eleitos bem-amados em Deus Pai e reservados para Jesus Cristo. Que a miseric\u00f3rdia, a paz e o amor se realizem em v\u00f3s copiosamente\u201d (Jud 1, 1-2). Em 28 de outubro, fazemos mem\u00f3ria de S\u00e3o Judas Tadeu, conhecido como &hellip;<\/p>\n<p class=\"read-more\"> <a class=\"\" href=\"https:\/\/www.cnbb.org.br\/sao-judas-tadeu-martir-e-coluna-da-igreja-de-cristo\/\"> <span class=\"screen-reader-text\">S\u00e3o Judas Tadeu, m\u00e1rtir e coluna da Igreja de Cristo<\/span> Leia mais &raquo;<\/a><\/p>\n","protected":false},"author":101,"featured_media":0,"comment_status":"open","ping_status":"open","sticky":false,"template":"","format":"standard","meta":{"site-sidebar-layout":"default","site-content-layout":"default","ast-global-header-display":"","ast-banner-title-visibility":"","ast-main-header-display":"","ast-hfb-above-header-display":"","ast-hfb-below-header-display":"","ast-hfb-mobile-header-display":"","site-post-title":"","ast-breadcrumbs-content":"","ast-featured-img":"","footer-sml-layout":"","theme-transparent-header-meta":"default","adv-header-id-meta":"","stick-header-meta":"","header-above-stick-meta":"","header-main-stick-meta":"","header-below-stick-meta":""},"categories":[758,1837],"tags":[],"acf":[],"_links":{"self":[{"href":"https:\/\/www.cnbb.org.br\/cnbb-app\/wp\/v2\/posts\/858569"}],"collection":[{"href":"https:\/\/www.cnbb.org.br\/cnbb-app\/wp\/v2\/posts"}],"about":[{"href":"https:\/\/www.cnbb.org.br\/cnbb-app\/wp\/v2\/types\/post"}],"author":[{"embeddable":true,"href":"https:\/\/www.cnbb.org.br\/cnbb-app\/wp\/v2\/users\/101"}],"replies":[{"embeddable":true,"href":"https:\/\/www.cnbb.org.br\/cnbb-app\/wp\/v2\/comments?post=858569"}],"version-history":[{"count":0,"href":"https:\/\/www.cnbb.org.br\/cnbb-app\/wp\/v2\/posts\/858569\/revisions"}],"wp:attachment":[{"href":"https:\/\/www.cnbb.org.br\/cnbb-app\/wp\/v2\/media?parent=858569"}],"wp:term":[{"taxonomy":"category","embeddable":true,"href":"https:\/\/www.cnbb.org.br\/cnbb-app\/wp\/v2\/categories?post=858569"},{"taxonomy":"post_tag","embeddable":true,"href":"https:\/\/www.cnbb.org.br\/cnbb-app\/wp\/v2\/tags?post=858569"}],"curies":[{"name":"wp","href":"https:\/\/api.w.org\/{rel}","templated":true}]}}