{"id":858591,"date":"2021-10-27T17:44:11","date_gmt":"2021-10-27T20:44:11","guid":{"rendered":"https:\/\/www.cnbb.org.br\/?p=858591"},"modified":"2021-10-28T16:48:43","modified_gmt":"2021-10-28T19:48:43","slug":"jornada-catequetica-pelas-redes-sociais-vai-refletir-sobre-o-tema-pode-a-palavra-se-fazer-digital","status":"publish","type":"post","link":"https:\/\/www.cnbb.org.br\/jornada-catequetica-pelas-redes-sociais-vai-refletir-sobre-o-tema-pode-a-palavra-se-fazer-digital\/","title":{"rendered":"Jornada Catequ\u00e9tica pelas redes sociais vai refletir sobre o tema &#8220;Pode a Palavra se fazer digital?&#8221;"},"content":{"rendered":"<p>A Comiss\u00e3o Episcopal Pastoral para a Anima\u00e7\u00e3o B\u00edblico Catequ\u00e9tica da Confer\u00eancia Nacional dos Bispos do Brasil (CNBB) promove hoje, 27, e amanh\u00e3, 28, a <em><strong>Jornada Catequ\u00e9tica<\/strong><\/em>. Em parceria com a PUC-Rio e a Sociedade Brasileira de Catequetas (SBCat), o evento pelas redes sociais vai abordar o tema &#8220;Pode a Palavra se fazer digital? Desafios e oportunidades para a catequese&#8221;.<\/p>\n<p>O objetivo \u00e9 refletir sobre o papel da evangeliza\u00e7\u00e3o e da catequese na cultura digital, promovendo o di\u00e1logo entre as institui\u00e7\u00f5es que promovem a jornada &#8211; a SBCat, a CNBB, (por meio da Comiss\u00e3o B\u00edblico-Catequ\u00e9tica) e a PUC-Rio &#8211; com os catequistas.<\/p>\n<p>O evento ter\u00e1 participa\u00e7\u00e3o do arcebispo de Curitiba (PR) e presidente da Comiss\u00e3o para a Anima\u00e7\u00e3o B\u00edblico-Catequ\u00e9tica, dom Jos\u00e9 Ant\u00f4nio Peruzzo; do bispo de Livramento de Nossa Senhora (BA) e membro da comiss\u00e3o, dom Armando Bucciol; e do assessor, padre J\u00e2nison de S\u00e1 Santos.<\/p>\n<p>V\u00e3o ajudar a aprofundar a tem\u00e1tica especialistas e estudiosos nas \u00e1reas da comunica\u00e7\u00e3o e da catequese, como o p<span style=\"font-size: 16px;\">rofessor Mois\u00e9s Sbardelotto; a i<\/span>rm\u00e3 Zuleica Silvano, assessora do Servi\u00e7o de Anima\u00e7\u00e3o B\u00edblica das Paulinas; o irm\u00e3o Israel Jose Nery, FSC, que \u00e9 membro do\u00a0<span data-contrast=\"auto\">Grupo de Reflex\u00e3o B\u00edblico<\/span><span data-contrast=\"auto\">\u2013<\/span><span data-contrast=\"auto\">Catequ\u00e9tic<\/span><span data-contrast=\"auto\">a<\/span><span data-contrast=\"auto\"> (GREBICAT); e o padre Abimar Moraes, da PUC-Rio, entre outros nomes.\u00a0<\/span><\/p>\n<p>&nbsp;<\/p>\n<p>Acompanhe a transmiss\u00e3o a partir das 20h, nos canais da CNBB, da Edi\u00e7\u00f5es CNBB e Catequese do Brasil.<\/p>\n<div class=\"ast-oembed-container\" style=\"height: 100%;\">\n<div style=\"max-width: 1333px;\">\n<div style=\"left: 0; width: 100%; height: 0; position: relative; padding-bottom: 56.25%;\"><iframe title=\"Jornada Catequ\u00e9tica 2021 | 1\u00ba Dia\" src=\"https:\/\/www.youtube.com\/embed\/2jvRw2TNcZw?rel=0\" style=\"top: 0; left: 0; width: 100%; height: 100%; position: absolute; border: 0;\" allowfullscreen scrolling=\"no\" allow=\"accelerometer; clipboard-write; encrypted-media; gyroscope; picture-in-picture;\"><\/iframe><\/div>\n<\/div>\n<\/div>\n","protected":false},"excerpt":{"rendered":"<p>O objetivo \u00e9 refletir sobre o papel da evangeliza\u00e7\u00e3o e da catequese na cultura digital, promovendo o di\u00e1logo entre as institui\u00e7\u00f5es que promovem a jornada &#8211; a SBCat, a CNBB, (por meio da Comiss\u00e3o B\u00edblico-Catequ\u00e9tica) e a PUC-Rio &#8211; com os catequistas<\/p>\n","protected":false},"author":83,"featured_media":858599,"comment_status":"open","ping_status":"open","sticky":false,"template":"","format":"standard","meta":{"site-sidebar-layout":"default","site-content-layout":"default","ast-global-header-display":"","ast-banner-title-visibility":"","ast-main-header-display":"","ast-hfb-above-header-display":"","ast-hfb-below-header-display":"","ast-hfb-mobile-header-display":"","site-post-title":"","ast-breadcrumbs-content":"","ast-featured-img":"","footer-sml-layout":"","theme-transparent-header-meta":"default","adv-header-id-meta":"","stick-header-meta":"","header-above-stick-meta":"","header-main-stick-meta":"","header-below-stick-meta":""},"categories":[800],"tags":[1881,2250],"acf":[],"_links":{"self":[{"href":"https:\/\/www.cnbb.org.br\/cnbb-app\/wp\/v2\/posts\/858591"}],"collection":[{"href":"https:\/\/www.cnbb.org.br\/cnbb-app\/wp\/v2\/posts"}],"about":[{"href":"https:\/\/www.cnbb.org.br\/cnbb-app\/wp\/v2\/types\/post"}],"author":[{"embeddable":true,"href":"https:\/\/www.cnbb.org.br\/cnbb-app\/wp\/v2\/users\/83"}],"replies":[{"embeddable":true,"href":"https:\/\/www.cnbb.org.br\/cnbb-app\/wp\/v2\/comments?post=858591"}],"version-history":[{"count":0,"href":"https:\/\/www.cnbb.org.br\/cnbb-app\/wp\/v2\/posts\/858591\/revisions"}],"wp:featuredmedia":[{"embeddable":true,"href":"https:\/\/www.cnbb.org.br\/cnbb-app\/wp\/v2\/media\/858599"}],"wp:attachment":[{"href":"https:\/\/www.cnbb.org.br\/cnbb-app\/wp\/v2\/media?parent=858591"}],"wp:term":[{"taxonomy":"category","embeddable":true,"href":"https:\/\/www.cnbb.org.br\/cnbb-app\/wp\/v2\/categories?post=858591"},{"taxonomy":"post_tag","embeddable":true,"href":"https:\/\/www.cnbb.org.br\/cnbb-app\/wp\/v2\/tags?post=858591"}],"curies":[{"name":"wp","href":"https:\/\/api.w.org\/{rel}","templated":true}]}}