{"id":858626,"date":"2021-10-28T11:06:39","date_gmt":"2021-10-28T14:06:39","guid":{"rendered":"https:\/\/www.cnbb.org.br\/?p=858626"},"modified":"2021-10-28T11:07:16","modified_gmt":"2021-10-28T14:07:16","slug":"percorrendo-o-caminho-sinodal","status":"publish","type":"post","link":"https:\/\/www.cnbb.org.br\/percorrendo-o-caminho-sinodal\/","title":{"rendered":"Percorrendo o caminho sinodal"},"content":{"rendered":"<p style=\"text-align: right;\"><strong>Cardeal Sergio da Rocha<\/strong><br \/>\n<strong>Arcebispo de Salvador (BA)<\/strong><\/p>\n<p>&nbsp;<\/p>\n<p style=\"text-align: justify;\">\u00a0\u00a0\u00a0\u00a0\u00a0\u00a0\u00a0\u00a0\u00a0\u00a0\u00a0 Est\u00e1 em curso um acontecimento de especial import\u00e2ncia eclesial, com repercuss\u00e3o al\u00e9m da Igreja Cat\u00f3lica: o caminho rumo ao S\u00ednodo dos Bispos. O Papa Francisco convocou toda a Igreja Cat\u00f3lica a percorrer o caminho que culminar\u00e1 na XVI Assembleia Geral Ordin\u00e1ria do S\u00ednodo dos Bispos, tamb\u00e9m denominada apenas como \u201cS\u00ednodo dos Bispos\u201d, em outubro de 2023, tendo como tema \u201cPor uma Igreja sinodal: comunh\u00e3o, participa\u00e7\u00e3o e miss\u00e3o\u201d. Em Roma, a abertura desse caminho ocorreu dia 10 de outubro; em todas as Dioceses, no dia 17 de outubro deste ano.<\/p>\n<p style=\"text-align: justify;\">\u00a0\u00a0\u00a0\u00a0\u00a0\u00a0\u00a0\u00a0\u00a0\u00a0\u00a0 O tema da \u201csinodalidade\u201d \u00e9 de profunda atualidade, adquirindo especial import\u00e2ncia desde o Vaticano II, principalmente no pontificado do Papa Francisco. Ele ofereceu uma reflex\u00e3o teol\u00f3gica profunda e desafiadora sobre a sinodalidade da Igreja, em 17 de outubro de 2015, na comemora\u00e7\u00e3o dos 50 anos da institui\u00e7\u00e3o do S\u00ednodo dos Bispos. De acordo com seu sentido etimol\u00f3gico, o termo grego \u201cs\u00ednodo\u201d significa \u201ccaminhar juntos\u201d. A sinodalidade expressa a participa\u00e7\u00e3o e a comunh\u00e3o em vista da miss\u00e3o. A unidade, a variedade e a universalidade do Povo de Deus se manifestam no caminho sinodal.<\/p>\n<p style=\"text-align: justify;\">\u00a0\u00a0\u00a0\u00a0\u00a0\u00a0\u00a0\u00a0\u00a0\u00a0\u00a0 Dentre as iniciativas tomadas por ele para tornar mais efetiva a sinodalidade, est\u00e1 a amplia\u00e7\u00e3o da consulta na fase preparat\u00f3ria da Assembleia Sinodal, como ocorre atualmente. Francisco ampliou o processo de escuta iniciado nos S\u00ednodos anteriores, estabelecendo v\u00e1rias fases, com in\u00edcio nas dioceses, prosseguindo nos n\u00edveis nacional, atrav\u00e9s da CNBB, e continental, contando com o CELAM (Conselho Episcopal Latino-americano). Contudo, o caminho sinodal n\u00e3o se restringe ao \u00e2mbito geogr\u00e1fico; revela-se ao mesmo tempo um itiner\u00e1rio espiritual que exige passos, como ocorre em todo caminhar.<\/p>\n<p style=\"text-align: justify;\">\u00a0\u00a0\u00a0\u00a0\u00a0\u00a0\u00a0\u00a0\u00a0\u00a0\u00a0 Na homilia de abertura do S\u00ednodo, o Papa Francisco ressaltou tr\u00eas verbos a serem conjugados no caminho sinodal: a) <em>encontrar<\/em>, pois necessitamos de \u201ctempo para encontrar o Senhor e favorecer o encontro entre n\u00f3s\u201d; b) <em>escutar<\/em>, ressaltando que \u00e9 preciso \u201cescutar com o cora\u00e7\u00e3o\u201d, \u201cn\u00e3o apenas com os ouvidos\u201d; c) <em>discernir<\/em> os passos a serem dados.<\/p>\n<p style=\"text-align: justify;\">\u00a0\u00a0\u00a0\u00a0\u00a0\u00a0\u00a0\u00a0\u00a0\u00a0\u00a0 O itiner\u00e1rio sinodal \u00e9 um tempo especial de reflex\u00e3o e viv\u00eancia do tema proposto. Ele n\u00e3o se reduz \u00e0 reflex\u00e3o, mas consiste num exerc\u00edcio efetivo de sinodalidade. O caminho sinodal n\u00e3o pode restringir-se a produzir documentos ou a adotar novas palavras. A prop\u00f3sito, no Discurso para o In\u00edcio do Percurso Sinodal, o Papa nos alerta para tr\u00eas riscos: 1\u00ba) <em>formalismo<\/em>; 2\u00ba) <em>intelectualismo<\/em>, pois n\u00e3o se pode \u201ctransformar o S\u00ednodo numa esp\u00e9cie de grupo de estudo, com interven\u00e7\u00f5es cultas, mas alheias aos problemas da Igreja e aos males do mundo\u201d; 3\u00ba) <em>imobilismo<\/em>. \u00c9 importante acompanhar atentamente este evento de extraordin\u00e1ria import\u00e2ncia para a Igreja no mundo de hoje.<\/p>\n<p style=\"text-align: justify;\">\n","protected":false},"excerpt":{"rendered":"<p>Cardeal Sergio da Rocha Arcebispo de Salvador (BA) &nbsp; \u00a0\u00a0\u00a0\u00a0\u00a0\u00a0\u00a0\u00a0\u00a0\u00a0\u00a0 Est\u00e1 em curso um acontecimento de especial import\u00e2ncia eclesial, com repercuss\u00e3o al\u00e9m da Igreja Cat\u00f3lica: o caminho rumo ao S\u00ednodo dos Bispos. O Papa Francisco convocou toda a Igreja Cat\u00f3lica a percorrer o caminho que culminar\u00e1 na XVI Assembleia Geral Ordin\u00e1ria do S\u00ednodo dos Bispos, &hellip;<\/p>\n<p class=\"read-more\"> <a class=\"\" href=\"https:\/\/www.cnbb.org.br\/percorrendo-o-caminho-sinodal\/\"> <span class=\"screen-reader-text\">Percorrendo o caminho sinodal<\/span> Leia mais &raquo;<\/a><\/p>\n","protected":false},"author":78,"featured_media":0,"comment_status":"open","ping_status":"open","sticky":false,"template":"","format":"standard","meta":{"site-sidebar-layout":"default","site-content-layout":"default","ast-global-header-display":"","ast-banner-title-visibility":"","ast-main-header-display":"","ast-hfb-above-header-display":"","ast-hfb-below-header-display":"","ast-hfb-mobile-header-display":"","site-post-title":"","ast-breadcrumbs-content":"","ast-featured-img":"","footer-sml-layout":"","theme-transparent-header-meta":"default","adv-header-id-meta":"","stick-header-meta":"","header-above-stick-meta":"","header-main-stick-meta":"","header-below-stick-meta":""},"categories":[758],"tags":[],"acf":[],"_links":{"self":[{"href":"https:\/\/www.cnbb.org.br\/cnbb-app\/wp\/v2\/posts\/858626"}],"collection":[{"href":"https:\/\/www.cnbb.org.br\/cnbb-app\/wp\/v2\/posts"}],"about":[{"href":"https:\/\/www.cnbb.org.br\/cnbb-app\/wp\/v2\/types\/post"}],"author":[{"embeddable":true,"href":"https:\/\/www.cnbb.org.br\/cnbb-app\/wp\/v2\/users\/78"}],"replies":[{"embeddable":true,"href":"https:\/\/www.cnbb.org.br\/cnbb-app\/wp\/v2\/comments?post=858626"}],"version-history":[{"count":0,"href":"https:\/\/www.cnbb.org.br\/cnbb-app\/wp\/v2\/posts\/858626\/revisions"}],"wp:attachment":[{"href":"https:\/\/www.cnbb.org.br\/cnbb-app\/wp\/v2\/media?parent=858626"}],"wp:term":[{"taxonomy":"category","embeddable":true,"href":"https:\/\/www.cnbb.org.br\/cnbb-app\/wp\/v2\/categories?post=858626"},{"taxonomy":"post_tag","embeddable":true,"href":"https:\/\/www.cnbb.org.br\/cnbb-app\/wp\/v2\/tags?post=858626"}],"curies":[{"name":"wp","href":"https:\/\/api.w.org\/{rel}","templated":true}]}}