{"id":858671,"date":"2021-10-28T17:08:52","date_gmt":"2021-10-28T20:08:52","guid":{"rendered":"https:\/\/www.cnbb.org.br\/?p=858671"},"modified":"2021-10-28T17:09:25","modified_gmt":"2021-10-28T20:09:25","slug":"eu-creio-na-vida-eterna-2","status":"publish","type":"post","link":"https:\/\/www.cnbb.org.br\/eu-creio-na-vida-eterna-2\/","title":{"rendered":"Eu creio na vida eterna"},"content":{"rendered":"<p style=\"text-align: right;\"><strong>Dom Rodolfo Lu\u00eds Weber<\/strong><br \/>\n<strong>Arcebispo de Passo Fundo (RS)<\/strong><\/p>\n<p>&nbsp;<\/p>\n<p style=\"text-align: justify;\">\u00a0\u00a0\u00a0\u00a0\u00a0\u00a0\u00a0\u00a0\u00a0\u00a0\u00a0 A proximidade do Dia de Finados convida a refletir sobre a morte. Os cemit\u00e9rios fazem parte da paisagem das cidades e dos campos. S\u00e3o o sinal das in\u00fameras gera\u00e7\u00f5es que nos precederam. Indicam a finitude dos humanos e de todos os seres vivos. Convivemos cotidianamente com as not\u00edcias de mortes ocorridas pelas mais diversas causas. O sonho \u00e9 que todas as mortes ocorram por causas naturais, mesmo estas n\u00e3o aceitamos.<\/p>\n<p style=\"text-align: justify;\">Levar a s\u00e9rio a morte \u00e9 sinal da valoriza\u00e7\u00e3o da vida. \u00c9 importante falar sobre ela. A morte \u00e9 uma realidade que n\u00e3o se conforma com a superficialidade. N\u00e3o pode ser ignorado o fator existencial do medo de morrer e da sua imprevisibilidade. A certeza da morte gera ang\u00fastia.<\/p>\n<p style=\"text-align: justify;\">Como o crist\u00e3o convive com a certeza da morte? As atitudes e palavras de Jesus Cristo s\u00e3o luz que iluminam este contexto angustiante e sofrido. O evangelho de Jo\u00e3o 11,1-44 relata a postura de Jesus diante da morte do amigo L\u00e1zaro. A primeira atitude \u00e9 de solidariedade com Maria e Marta, as irm\u00e3s do falecido, indo visit\u00e1-las, ouvindo-as, dialogando com elas sobre o acontecimento. No encontro com as irm\u00e3s e o corpo do falecido, o evangelista registra que, Jesus \u201ccomoveu-se interiormente\u201d, \u201cperturbou-se\u201d e \u201cchorou\u201d. Na v\u00e9spera de ser crucificado manifesta a sua ang\u00fastia e medo. No alto da cruz sente-se abandonado.<\/p>\n<p style=\"text-align: justify;\">O encontro com a irm\u00e3s proporcionou uma oportunidade para dialogar. A conversa inicia com a manifesta\u00e7\u00e3o das irm\u00e3s de que a morte poderia ter sido evitada se Jesus tivesse chegado antes. Ele n\u00e3o ignora este desejo, mas n\u00e3o se fixa nesta queixa. Jesus abre um novo horizonte para Marta e Maria diante do desejo de imortalidade. \u201cTeu irm\u00e3o ressuscitar\u00e1\u201d. \u201cEu sou a ressurrei\u00e7\u00e3o e a vida. \u00a0Quem cr\u00ea em mim, ainda que tenha morrido, viver\u00e1\u201d. A limitada condi\u00e7\u00e3o humana, marcada pela morte, pode ser vista sob nova perspectiva. Os seguidores de Cristo podem professar: eu creio na vida eterna!<\/p>\n<p style=\"text-align: justify;\">Os crist\u00e3os percebem que Jesus Cristo n\u00e3o ignora, nem minimiza o sofrimento causado pela morte dos entes queridos. Pois, n\u00e3o \u00e9 poss\u00edvel ficar indiferente nesta ocasi\u00e3o. O crist\u00e3o tamb\u00e9m ouve de Jesus Cristo a boa nova da vida eterna e da ressurrei\u00e7\u00e3o. Ao sofredor \u00e9 oferecida a virtude teologal da esperan\u00e7a. A esperan\u00e7a n\u00e3o \u00e9 somente a espera de um bem futuro; mas \u00e9 antecipa\u00e7\u00e3o das coisas futuras prometidas e j\u00e1 doadas pelo Senhor. \u201cNa esperan\u00e7a, o hoje se abre para o horizonte da eternidade e a eternidade vem colocar as suas tendas no hoje; gra\u00e7as \u00e0 esperan\u00e7a, o tempo quantificado (que nunca nos \u00e9 suficiente, que \u00e9 sempre muito pouco) torna-se tempo qualificado, hora da gra\u00e7a, tempo favor\u00e1vel, hoje da salva\u00e7\u00e3o, momento degustado na paz\u201d (Cardeal Martini).<\/p>\n<p style=\"text-align: justify;\">A pandemia da covid-19 impediu a realiza\u00e7\u00e3o digna e humana de vel\u00f3rios e a celebra\u00e7\u00e3o das ex\u00e9quias ou funerais. A Igreja, atrav\u00e9s do Ritual das Ex\u00e9quias, participa da vida dos fi\u00e9is em luto. Ela exprime o car\u00e1ter pascal da morte crist\u00e3 e anuncia \u00e0 comunidade a f\u00e9 na vida eterna e, simultaneamente, real\u00e7a a provisoriedade da vida terrena. As ex\u00e9quias tamb\u00e9m t\u00eam por finalidade ser presen\u00e7a consoladora e fraterna junto aos familiares enlutados. Pois a dor dos familiares n\u00e3o pode ser quantificada, mas pode ser compartilhada e despertar compaix\u00e3o.<\/p>\n<p style=\"text-align: justify;\">Aos falecidos, dai-lhes, Senhor, o repouso eterno. E brilhe para eles a vossa luz. Descansem em paz. Am\u00e9m.<\/p>\n","protected":false},"excerpt":{"rendered":"<p>Dom Rodolfo Lu\u00eds Weber Arcebispo de Passo Fundo (RS) &nbsp; \u00a0\u00a0\u00a0\u00a0\u00a0\u00a0\u00a0\u00a0\u00a0\u00a0\u00a0 A proximidade do Dia de Finados convida a refletir sobre a morte. Os cemit\u00e9rios fazem parte da paisagem das cidades e dos campos. S\u00e3o o sinal das in\u00fameras gera\u00e7\u00f5es que nos precederam. Indicam a finitude dos humanos e de todos os seres vivos. Convivemos &hellip;<\/p>\n<p class=\"read-more\"> <a class=\"\" href=\"https:\/\/www.cnbb.org.br\/eu-creio-na-vida-eterna-2\/\"> <span class=\"screen-reader-text\">Eu creio na vida eterna<\/span> Leia mais &raquo;<\/a><\/p>\n","protected":false},"author":27,"featured_media":0,"comment_status":"open","ping_status":"open","sticky":false,"template":"","format":"standard","meta":{"site-sidebar-layout":"default","site-content-layout":"default","ast-global-header-display":"","ast-banner-title-visibility":"","ast-main-header-display":"","ast-hfb-above-header-display":"","ast-hfb-below-header-display":"","ast-hfb-mobile-header-display":"","site-post-title":"","ast-breadcrumbs-content":"","ast-featured-img":"","footer-sml-layout":"","theme-transparent-header-meta":"default","adv-header-id-meta":"","stick-header-meta":"","header-above-stick-meta":"","header-main-stick-meta":"","header-below-stick-meta":""},"categories":[758],"tags":[],"acf":[],"_links":{"self":[{"href":"https:\/\/www.cnbb.org.br\/cnbb-app\/wp\/v2\/posts\/858671"}],"collection":[{"href":"https:\/\/www.cnbb.org.br\/cnbb-app\/wp\/v2\/posts"}],"about":[{"href":"https:\/\/www.cnbb.org.br\/cnbb-app\/wp\/v2\/types\/post"}],"author":[{"embeddable":true,"href":"https:\/\/www.cnbb.org.br\/cnbb-app\/wp\/v2\/users\/27"}],"replies":[{"embeddable":true,"href":"https:\/\/www.cnbb.org.br\/cnbb-app\/wp\/v2\/comments?post=858671"}],"version-history":[{"count":0,"href":"https:\/\/www.cnbb.org.br\/cnbb-app\/wp\/v2\/posts\/858671\/revisions"}],"wp:attachment":[{"href":"https:\/\/www.cnbb.org.br\/cnbb-app\/wp\/v2\/media?parent=858671"}],"wp:term":[{"taxonomy":"category","embeddable":true,"href":"https:\/\/www.cnbb.org.br\/cnbb-app\/wp\/v2\/categories?post=858671"},{"taxonomy":"post_tag","embeddable":true,"href":"https:\/\/www.cnbb.org.br\/cnbb-app\/wp\/v2\/tags?post=858671"}],"curies":[{"name":"wp","href":"https:\/\/api.w.org\/{rel}","templated":true}]}}