{"id":858818,"date":"2021-11-03T12:44:43","date_gmt":"2021-11-03T15:44:43","guid":{"rendered":"https:\/\/www.cnbb.org.br\/?p=858818"},"modified":"2021-11-03T12:45:33","modified_gmt":"2021-11-03T15:45:33","slug":"indulgencias-serao-concedidas-aos-defuntos-durante-todo-o-mes-de-novembro","status":"publish","type":"post","link":"https:\/\/www.cnbb.org.br\/indulgencias-serao-concedidas-aos-defuntos-durante-todo-o-mes-de-novembro\/","title":{"rendered":"Indulg\u00eancias ser\u00e3o concedidas aos defuntos durante todo o m\u00eas de novembro"},"content":{"rendered":"<p>As indulg\u00eancias concedidas pela Igreja aos finados no dia 2 e em toda primeira semana de novembro, ser\u00e3o estendidas, pela segunda vez, durante todo o m\u00eas. A decis\u00e3o \u00e9 da Penitenci\u00e1ria Apost\u00f3lica e poder\u00e3o lucrar as indulg\u00eancias em favor dos falecidos aqueles que rezarem nas inten\u00e7\u00f5es do Papa, na forma estabelecida pela Igreja. O bispo de Paranagu\u00e1 (PR) e presidente da Comiss\u00e3o Episcopal Pastoral para a Liturgia da Confer\u00eancia Nacional dos Bispos do Brasil (CNBB), dom Edmar Peron, gravou um v\u00eddeo no qual explica essa oportunidade oferecida pela Igreja.<\/p>\n<h3>Rezar pelos que j\u00e1 morreram<\/h3>\n<p>Dom Edmar situa que a celebra\u00e7\u00e3o do Dia de Finados &#8220;marca-nos profundamente&#8221;, por experimentarmos <span style=\"font-size: 16px;\">a dor da morte em nossas fam\u00edlias, mas tamb\u00e9m &#8220;porque, como homens e mulheres de f\u00e9, elevamos a Deus nossas preces pelas pessoas que j\u00e1 morreram&#8221;. O bispo conta que o costume de rezar pelos que j\u00e1 morreram, est\u00e1 ligado \u00e0 compreens\u00e3o b\u00edblica encontrada no segundo livro dos Macabeus, no cap\u00edtulo 12, quando Judas manda que sejam oferecidos sacrif\u00edcios no templo pelos pecados dos que morreram. <\/span><\/p>\n<blockquote><p><span style=\"font-size: 16px;\">&#8220;A ora\u00e7\u00e3o est\u00e1 ligada, portanto, \u00e0 purifica\u00e7\u00e3o dos pecados. E a grande luz para tudo isso \u00e9 porque cremos na gloriosa ressurrei\u00e7\u00e3o, cremos na vida junto de Deus&#8221;, situa o bispo.<\/span><\/p><\/blockquote>\n<h3>Indulg\u00eancias<\/h3>\n<p>Essa ora\u00e7\u00e3o de purifica\u00e7\u00e3o, explica dom Edmar, pode estar dentro do grande horizonte das indulg\u00eancias. &#8220;Quando n\u00f3s nos confessamos, nossos pecados s\u00e3o perdoados, mas marcas do pecado permanecem em nossas vidas. N\u00f3s ficamos feridos. O perd\u00e3o nos \u00e9 dado, mas \u00e9 preciso corrigir aquilo que ficou destru\u00eddo pelo pecado, ou seja, \u00e9 preciso que unamos ao perd\u00e3o a penit\u00eancia, a purifica\u00e7\u00e3o&#8221;, detalha.<\/p>\n<p>Portanto, ao rezar pelos que j\u00e1 morreram, os fi\u00e9is podem alcan\u00e7ar indulg\u00eancia em favor daqueles que j\u00e1 se foram, pedindo a pedindo a purifica\u00e7\u00e3o dos pecados.<\/p>\n<p>O Diret\u00f3rio\u00a0de Liturgia da Igreja no Brasil detalha as indulg\u00eancias concedidas, das quais destaca-se a primeira forma, estendida por todo o m\u00eas de novembro, por conta da pandemia do novo coronav\u00edrus:<\/p>\n<ol>\n<li>\n<blockquote><p>Aos que visitarem o cemit\u00e9rio e rezarem, mesmo s\u00f3 mentalmente, pelos defuntos, concede-se uma <strong>Indulg\u00eancia Plen\u00e1ria,\u00a0<\/strong>s\u00f3 aplic\u00e1vel aos defuntos: diariamente, do dia 1\u00ba ao dia 8\u00ba de novembro, nas condi\u00e7\u00f5es de costume, isto \u00e9: confiss\u00e3o sacramental, comunh\u00e3o eucar\u00edstica e ora\u00e7\u00e3o nas inten\u00e7\u00f5es do Sumo Pont\u00edfice; nos restantes dias do ano,\u00a0<strong>Indulg\u00eancia Parcial\u00a0<\/strong>(<em>Enchir. Indulgentiarum,<\/em>\u00a0n. 13).<\/p><\/blockquote>\n<ol>\n<li style=\"list-style-type: none;\"><\/li>\n<\/ol>\n<\/li>\n<\/ol>\n<p>&nbsp;<\/p>\n<p>Dom Edmar Peron explica que essa ora\u00e7\u00e3o \u00e9 em comunh\u00e3o filial e respeitosa com a pessoa do Papa: &#8220;N\u00f3s rezamos ent\u00e3o o creio e o Pai Nosso, estando no cemit\u00e9rio, visitando uma Igreja ou mesmo diante de uma imagem de Nossa Senhora ou de Nosso Senhor Jesus Cristo&#8221;.<\/p>\n<blockquote><p>&#8220;Unimos a estas ora\u00e7\u00f5es pelo Papa um desejo sincero de romper com o pecado, afastar nosso cora\u00e7\u00e3o do pecado. E, se n\u00f3s n\u00e3o tivermos a ocasi\u00e3o da confiss\u00e3o nesses dias, na primeira oportunidade iremos nos confessar. Tamb\u00e9m participaremos da comunh\u00e3o eucar\u00edstica. Estas duas atitudes \u2013 da confiss\u00e3o sacramental e da comunh\u00e3o eucar\u00edstica \u2013 est\u00e3o profundamente unidas \u00e0s ora\u00e7\u00f5es pelo Santo Padre&#8221;.<\/p><\/blockquote>\n<p>Ao final do v\u00eddeo, o bispo deseja a cada um que renove sua confian\u00e7a &#8220;na vida eterna, na ressurrei\u00e7\u00e3o, na feliz ressurrei\u00e7\u00e3o, na gloriosa participa\u00e7\u00e3o diante de Deus&#8221;.<\/p>\n<blockquote><p>Que voc\u00ea reze comigo, com toda a Igreja, pelos que j\u00e1 faleceram, pedindo indulg\u00eancia, purifica\u00e7\u00e3o de todos os seus pecados, das marcas que o pecado deixou.\u00a0Possamos rezando pelos que faleceram, unir for\u00e7as para enfrentar a pandemia e as suas consequ\u00eancias.<\/p><\/blockquote>\n<p>&nbsp;<\/p>\n<div class=\"ast-oembed-container\" style=\"height: 100%;\">\n<div style=\"max-width: 1333px;\">\n<div style=\"left: 0; width: 100%; height: 0; position: relative; padding-bottom: 56.25%;\"><iframe title=\"Dom Edmar Peron fala sobre o dia de Finados\" src=\"https:\/\/www.youtube.com\/embed\/ltV2tmQPrXE?rel=0\" style=\"top: 0; left: 0; width: 100%; height: 100%; position: absolute; border: 0;\" allowfullscreen scrolling=\"no\" allow=\"accelerometer; clipboard-write; encrypted-media; gyroscope; picture-in-picture;\"><\/iframe><\/div>\n<\/div>\n<\/div>\n<p>&nbsp;<\/p>\n<div class=\"iframely-embed\">\n<div class=\"iframely-responsive\" style=\"padding-bottom: 56.2667%; padding-top: 120px;\"><a href=\"https:\/\/www.cnbb.org.br\/fieis-defuntos-oracao-indulgencias-falecidos\/\" data-iframely-url=\"\/\/cdn.iframe.ly\/MRkYqpv?maxheight=750\"><\/a><\/div>\n<\/div>\n<p><script async src=\"\/\/cdn.iframe.ly\/embed.js\" charset=\"utf-8\"><\/script><\/p>\n<p>&nbsp;<\/p>\n<p><a class=\"ytp-title-link yt-uix-sessionlink\" tabindex=\"-1\" href=\"https:\/\/www.youtube.com\/watch?v=6lqICgarFRQ\" data-rel=\"lightbox-video-0\" target=\"_blank\" rel=\"noopener\" data-sessionlink=\"feature=player-title\">Dia de Finados &#8211; Mensagem de Dom Walmor<\/a><\/p>\n","protected":false},"excerpt":{"rendered":"<p>Dom Edmar Peron fala sobre a ora\u00e7\u00e3o dedicada aos fi\u00e9is defuntos, por meio das quais a Igreja concede indulg\u00eancias durante todo o m\u00eas de novembro. &#8220;Desejo que voc\u00ea renove sua confian\u00e7a na vida eterna, na ressurrei\u00e7\u00e3o, na feliz ressurrei\u00e7\u00e3o, na gloriosa participa\u00e7\u00e3o diante de Deus. Que voc\u00ea reze comigo, com toda a Igreja, pelos que j\u00e1 faleceram, pedindo indulg\u00eancia, purifica\u00e7\u00e3o de todos os seus pecados, das marcas que o pecado deixou&#8221;. <\/p>\n","protected":false},"author":83,"featured_media":858821,"comment_status":"open","ping_status":"open","sticky":false,"template":"","format":"standard","meta":{"site-sidebar-layout":"default","site-content-layout":"default","ast-global-header-display":"","ast-banner-title-visibility":"","ast-main-header-display":"","ast-hfb-above-header-display":"","ast-hfb-below-header-display":"","ast-hfb-mobile-header-display":"","site-post-title":"","ast-breadcrumbs-content":"","ast-featured-img":"","footer-sml-layout":"","theme-transparent-header-meta":"default","adv-header-id-meta":"","stick-header-meta":"","header-above-stick-meta":"","header-main-stick-meta":"","header-below-stick-meta":""},"categories":[50,859],"tags":[1878,3071,2383],"acf":[],"_links":{"self":[{"href":"https:\/\/www.cnbb.org.br\/cnbb-app\/wp\/v2\/posts\/858818"}],"collection":[{"href":"https:\/\/www.cnbb.org.br\/cnbb-app\/wp\/v2\/posts"}],"about":[{"href":"https:\/\/www.cnbb.org.br\/cnbb-app\/wp\/v2\/types\/post"}],"author":[{"embeddable":true,"href":"https:\/\/www.cnbb.org.br\/cnbb-app\/wp\/v2\/users\/83"}],"replies":[{"embeddable":true,"href":"https:\/\/www.cnbb.org.br\/cnbb-app\/wp\/v2\/comments?post=858818"}],"version-history":[{"count":0,"href":"https:\/\/www.cnbb.org.br\/cnbb-app\/wp\/v2\/posts\/858818\/revisions"}],"wp:featuredmedia":[{"embeddable":true,"href":"https:\/\/www.cnbb.org.br\/cnbb-app\/wp\/v2\/media\/858821"}],"wp:attachment":[{"href":"https:\/\/www.cnbb.org.br\/cnbb-app\/wp\/v2\/media?parent=858818"}],"wp:term":[{"taxonomy":"category","embeddable":true,"href":"https:\/\/www.cnbb.org.br\/cnbb-app\/wp\/v2\/categories?post=858818"},{"taxonomy":"post_tag","embeddable":true,"href":"https:\/\/www.cnbb.org.br\/cnbb-app\/wp\/v2\/tags?post=858818"}],"curies":[{"name":"wp","href":"https:\/\/api.w.org\/{rel}","templated":true}]}}