{"id":858825,"date":"2021-11-03T15:46:30","date_gmt":"2021-11-03T18:46:30","guid":{"rendered":"https:\/\/www.cnbb.org.br\/?p=858825"},"modified":"2021-11-03T15:46:30","modified_gmt":"2021-11-03T18:46:30","slug":"dom-irineu-roman-recebe-o-palio-arquiepiscopal-das-maos-do-nuncio-apostolico","status":"publish","type":"post","link":"https:\/\/www.cnbb.org.br\/dom-irineu-roman-recebe-o-palio-arquiepiscopal-das-maos-do-nuncio-apostolico\/","title":{"rendered":"Dom Irineu Roman recebe o P\u00e1lio Arquiepiscopal das m\u00e3os do n\u00fancio apost\u00f3lico"},"content":{"rendered":"<div class=\"kvgmc6g5 cxmmr5t8 oygrvhab hcukyx3x c1et5uql ii04i59q\">\n<p dir=\"auto\">A arquidiocese de Santar\u00e9m (PA) foi a primeira sede metropolitana do Brasil a receber a visita do n\u00fancio apost\u00f3lico, dom Giambattista Diquattro, para a imposi\u00e7\u00e3o do P\u00e1lio Arquiepiscopal. Na noite da \u00faltima sexta-feira, 29, foi celebrada a missa na qual dom Giambattista fez a imposi\u00e7\u00e3o da ins\u00edgnia ao arcebispo metropolitano dom Irineu Roman. A eucaristia ocorreu na Igreja S\u00e3o Francisco de Assis, bairro Caranazal.<\/p>\n<p dir=\"auto\"><span style=\"font-size: 16px;\">Dom Irineu foi nomeado arcebispo da Igreja particular elevada a arquidiocese em fevereiro de 2020. E a ins\u00edgnia que Dom Irineu recebeu foi aben\u00e7oada pelo Papa Francisco em 28 de junho do ano passado, durante a celebra\u00e7\u00e3o Solene de S\u00e3o Pedro e S\u00e3o Paulo. A entrega n\u00e3o ocorreu por conta da pandemia.<\/span><\/p>\n<div id=\"fb-root\"><\/div>\n<p><script async=\"1\" defer=\"1\" crossorigin=\"anonymous\" src=\"https:\/\/connect.facebook.net\/en_US\/sdk.js#xfbml=1&amp;version=v12.0\" nonce=\"XyZCviq7\"><\/script><\/p>\n<div class=\"fb-post\" data-href=\"https:\/\/www.facebook.com\/795665297169795\/posts\/4440013419401613\" data-width=\"500\">\n<blockquote cite=\"https:\/\/graph.facebook.com\/795665297169795\/posts\/4440013419401613\/\" class=\"fb-xfbml-parse-ignore\">\n<p>Na noite desta sexta-feira, 29, o N\u00fancio Apost\u00f3lico no Brasil, Dom Giambattista Diquattro, fez a imposi\u00e7\u00e3o do P\u00e1lio&#8230;<\/p>\n<p>Posted by <a href=\"https:\/\/www.facebook.com\/795665297169795\" target=\"_blank\" rel=\"noopener\">Arquidiocese de Santar\u00e9m<\/a> on&nbsp;<a href=\"https:\/\/graph.facebook.com\/795665297169795\/posts\/4440013419401613\/\" target=\"_blank\" rel=\"noopener\">Saturday, October 30, 2021<\/a><\/p><\/blockquote>\n<\/div>\n<p dir=\"auto\">Em sua homilia, dom Giambattista Diquattro destacou que\u00a0o P\u00e1lio nos lembra do jugo sagrado de Cristo que \u00e9 colocado em cada batizado. &#8220;O jugo \u00e9 id\u00eantico \u00e0 sua amizade, \u00e9 um jugo de amizade, portanto um jugo suave, mas exigente, que forma para a sua escola, a sua vontade, a sua verdade e o seu amor&#8221;. Para o n\u00fancio apost\u00f3lico, esse jugo &#8220;une no amor com Deus Pai, na amizade com Jesus Cristo, na disponibilidade para o outros, assim como se exige ao pastor que cuida dos fi\u00e9is amando Cristo e a Igreja&#8221;.<\/p>\n<p dir=\"auto\">O colar de l\u00e3 que o arcebispo carrega sobre o ombros tamb\u00e9m recorda aos cardeais e arcebispos o chamado a serem pastores do seu rebanho. Dom Diquatto disse a dom Irineu: &#8220;Quando vossa excel\u00eancia usa o P\u00e1lio, o Senhor lhe pergunta: Tu est\u00e1s me ajudando a trazer a mim aqueles que me pertencem? Tu est\u00e1s trazendo pr\u00f3prio para mim? Assim, o P\u00e1lio se torna s\u00edmbolo da voca\u00e7\u00e3o do chamado de Cristo, o Bom Pastor, e o seu amor como arcebispo junto com ele&#8221;.<\/p>\n<p dir=\"auto\">Antes da celebra\u00e7\u00e3o, o n\u00fancio apost\u00f3lico no Brasil visitou a Catedral Metropolitana de Santar\u00e9m, a C\u00faria Metropolitana e o semin\u00e1rio. O embaixador da Santa S\u00e9 no Brasil tamb\u00e9m teve encontros com autoridades locais e reuniu-se com tr\u00eas bispos da Prov\u00edncia Eclesi\u00e1stica de Santar\u00e9m: dom Bernardo Bahlmann, bispo da diocese de \u00d3bidos; dom Jo\u00e3o Muniz, bispo da diocese do Xingu; e dom Wilmar Santin, bispo da prelazia de Itaituba.<\/p>\n<p dir=\"auto\"><img decoding=\"async\" loading=\"lazy\" class=\"aligncenter size-full wp-image-858826\" src=\"https:\/\/www.cnbb.org.br\/wp-content\/uploads\/2021\/11\/nuncio-e-bispos-da-provincia-de-santarem.jpg\" alt=\"\" width=\"960\" height=\"720\" srcset=\"https:\/\/www.cnbb.org.br\/wp-content\/uploads\/2021\/11\/nuncio-e-bispos-da-provincia-de-santarem.jpg 960w, https:\/\/www.cnbb.org.br\/wp-content\/uploads\/2021\/11\/nuncio-e-bispos-da-provincia-de-santarem-300x225.jpg 300w, https:\/\/www.cnbb.org.br\/wp-content\/uploads\/2021\/11\/nuncio-e-bispos-da-provincia-de-santarem-768x576.jpg 768w, https:\/\/www.cnbb.org.br\/wp-content\/uploads\/2021\/11\/nuncio-e-bispos-da-provincia-de-santarem-500x375.jpg 500w, https:\/\/www.cnbb.org.br\/wp-content\/uploads\/2021\/11\/nuncio-e-bispos-da-provincia-de-santarem-800x600.jpg 800w\" sizes=\"(max-width: 960px) 100vw, 960px\" \/><\/p>\n<\/div>\n","protected":false},"excerpt":{"rendered":"<p>A arquidiocese de Santar\u00e9m (PA) foi a primeira sede metropolitana do Brasil a receber a visita do n\u00fancio apost\u00f3lico, dom Giambattista Diquattro, para a imposi\u00e7\u00e3o do P\u00e1lio Arquiepiscopal. Na noite da \u00faltima sexta-feira, 29, foi celebrada a missa na qual dom Giambattista fez a imposi\u00e7\u00e3o da ins\u00edgnia ao arcebispo metropolitano dom Irineu Roman. A eucaristia &hellip;<\/p>\n<p class=\"read-more\"> <a class=\"\" href=\"https:\/\/www.cnbb.org.br\/dom-irineu-roman-recebe-o-palio-arquiepiscopal-das-maos-do-nuncio-apostolico\/\"> <span class=\"screen-reader-text\">Dom Irineu Roman recebe o P\u00e1lio Arquiepiscopal das m\u00e3os do n\u00fancio apost\u00f3lico<\/span> Leia mais &raquo;<\/a><\/p>\n","protected":false},"author":83,"featured_media":858827,"comment_status":"open","ping_status":"open","sticky":false,"template":"","format":"standard","meta":{"site-sidebar-layout":"default","site-content-layout":"default","ast-global-header-display":"","ast-banner-title-visibility":"","ast-main-header-display":"","ast-hfb-above-header-display":"","ast-hfb-below-header-display":"","ast-hfb-mobile-header-display":"","site-post-title":"","ast-breadcrumbs-content":"","ast-featured-img":"","footer-sml-layout":"","theme-transparent-header-meta":"default","adv-header-id-meta":"","stick-header-meta":"","header-above-stick-meta":"","header-main-stick-meta":"","header-below-stick-meta":""},"categories":[822],"tags":[1784,2258,4029],"acf":[],"_links":{"self":[{"href":"https:\/\/www.cnbb.org.br\/cnbb-app\/wp\/v2\/posts\/858825"}],"collection":[{"href":"https:\/\/www.cnbb.org.br\/cnbb-app\/wp\/v2\/posts"}],"about":[{"href":"https:\/\/www.cnbb.org.br\/cnbb-app\/wp\/v2\/types\/post"}],"author":[{"embeddable":true,"href":"https:\/\/www.cnbb.org.br\/cnbb-app\/wp\/v2\/users\/83"}],"replies":[{"embeddable":true,"href":"https:\/\/www.cnbb.org.br\/cnbb-app\/wp\/v2\/comments?post=858825"}],"version-history":[{"count":0,"href":"https:\/\/www.cnbb.org.br\/cnbb-app\/wp\/v2\/posts\/858825\/revisions"}],"wp:featuredmedia":[{"embeddable":true,"href":"https:\/\/www.cnbb.org.br\/cnbb-app\/wp\/v2\/media\/858827"}],"wp:attachment":[{"href":"https:\/\/www.cnbb.org.br\/cnbb-app\/wp\/v2\/media?parent=858825"}],"wp:term":[{"taxonomy":"category","embeddable":true,"href":"https:\/\/www.cnbb.org.br\/cnbb-app\/wp\/v2\/categories?post=858825"},{"taxonomy":"post_tag","embeddable":true,"href":"https:\/\/www.cnbb.org.br\/cnbb-app\/wp\/v2\/tags?post=858825"}],"curies":[{"name":"wp","href":"https:\/\/api.w.org\/{rel}","templated":true}]}}