{"id":858936,"date":"2021-11-02T11:42:16","date_gmt":"2021-11-02T14:42:16","guid":{"rendered":"https:\/\/www.cnbb.org.br\/?p=858936"},"modified":"2021-11-04T11:43:37","modified_gmt":"2021-11-04T14:43:37","slug":"comemoracao-de-todos-os-fieis-defuntos-solenidade-2","status":"publish","type":"post","link":"https:\/\/www.cnbb.org.br\/comemoracao-de-todos-os-fieis-defuntos-solenidade-2\/","title":{"rendered":"Comemora\u00e7\u00e3o de todos os fi\u00e9is defuntos &#8211; solenidade"},"content":{"rendered":"<p style=\"text-align: right;\"><strong>Dom Eurico dos Santos Veloso<br \/>\n<\/strong><strong>Arcebispo Em\u00e9rito de Juiz de Fora (MG)<\/strong><\/p>\n<p style=\"text-align: justify;\"><strong>\u00a0<\/strong><\/p>\n<p style=\"text-align: justify;\"><em>\u201cEu sei que o meu redentor est\u00e1 vivo e que, por \u00faltimo, se levantar\u00e1 sobre o p\u00f3; e depois que tiverem destru\u00eddo esta minha pele, na minha carne, verei a Deus. (cf. J\u00f3 19,25-26)<\/em><\/p>\n<p style=\"text-align: justify;\"><em>\u00a0\u00a0\u00a0\u00a0\u00a0\u00a0\u00a0\u00a0 <\/em><\/p>\n<p style=\"text-align: justify;\">Hoje celebramos a Solenidade da Comemora\u00e7\u00e3o de Todos os Fi\u00e9is Defuntos, onde tal comemora\u00e7\u00e3o teve origem no mosteiro beneditino de Cluny. <em>\u201cNos ritos f\u00fanebres para seus filhos, celebramos a Igreja com f\u00e9 o Mist\u00e9rio pascal, na firme esperan\u00e7a de que os que se tornaram, pelo batismo, membros de Cristo morto e ressuscitado, passem com ele atrav\u00e9s da morte \u00e0 vida\u201d (cf. Missal dominical \u2013 Missal da Assembleia Crist\u00e3)<\/em><\/p>\n<p style=\"text-align: justify;\">A Primeira Leitura dada do Livro de J\u00f3 <em>(J\u00f3 19,21-27), <\/em>J\u00f3 demonstra sua total confian\u00e7a no Deus Alt\u00edssimo, mesmo em meio aos sofrimentos e na alvorada da morte que surge em seus olhos. A confian\u00e7a de J\u00f3 nos recorda que \u00e9 passageira nossa vida terrena, por\u00e9m reafirma que Deus ir\u00e1 levantar todos que confiam para que possam testemunhar, com os seus pr\u00f3prios olhos, a Verdade que \u00e9 Deus, pois <em>\u201ceu sei que o meu redentor est\u00e1 vivo e que, por \u00faltimo, se levantar\u00e1 sobre o p\u00f3; e depois que tiverem destru\u00eddo esta minha pele, na minha carne, verei a Deus. Eu mesmo o verei, meus olhos o contemplar\u00e3o, e n\u00e3o os olhos de outros. Dentro de mim consomem-se os meus rins\u201d (cf. J\u00f3 19,25-27).<\/em><\/p>\n<p style=\"text-align: justify;\">O Evangelho de Lucas <em>(Lc 12,35-40), <\/em>Jesus nos exorta sobre a vigil\u00e2ncia no momento do retorno do Filho do Homem, afinal n\u00e3o sabemos nem o dia e, tampouco, a hora. Por\u00e9m, Jesus nos convida a ficarmos atentos ao cumprimento da miss\u00e3o, para que n\u00e3o nos encontremos desprevenidos quando Ele retornar. Assim, <em>\u201cv\u00f3s tamb\u00e9m ficai preparados! Porque o Filho do Homem vai chegar na hora em que menos o esperardes\u201d (cf. Lc 12,40).<\/em><\/p>\n<p style=\"text-align: justify;\">A Segunda Leitura extra\u00edda da Primeira Carta de S\u00e3o Paulo aos Cor\u00edntios <em>(1Cor 15,20-26.28),<\/em> Paulo reafirma que atrav\u00e9s de Jesus Cristo que a ressurrei\u00e7\u00e3o dos mortos, daqueles que morreram em Cristo, ser\u00e1 alcan\u00e7ada, pois <em>\u201ccom efeito, por um homem veio a morte e \u00e9 tamb\u00e9m por um homem que vem a ressurrei\u00e7\u00e3o dos mortos. Como em Ad\u00e3o todos morrem, assim tamb\u00e9m em Cristo todos reviver\u00e3o\u201d (cf. 1Cor 15,21-22).<\/em><\/p>\n<p style=\"text-align: justify;\">Que a Palavra desta Solenidade da Comemora\u00e7\u00e3o de Todos os Fi\u00e9is Defuntos, possamos recordar de todos os nossos irm\u00e3os e irm\u00e3s que aguardam a ressurrei\u00e7\u00e3o, a <em>Igreja Padecente, <\/em>principalmente \u00e0queles que permanecem em estado de <em>Purgat\u00f3rio,<\/em> a fim de que possam purificar-se para o alcance da <em>Igreja Triunfante,<\/em> para que tamb\u00e9m n\u00f3s, junto a estes irm\u00e3os e irm\u00e3s afirmar: \u201c<em>Felicidade e todo bem h\u00e3o de seguir-me, por toda a minha vida; e, na casa do Senhor, habitarei pelos tempos infinitos\u201d [cf. Sl 22(23),6].<\/em><\/p>\n<p style=\"text-align: justify;\">\n<p style=\"text-align: justify;\"><em>Sauda\u00e7\u00f5es em Cristo!<\/em><\/p>\n<p><em>\u00a0<\/em><\/p>\n<p>&nbsp;<\/p>\n","protected":false},"excerpt":{"rendered":"<p>Dom Eurico dos Santos Veloso Arcebispo Em\u00e9rito de Juiz de Fora (MG) \u00a0 \u201cEu sei que o meu redentor est\u00e1 vivo e que, por \u00faltimo, se levantar\u00e1 sobre o p\u00f3; e depois que tiverem destru\u00eddo esta minha pele, na minha carne, verei a Deus. (cf. J\u00f3 19,25-26) \u00a0\u00a0\u00a0\u00a0\u00a0\u00a0\u00a0\u00a0 Hoje celebramos a Solenidade da Comemora\u00e7\u00e3o de &hellip;<\/p>\n<p class=\"read-more\"> <a class=\"\" href=\"https:\/\/www.cnbb.org.br\/comemoracao-de-todos-os-fieis-defuntos-solenidade-2\/\"> <span class=\"screen-reader-text\">Comemora\u00e7\u00e3o de todos os fi\u00e9is defuntos &#8211; solenidade<\/span> Leia mais &raquo;<\/a><\/p>\n","protected":false},"author":73,"featured_media":0,"comment_status":"open","ping_status":"open","sticky":false,"template":"","format":"standard","meta":{"site-sidebar-layout":"default","site-content-layout":"default","ast-global-header-display":"","ast-banner-title-visibility":"","ast-main-header-display":"","ast-hfb-above-header-display":"","ast-hfb-below-header-display":"","ast-hfb-mobile-header-display":"","site-post-title":"","ast-breadcrumbs-content":"","ast-featured-img":"","footer-sml-layout":"","theme-transparent-header-meta":"default","adv-header-id-meta":"","stick-header-meta":"","header-above-stick-meta":"","header-main-stick-meta":"","header-below-stick-meta":""},"categories":[758],"tags":[],"acf":[],"_links":{"self":[{"href":"https:\/\/www.cnbb.org.br\/cnbb-app\/wp\/v2\/posts\/858936"}],"collection":[{"href":"https:\/\/www.cnbb.org.br\/cnbb-app\/wp\/v2\/posts"}],"about":[{"href":"https:\/\/www.cnbb.org.br\/cnbb-app\/wp\/v2\/types\/post"}],"author":[{"embeddable":true,"href":"https:\/\/www.cnbb.org.br\/cnbb-app\/wp\/v2\/users\/73"}],"replies":[{"embeddable":true,"href":"https:\/\/www.cnbb.org.br\/cnbb-app\/wp\/v2\/comments?post=858936"}],"version-history":[{"count":0,"href":"https:\/\/www.cnbb.org.br\/cnbb-app\/wp\/v2\/posts\/858936\/revisions"}],"wp:attachment":[{"href":"https:\/\/www.cnbb.org.br\/cnbb-app\/wp\/v2\/media?parent=858936"}],"wp:term":[{"taxonomy":"category","embeddable":true,"href":"https:\/\/www.cnbb.org.br\/cnbb-app\/wp\/v2\/categories?post=858936"},{"taxonomy":"post_tag","embeddable":true,"href":"https:\/\/www.cnbb.org.br\/cnbb-app\/wp\/v2\/tags?post=858936"}],"curies":[{"name":"wp","href":"https:\/\/api.w.org\/{rel}","templated":true}]}}