{"id":859419,"date":"2021-11-12T14:38:39","date_gmt":"2021-11-12T17:38:39","guid":{"rendered":"https:\/\/www.cnbb.org.br\/?p=859419"},"modified":"2021-11-12T14:40:15","modified_gmt":"2021-11-12T17:40:15","slug":"v-dia-mundial-dos-pobres","status":"publish","type":"post","link":"https:\/\/www.cnbb.org.br\/v-dia-mundial-dos-pobres\/","title":{"rendered":"V\u00a0Dia Mundial dos Pobres\u00a0"},"content":{"rendered":"<p style=\"text-align: right;\"><strong>Dom Jos\u00e9 Gislon<br \/>\nBispo de Caxias do Sul (RS)<\/strong><\/p>\n<p><span data-ccp-props=\"{&quot;201341983&quot;:0,&quot;335551550&quot;:2,&quot;335551620&quot;:2,&quot;335559739&quot;:0,&quot;335559740&quot;:240}\">\u00a0<\/span><\/p>\n<p style=\"text-align: justify;\"><span data-contrast=\"auto\">Estimados irm\u00e3os e irm\u00e3s\u00a0em Cristo Jesus! Nas celebra\u00e7\u00f5es lit\u00fargicas deste final de semana, a Igreja Cat\u00f3lica, no mundo todo, est\u00e1 celebrando o\u00a0V\u00a0Dia Mundial do Pobre. Podemos ter a tenta\u00e7\u00e3o\u00a0de n\u00e3o nos sentirmos inclu\u00eddos neste apelo prof\u00e9tico do Papa Francisco, visto que foi ele o grande motivador da s\u00e1bia proposta\u00a0de termos um dia espec\u00edfico para celebrarmos, como Igreja,\u00a0povo de Deus a caminho da casa do Pai,\u00a0o dia do pobre. N\u00e3o olhando o pobre como ideologia deste ou daquele partido, mas a partir do Evangelho,\u00a0da dignidade da pessoa humana, lembrando que,\u00a0diante de Deus,\u00a0todos somos necessitados. Muitas das\u00a0realidades de pobreza no mundo\u00a0s\u00e3o criadas e alimentadas\u00a0pela pobreza \u00e9tica e moral daqueles que conduzem os destinos pol\u00edticos e econ\u00f4micos das na\u00e7\u00f5es.\u00a0<\/span><span data-ccp-props=\"{&quot;201341983&quot;:0,&quot;335551550&quot;:6,&quot;335551620&quot;:6,&quot;335559739&quot;:0,&quot;335559740&quot;:240}\">\u00a0<\/span><\/p>\n<p style=\"text-align: justify;\"><span data-contrast=\"auto\">A pandemia do COVID19\u00a0tem contribu\u00eddo para aumentar o n\u00famero de pessoas e fam\u00edlias que est\u00e3o na vulnerabilidade social,\u00a0tamb\u00e9m na\u00a0realidade da nossa\u00a0Diocese. \u00c9 louv\u00e1vel o esp\u00edrito de partilha do nosso querido povo de Deus, que atrav\u00e9s do amor-caridade, tem ajudado a\u00a0amenizar o sofrimento de milhares de pessoas que passam por priva\u00e7\u00f5es. Por isso, tomo a liberdade de convidar\u00a0todas as pessoas de boa vontade, a\u00a0n\u00e3o\u00a0fecharem\u00a0os olhos\u00a0do cora\u00e7\u00e3o\u00a0diante da realidade, achando que isso vai aliviar a nossa consci\u00eancia, ou vamos nos sentir mais seguros vivendo na indiferen\u00e7a, diante da fome, que fere a vida e a\u00a0dignidade do outro.\u00a0<\/span><span data-contrast=\"none\">Os pobres n\u00e3o s\u00e3o pessoas \u00abexternas\u00bb \u00e0 comunidade, mas irm\u00e3os e irm\u00e3s cujo sofrimento se partilha, para abrandar o seu mal e a marginaliza\u00e7\u00e3o, a fim de lhes ser devolvida a dignidade perdida e garantida a necess\u00e1ria inclus\u00e3o social. (Mensagem do Papa Francisco para o V Dia Mundial do Pobre).\u00a0<\/span><span data-ccp-props=\"{&quot;201341983&quot;:0,&quot;335551550&quot;:6,&quot;335551620&quot;:6,&quot;335559739&quot;:0,&quot;335559740&quot;:240}\">\u00a0<\/span><\/p>\n<p style=\"text-align: justify;\"><span data-contrast=\"auto\">Quando optamos pela indiferen\u00e7a em rela\u00e7\u00e3o aos necessitados, estamos contribuindo para que permane\u00e7am exclu\u00eddos. \u00c9 um dos sinais de que perdemos o sentido da sacralidade da\u00a0vida\u00a0humana, e\u00a0os desdobramentos dessa situa\u00e7\u00e3o ficam cada vez mais evidentes\u00a0no crescimento\u00a0do n\u00famero dos que\u00a0est\u00e3o \u00e0 margem da sociedade, e\u00a0as muitas formas de viol\u00eancia que se manifestam na sociedade.<\/span><span data-ccp-props=\"{&quot;201341983&quot;:0,&quot;335551550&quot;:6,&quot;335551620&quot;:6,&quot;335559739&quot;:0,&quot;335559740&quot;:240}\">\u00a0<\/span><\/p>\n<p style=\"text-align: justify;\"><span data-contrast=\"auto\">A caridade, pela experi\u00eancia da f\u00e9, e o sentido de partilha, pelo qualificado exerc\u00edcio da cidadania, t\u00eam for\u00e7a corretiva e formativa do car\u00e1ter de cada pessoa.<\/span><span data-contrast=\"auto\">\u00a0<\/span><span data-contrast=\"auto\">Contribuem ainda para que todos se percebam integrantes de uma coletividade, superando o individualismo ego\u00edsta.<\/span><span data-contrast=\"auto\">\u00a0<\/span><span data-contrast=\"auto\">Que a nossa participa\u00e7\u00e3o no banquete da eucaristia, nos\u00a0ajude a viver\u00a0a celebra\u00e7\u00e3o\u00a0do V\u00a0Dia Mundial dos Pobres\u00a0como uma oportunidade para nos envolver\u00a0na constru\u00e7\u00e3o\u00a0de um mundo comprometido com o cuidado da Casa comum e\u00a0da dignidade\u00a0da vida humana.\u00a0<\/span><span data-ccp-props=\"{&quot;201341983&quot;:0,&quot;335551550&quot;:6,&quot;335551620&quot;:6,&quot;335559739&quot;:0,&quot;335559740&quot;:240}\">\u00a0<\/span><\/p>\n<p style=\"text-align: justify;\"><span data-contrast=\"auto\">Que o esp\u00edrito\u00a0de fraternidade,\u00a0entre as na\u00e7\u00f5es e os povos de diferentes culturas,\u00a0seja\u00a0fortalecido\u00a0pelo amor, a justi\u00e7a, a paz, a\u00a0solidariedade e\u00a0a\u00a0caridade, alimentando\u00a0a\u00a0nossa\u00a0esperan\u00e7a\u00a0em rela\u00e7\u00e3o ao futuro, sem fecharmos os olhos para ver e nos envolver\u00a0com a realidade do presente.\u00a0\u00a0<\/span><span data-ccp-props=\"{&quot;201341983&quot;:0,&quot;335551550&quot;:6,&quot;335551620&quot;:6,&quot;335559739&quot;:0,&quot;335559740&quot;:240}\">\u00a0<\/span><\/p>\n<p style=\"text-align: justify;\"><span data-ccp-props=\"{&quot;201341983&quot;:0,&quot;335551550&quot;:6,&quot;335551620&quot;:6,&quot;335559739&quot;:0,&quot;335559740&quot;:240}\">\u00a0<\/span><\/p>\n<p>&nbsp;<\/p>\n<p><span data-ccp-props=\"{&quot;201341983&quot;:0,&quot;335551550&quot;:6,&quot;335551620&quot;:6,&quot;335559739&quot;:0,&quot;335559740&quot;:240}\">\u00a0<\/span><\/p>\n","protected":false},"excerpt":{"rendered":"<p>Dom Jos\u00e9 Gislon Bispo de Caxias do Sul (RS) \u00a0 Estimados irm\u00e3os e irm\u00e3s\u00a0em Cristo Jesus! Nas celebra\u00e7\u00f5es lit\u00fargicas deste final de semana, a Igreja Cat\u00f3lica, no mundo todo, est\u00e1 celebrando o\u00a0V\u00a0Dia Mundial do Pobre. Podemos ter a tenta\u00e7\u00e3o\u00a0de n\u00e3o nos sentirmos inclu\u00eddos neste apelo prof\u00e9tico do Papa Francisco, visto que foi ele o grande &hellip;<\/p>\n<p class=\"read-more\"> <a class=\"\" href=\"https:\/\/www.cnbb.org.br\/v-dia-mundial-dos-pobres\/\"> <span class=\"screen-reader-text\">V\u00a0Dia Mundial dos Pobres\u00a0<\/span> Leia mais &raquo;<\/a><\/p>\n","protected":false},"author":20,"featured_media":0,"comment_status":"open","ping_status":"open","sticky":false,"template":"","format":"standard","meta":{"site-sidebar-layout":"default","site-content-layout":"default","ast-global-header-display":"","ast-banner-title-visibility":"","ast-main-header-display":"","ast-hfb-above-header-display":"","ast-hfb-below-header-display":"","ast-hfb-mobile-header-display":"","site-post-title":"","ast-breadcrumbs-content":"","ast-featured-img":"","footer-sml-layout":"","theme-transparent-header-meta":"default","adv-header-id-meta":"","stick-header-meta":"","header-above-stick-meta":"","header-main-stick-meta":"","header-below-stick-meta":""},"categories":[758],"tags":[],"acf":[],"_links":{"self":[{"href":"https:\/\/www.cnbb.org.br\/cnbb-app\/wp\/v2\/posts\/859419"}],"collection":[{"href":"https:\/\/www.cnbb.org.br\/cnbb-app\/wp\/v2\/posts"}],"about":[{"href":"https:\/\/www.cnbb.org.br\/cnbb-app\/wp\/v2\/types\/post"}],"author":[{"embeddable":true,"href":"https:\/\/www.cnbb.org.br\/cnbb-app\/wp\/v2\/users\/20"}],"replies":[{"embeddable":true,"href":"https:\/\/www.cnbb.org.br\/cnbb-app\/wp\/v2\/comments?post=859419"}],"version-history":[{"count":0,"href":"https:\/\/www.cnbb.org.br\/cnbb-app\/wp\/v2\/posts\/859419\/revisions"}],"wp:attachment":[{"href":"https:\/\/www.cnbb.org.br\/cnbb-app\/wp\/v2\/media?parent=859419"}],"wp:term":[{"taxonomy":"category","embeddable":true,"href":"https:\/\/www.cnbb.org.br\/cnbb-app\/wp\/v2\/categories?post=859419"},{"taxonomy":"post_tag","embeddable":true,"href":"https:\/\/www.cnbb.org.br\/cnbb-app\/wp\/v2\/tags?post=859419"}],"curies":[{"name":"wp","href":"https:\/\/api.w.org\/{rel}","templated":true}]}}