{"id":859441,"date":"2021-11-16T12:05:06","date_gmt":"2021-11-16T15:05:06","guid":{"rendered":"https:\/\/www.cnbb.org.br\/?p=859441"},"modified":"2021-11-16T13:10:40","modified_gmt":"2021-11-16T16:10:40","slug":"criada-associacao-brasileira-de-medicos-catolicos","status":"publish","type":"post","link":"https:\/\/www.cnbb.org.br\/criada-associacao-brasileira-de-medicos-catolicos\/","title":{"rendered":"Instalada a Associa\u00e7\u00e3o Brasileira de M\u00e9dicos Cat\u00f3licos: &#8220;que a conex\u00e3o entre a medicina e a f\u00e9 cres\u00e7a ainda mais&#8221;"},"content":{"rendered":"<p>Foi oficializada no \u00faltimo domingo, 14 de novembro, a Associa\u00e7\u00e3o Brasileira de M\u00e9dicos Cat\u00f3licos (ABMC), com o apoio da Confer\u00eancia Nacional dos Bispos do Brasil (CNBB). A organiza\u00e7\u00e3o com os profissionais de sa\u00fade surgiu da articula\u00e7\u00e3o de entidades diocesanas que prepararam o 4\u00ba Congresso Brasileiro de M\u00e9dicos Cat\u00f3licos, realizado de 12 a 14 de novembro, em Bras\u00edlia (DF). O bispo auxiliar do Rio de Janeiro (RJ) e secret\u00e1rio-geral da CNBB, dom Joel Portella Amado, esteve presente na cerim\u00f4nia de cria\u00e7\u00e3o da ABMC. Para ele,\u00a0com a associa\u00e7\u00e3o em n\u00edvel nacional, &#8220;espera-se que a conex\u00e3o entre a medicina e a f\u00e9 cres\u00e7a ainda mais&#8221;.<\/p>\n<p>Dom Joel destacou aos m\u00e9dicos o car\u00e1ter da CNBB como &#8220;um \u00f3rg\u00e3o de comunh\u00e3o e de servi\u00e7o&#8221; e que sua atua\u00e7\u00e3o busca criar e fortalecer essa comunh\u00e3o na Igreja com diversos setores da sociedade e tamb\u00e9m profiss\u00f5es.<\/p>\n<blockquote><p><em>&#8220;A uni\u00e3o de for\u00e7as, numa articula\u00e7\u00e3o em rede \u00e9 caminho privilegiado para que o trabalho ocorra respeitando as diferen\u00e7as, mas em comunh\u00e3o. Essa atitude \u00e9 profundamente evang\u00e9lica. Isso j\u00e1 ocorre em outras situa\u00e7\u00f5es e agora, chegou a vez dos m\u00e9dicos cat\u00f3licos. J\u00e1 existem as associa\u00e7\u00f5es em n\u00edvel de estado. Agora, com a associa\u00e7\u00e3o em n\u00edvel nacional, espera-se que a conex\u00e3o entre a medicina e a f\u00e9 cres\u00e7a ainda mais&#8221;<\/em>, comentou.<\/p><\/blockquote>\n<p>&nbsp;<\/p>\n<p>Na rela\u00e7\u00e3o com a CNBB, a ABMC estar\u00e1 vinculada \u2013 como organismo de comunh\u00e3o \u2013 \u00e0 Comiss\u00e3o Episcopal Pastoral para a Vida e a Fam\u00edlia. Em breve, ap\u00f3s escolha pela Presid\u00eancia a partir de lista tr\u00edplice, ser\u00e3o divulgados os nomes do bispo referencial e do assessor.<\/p>\n<figure id=\"attachment_859469\" aria-describedby=\"caption-attachment-859469\" style=\"width: 1024px\" class=\"wp-caption aligncenter\"><img decoding=\"async\" loading=\"lazy\" class=\"size-full wp-image-859469\" src=\"https:\/\/www.cnbb.org.br\/wp-content\/uploads\/2021\/11\/IV-Congr-Med-Catolicos-387.jpg\" alt=\"\" width=\"1024\" height=\"682\" srcset=\"https:\/\/www.cnbb.org.br\/wp-content\/uploads\/2021\/11\/IV-Congr-Med-Catolicos-387.jpg 1024w, https:\/\/www.cnbb.org.br\/wp-content\/uploads\/2021\/11\/IV-Congr-Med-Catolicos-387-300x200.jpg 300w, https:\/\/www.cnbb.org.br\/wp-content\/uploads\/2021\/11\/IV-Congr-Med-Catolicos-387-768x512.jpg 768w, https:\/\/www.cnbb.org.br\/wp-content\/uploads\/2021\/11\/IV-Congr-Med-Catolicos-387-391x260.jpg 391w, https:\/\/www.cnbb.org.br\/wp-content\/uploads\/2021\/11\/IV-Congr-Med-Catolicos-387-500x333.jpg 500w\" sizes=\"(max-width: 1024px) 100vw, 1024px\" \/><figcaption id=\"caption-attachment-859469\" class=\"wp-caption-text\">IV Congresso Brasileiro de M\u00e9dicos Cat\u00f3licos | Foto: T\u00f3maz Alves\/ABMC<\/figcaption><\/figure>\n<p>Os participantes do evento escolheram os membros da diretoria da associa\u00e7\u00e3o:<\/p>\n<p>\u2013 Dr Pedro Spineti (Diretor Presidente)<br \/>\n\u2013 Dr Alberto Siqueira (Diretor Vice-presidente)<br \/>\n\u2013 Dr Antonio Carlos de Souza (Diretor administrativo)<br \/>\n\u2013 Dr Franco Scariot (Diretor financeiro)<br \/>\n\u2013 Dr Fernando Luiz Maia (Diretor cient\u00edfico)<br \/>\n\u2013 Dr Jo\u00e3o Ferreira Brito Filho (Diretor de Comunica\u00e7\u00e3o)<br \/>\n\u2013 Dr\u00aa Monica Cardoso (Diretora de Integra\u00e7\u00e3o Regional)<\/p>\n<p>Conselho Fiscal:<br \/>\n&#8211; Dr\u00aa Niura Terezinha Tondolo Noro<br \/>\n&#8211; Dr Ubatan Loureiro Junior<br \/>\n&#8211; Dr Harald Maluf Barretto<br \/>\n&#8211; Dr Carlos Eduardo Comin<br \/>\n&#8211; Milton Teles de Mendon\u00e7a Junior<br \/>\n&#8211; Dr\u00aa Nilza Maria Martins Amaral<\/p>\n<p>&nbsp;<\/p>\n<p>O presidente escolhido, Pedro Spineti, da Associa\u00e7\u00e3o dos M\u00e9dicos Cat\u00f3licos do Rio de Janeiro, avaliou a concretiza\u00e7\u00e3o da ABMC como um sonho que se torna realidade. &#8220;Desde estudante, l\u00e1 no 3\u00ba Congresso Latino Americano, no Rio de Janeiro, j\u00e1 se falava em uma associa\u00e7\u00e3o nacional&#8221;, lembrou.<\/p>\n<figure id=\"attachment_859470\" aria-describedby=\"caption-attachment-859470\" style=\"width: 1024px\" class=\"wp-caption aligncenter\"><img decoding=\"async\" loading=\"lazy\" class=\"size-large wp-image-859470\" src=\"https:\/\/www.cnbb.org.br\/wp-content\/uploads\/2021\/11\/IV-Congr-Med-Catolicos-392-1024x683.jpg\" alt=\"\" width=\"1024\" height=\"683\" srcset=\"https:\/\/www.cnbb.org.br\/wp-content\/uploads\/2021\/11\/IV-Congr-Med-Catolicos-392-1024x683.jpg 1024w, https:\/\/www.cnbb.org.br\/wp-content\/uploads\/2021\/11\/IV-Congr-Med-Catolicos-392-300x200.jpg 300w, https:\/\/www.cnbb.org.br\/wp-content\/uploads\/2021\/11\/IV-Congr-Med-Catolicos-392-768x512.jpg 768w, https:\/\/www.cnbb.org.br\/wp-content\/uploads\/2021\/11\/IV-Congr-Med-Catolicos-392-391x260.jpg 391w, https:\/\/www.cnbb.org.br\/wp-content\/uploads\/2021\/11\/IV-Congr-Med-Catolicos-392-500x333.jpg 500w, https:\/\/www.cnbb.org.br\/wp-content\/uploads\/2021\/11\/IV-Congr-Med-Catolicos-392.jpg 1080w\" sizes=\"(max-width: 1024px) 100vw, 1024px\" \/><figcaption id=\"caption-attachment-859470\" class=\"wp-caption-text\">IV Congresso Brasileiro de M\u00e9dicos Cat\u00f3licos | Foto: T\u00f3maz Alves\/ABMC<\/figcaption><\/figure>\n<p>Segundo ele, a Pastoral Universit\u00e1ria e o Grupo de Ora\u00e7\u00e3o Universit\u00e1ria trabalhavam em seu per\u00edodo de estudante &#8220;a quest\u00e3o de um sonho de ver a sociedade transformada e renovada por profissionais que experimentaram a gra\u00e7a de Deus em suas vidas&#8221;.<\/p>\n<blockquote><p>&#8220;Agrade\u00e7o a cada um daqueles que contribuiu conosco nas suas noites de domingo, que deu suas contribui\u00e7\u00f5es nesse estatuto, a cada um que atua na sua diocese com evangeliza\u00e7\u00e3o dos m\u00e9dicos e que tem esse sonho de ser um m\u00e9dico diferente, de viver integralmente a sua voca\u00e7\u00e3o e miss\u00e3o de m\u00e9dico cat\u00f3lico levanto o testemunho de Cristo dentro da sociedade, especificamente dentro de nossos locais de trabalho&#8221;, disse Spineti.<\/p><\/blockquote>\n<p>&nbsp;<\/p>\n<h3>O Congresso<\/h3>\n<p>Adiado por conta da pandemia do novo coronav\u00edrus, o 4\u00ba Congresso Brasileiro de M\u00e9dicos Cat\u00f3licos foi realizado entre os dias 12 e 14 de novembro, em Bras\u00edlia (DF). Com o tema \u201c<em>Voca\u00e7\u00e3o e miss\u00e3o do m\u00e9dico cat\u00f3lico<\/em>\u201c, o evento reuniu representantes de 12 Associa\u00e7\u00f5es Diocesanas de M\u00e9dicos Cat\u00f3licos, al\u00e9m de grupos m\u00e9dicos cat\u00f3licos e lideran\u00e7as m\u00e9dicas e eclesiais. O arcebispo de Bras\u00edlia (DF), dom Paulo Cezar Costa; o bispo auxiliar de Bras\u00edlia dom Jos\u00e9 Aparecido Gon\u00e7alves Almeida; o assessor da Comiss\u00e3o Vida e Fam\u00edlia da CNBB, padre Crispim Guimar\u00e3es; e o presidente internacional da Pastoral Crian\u00e7a, Dr. Nelson Arns Neummann, estiveram entre os participantes.<\/p>\n<figure id=\"attachment_859475\" aria-describedby=\"caption-attachment-859475\" style=\"width: 1024px\" class=\"wp-caption aligncenter\"><img decoding=\"async\" loading=\"lazy\" class=\"wp-image-859475 size-large\" src=\"https:\/\/www.cnbb.org.br\/wp-content\/uploads\/2021\/11\/IV-Congr-Med-Catolicos-272-parti-1024x683.jpg\" alt=\"\" width=\"1024\" height=\"683\" srcset=\"https:\/\/www.cnbb.org.br\/wp-content\/uploads\/2021\/11\/IV-Congr-Med-Catolicos-272-parti-1024x683.jpg 1024w, https:\/\/www.cnbb.org.br\/wp-content\/uploads\/2021\/11\/IV-Congr-Med-Catolicos-272-parti-300x200.jpg 300w, https:\/\/www.cnbb.org.br\/wp-content\/uploads\/2021\/11\/IV-Congr-Med-Catolicos-272-parti-768x512.jpg 768w, https:\/\/www.cnbb.org.br\/wp-content\/uploads\/2021\/11\/IV-Congr-Med-Catolicos-272-parti-391x260.jpg 391w, https:\/\/www.cnbb.org.br\/wp-content\/uploads\/2021\/11\/IV-Congr-Med-Catolicos-272-parti-500x333.jpg 500w, https:\/\/www.cnbb.org.br\/wp-content\/uploads\/2021\/11\/IV-Congr-Med-Catolicos-272-parti.jpg 1080w\" sizes=\"(max-width: 1024px) 100vw, 1024px\" \/><figcaption id=\"caption-attachment-859475\" class=\"wp-caption-text\">IV Congresso Brasileiro de M\u00e9dicos Cat\u00f3licos | Foto: T\u00f3maz Alves\/ABMC<\/figcaption><\/figure>\n<p>Foram realizadas atividades presenciais na par\u00f3quia Nossa Senhora da Esperan\u00e7a, no bairro da Asa Norte, em Bras\u00edlia, e tamb\u00e9m de forma virtual. O evento idealizado e promovido pela Associa\u00e7\u00e3o de M\u00e9dicos Cat\u00f3licos da Capital Federal contou <span style=\"font-size: 16px;\">programa\u00e7\u00e3o cient\u00edfica na modalidade presencial e online, com atividades de\u00a0<\/span><strong style=\"font-size: 16px;\">Confer\u00eancias<\/strong><span style=\"font-size: 16px;\">, seguidas de debate;\u00a0<\/span><strong style=\"font-size: 16px;\">Mesas Redondas<\/strong><span style=\"font-size: 16px;\">\u00a0com m\u00faltiplos participantes;\u00a0<\/span><strong style=\"font-size: 16px;\">e Col\u00f3quios<\/strong><span style=\"font-size: 16px;\">, com sustenta\u00e7\u00e3o oral dos debatedores.<\/span><\/p>\n<p>Segundo os organizadores, a tem\u00e1tica do Congresso e as discuss\u00f5es enfatizaram &#8220;a atua\u00e7\u00e3o do m\u00e9dico cat\u00f3lico na aten\u00e7\u00e3o \u00e0 sa\u00fade, na doc\u00eancia, em sua responsabilidade social, na defesa e promo\u00e7\u00e3o da vida, nos temas m\u00e9dicos contempor\u00e2neos e complexos, nas quest\u00f5es atinentes ao in\u00edcio e ao fim da vida, com abordagem bio\u00e9tica personalista&#8221;. Houve tamb\u00e9m programa\u00e7\u00e3o cient\u00edfica dirigida aos estudantes de Medicina, al\u00e9m de debate sobre o papel das Associa\u00e7\u00f5es de M\u00e9dicos Cat\u00f3licos.<\/p>\n<p>&nbsp;<\/p>\n<pre>Foto de capa: T\u00f3maz Alves\/ABMC<\/pre>\n","protected":false},"excerpt":{"rendered":"<p>Foi oficializada no \u00faltimo domingo, 14 de novembro, a Associa\u00e7\u00e3o Brasileira de M\u00e9dicos Cat\u00f3licos (ABMC), com o apoio da Confer\u00eancia Nacional dos Bispos do Brasil (CNBB). A organiza\u00e7\u00e3o com os profissionais de sa\u00fade surgiu da articula\u00e7\u00e3o de entidades diocesanas que prepararam o 4\u00ba Congresso Brasileiro de M\u00e9dicos Cat\u00f3licos, realizado de 12 a 14 de novembro, em Bras\u00edlia (DF)<\/p>\n","protected":false},"author":83,"featured_media":859471,"comment_status":"open","ping_status":"open","sticky":false,"template":"","format":"standard","meta":{"site-sidebar-layout":"default","site-content-layout":"default","ast-global-header-display":"","ast-banner-title-visibility":"","ast-main-header-display":"","ast-hfb-above-header-display":"","ast-hfb-below-header-display":"","ast-hfb-mobile-header-display":"","site-post-title":"","ast-breadcrumbs-content":"","ast-featured-img":"","footer-sml-layout":"","theme-transparent-header-meta":"default","adv-header-id-meta":"","stick-header-meta":"","header-above-stick-meta":"","header-main-stick-meta":"","header-below-stick-meta":""},"categories":[4058,50,797],"tags":[2728,4059,1982,2137],"acf":[],"_links":{"self":[{"href":"https:\/\/www.cnbb.org.br\/cnbb-app\/wp\/v2\/posts\/859441"}],"collection":[{"href":"https:\/\/www.cnbb.org.br\/cnbb-app\/wp\/v2\/posts"}],"about":[{"href":"https:\/\/www.cnbb.org.br\/cnbb-app\/wp\/v2\/types\/post"}],"author":[{"embeddable":true,"href":"https:\/\/www.cnbb.org.br\/cnbb-app\/wp\/v2\/users\/83"}],"replies":[{"embeddable":true,"href":"https:\/\/www.cnbb.org.br\/cnbb-app\/wp\/v2\/comments?post=859441"}],"version-history":[{"count":0,"href":"https:\/\/www.cnbb.org.br\/cnbb-app\/wp\/v2\/posts\/859441\/revisions"}],"wp:featuredmedia":[{"embeddable":true,"href":"https:\/\/www.cnbb.org.br\/cnbb-app\/wp\/v2\/media\/859471"}],"wp:attachment":[{"href":"https:\/\/www.cnbb.org.br\/cnbb-app\/wp\/v2\/media?parent=859441"}],"wp:term":[{"taxonomy":"category","embeddable":true,"href":"https:\/\/www.cnbb.org.br\/cnbb-app\/wp\/v2\/categories?post=859441"},{"taxonomy":"post_tag","embeddable":true,"href":"https:\/\/www.cnbb.org.br\/cnbb-app\/wp\/v2\/tags?post=859441"}],"curies":[{"name":"wp","href":"https:\/\/api.w.org\/{rel}","templated":true}]}}