{"id":859455,"date":"2021-11-16T11:33:29","date_gmt":"2021-11-16T14:33:29","guid":{"rendered":"https:\/\/www.cnbb.org.br\/?p=859455"},"modified":"2021-11-16T11:33:54","modified_gmt":"2021-11-16T14:33:54","slug":"13a-assembleia-diocesana","status":"publish","type":"post","link":"https:\/\/www.cnbb.org.br\/13a-assembleia-diocesana\/","title":{"rendered":"13\u00aa Assembleia diocesana"},"content":{"rendered":"<p style=\"text-align: right;\"><strong>Dom Alo\u00edsio Alberto Dilli <\/strong><br \/>\n<strong>Bispo de Santa Cruz do Sul (RS)<\/strong><\/p>\n<p>&nbsp;<\/p>\n<p style=\"text-align: justify;\">Caros diocesanos. Est\u00e1 pr\u00f3xima a realiza\u00e7\u00e3o da nossa 13\u00aa Assembleia Diocesana, momento sempre preparado e aguardado com expectativa particular, pois ela nos orienta no caminho pastoral a ser percorrido nos pr\u00f3ximos anos em nossa Igreja Particular. Sempre na senda da tradi\u00e7\u00e3o da Igreja, sobretudo do Conc\u00edlio Ecum\u00eanico Vaticano II e, mais recentemente, fi\u00e9is \u00e0s orienta\u00e7\u00f5es do Papa Francisco, nosso objetivo foi e \u00e9 preparar, realizar e projetar este acontecimento com esp\u00edrito sinodal, percorrendo juntos o caminho da evangeliza\u00e7\u00e3o no nosso tempo. Iluminados pelo Esp\u00edrito e seu santo modo de operar, desejamos interpretar os sinais dos tempos e, \u00e0 luz do Evangelho, responder com criatividade e ousadia aos desafios que o presente momento da hist\u00f3ria nos prop\u00f5e. Dever\u00e1 ser uma profunda experi\u00eancia de <em>comunh\u00e3o e participa\u00e7\u00e3o<\/em>, tendo em vista a <em>miss\u00e3o<\/em> que Deus nos confia na Diocese de Santa Cruz do Sul: \u201c<em>Caminhar juntos \u00e9 o que mais implementa e manifesta a natureza da Igreja como Povo de Deus peregrino e mission\u00e1rio<\/em>\u201d (Documento Preparat\u00f3rio do S\u00ednodo 2023, n. 1). Este \u00e9 o modo de ser e operar da Igreja que realiza o ser comunh\u00e3o no caminhar juntos, em assembleia, e no participar ativamente de todos\/as na sua miss\u00e3o evangelizadora (cf. Idem, n. 10). Como afirma S\u00e3o Jo\u00e3o Cris\u00f3stomo (s\u00e9c. V): \u201c<em>Igreja e S\u00ednodo s\u00e3o sin\u00f4nimos<\/em>\u201d (Idem, n. 11).<\/p>\n<p style=\"text-align: justify;\">\u00a0\u00a0\u00a0\u00a0\u00a0\u00a0\u00a0\u00a0\u00a0\u00a0\u00a0 O longo tempo da pandemia est\u00e1 nos mostrando que ningu\u00e9m se salva sozinho, pois estamos todos no mesmo barco e precisamos uns dos outros (cf. FT, n. 32). Mais ainda, sentimos necessidade do esp\u00edrito da comunh\u00e3o neste momento de tantas polariza\u00e7\u00f5es, intoler\u00e2ncias e viol\u00eancias que nos destroem e nos afastam uns dos outros. Como lembra seguidamente o Papa Francisco, \u00e9 preciso construir pontes que nos aproximam e n\u00e3o muros de separa\u00e7\u00e3o (cf. FT 276). Por isso, seja a nossa assembleia diocesana um momento, sobretudo de di\u00e1logo, de comunh\u00e3o e de participa\u00e7\u00e3o, a fim de reanimar-nos na miss\u00e3o. Esse \u00e9 o primeiro sinal do esp\u00edrito sinodal e o primeiro testemunho mission\u00e1rio a ser dado ao mundo. Todos temos a aprender uns dos outros, escutando com humildade os irm\u00e3os e as irm\u00e3s. O Documento Preparat\u00f3rio do S\u00ednodo 2023, n. 15, conclui: \u201c<em>Praticar a sinodalidade \u00e9, hoje para a Igreja, a maneira mais evidente de ser \u2018sacramento universal da salva\u00e7\u00e3o\u2019 (LG, n. 48), sinal e instrumento da \u00edntima uni\u00e3o com Deus e da unidade de todo o g\u00eanero humano\u2019 (LG, n. 1)<\/em>\u201d.<\/p>\n<p style=\"text-align: justify;\">\u00a0\u00a0\u00a0\u00a0\u00a0\u00a0\u00a0\u00a0\u00a0\u00a0\u00a0 Para este <em>caminhar juntos<\/em> ou <em>fazer o caminho juntos <\/em>na comunh\u00e3o, na participa\u00e7\u00e3o e na miss\u00e3o n\u00f3s precisamos da presen\u00e7a e a\u00e7\u00e3o do Esp\u00edrito Santo, que ilumina e vivifica. \u00c9 o mesmo Esp\u00edrito que atuou na vida e miss\u00e3o de Jesus, dos Ap\u00f3stolos, de Maria Sant\u00edssima e de todos os disc\u00edpulos e disc\u00edpulas, atrav\u00e9s da hist\u00f3ria. Agora chegou a nossa vez, o nosso tempo, na realidade de nossa diocese. N\u00e3o percamos a ocasi\u00e3o prof\u00e9tica.<\/p>\n<p style=\"text-align: justify;\">\u00a0\u00a0\u00a0\u00a0\u00a0\u00a0\u00a0\u00a0\u00a0\u00a0\u00a0 Junto com os diversos aspectos da sinodalidade, ser\u00e1 importante tamb\u00e9m realizar um processo de avalia\u00e7\u00e3o do foco central de nossa \u00faltima assembleia diocesana (2016): \u201c<em>Inicia\u00e7\u00e3o \u00e0 Vida Crist\u00e3 na Perspectiva de uma Igreja Samaritana<\/em>\u201d. Certamente progredimos na passagem de uma catequese doutrinal para uma pr\u00e1tica catecumenal mais dial\u00f3gica, de encontro com o Senhor e inser\u00e7\u00e3o na comunidade. A Leitura Orante da Palavra de Deus nos ajudou para este encontro mais relacional com o divino. A pandemia dificultou o aprofundamento dos sacramentos da IVC e a pr\u00e1tica das correspondentes Diretrizes elaboradas. Al\u00e9m de outros aspectos, esse processo precisa ser aprofundado, especialmente com a caridade, inerente ao ser crist\u00e3o. A todos desejamos boa comunh\u00e3o e participa\u00e7\u00e3o, virtual e presencial, na assembleia. Que tudo conduza para uma fecunda miss\u00e3o evangelizadora.<\/p>\n<p>&nbsp;<\/p>\n<p><em>\u00a0<\/em><\/p>\n","protected":false},"excerpt":{"rendered":"<p>Dom Alo\u00edsio Alberto Dilli Bispo de Santa Cruz do Sul (RS) &nbsp; Caros diocesanos. Est\u00e1 pr\u00f3xima a realiza\u00e7\u00e3o da nossa 13\u00aa Assembleia Diocesana, momento sempre preparado e aguardado com expectativa particular, pois ela nos orienta no caminho pastoral a ser percorrido nos pr\u00f3ximos anos em nossa Igreja Particular. Sempre na senda da tradi\u00e7\u00e3o da Igreja, &hellip;<\/p>\n<p class=\"read-more\"> <a class=\"\" href=\"https:\/\/www.cnbb.org.br\/13a-assembleia-diocesana\/\"> <span class=\"screen-reader-text\">13\u00aa Assembleia diocesana<\/span> Leia mais &raquo;<\/a><\/p>\n","protected":false},"author":33,"featured_media":0,"comment_status":"open","ping_status":"open","sticky":false,"template":"","format":"standard","meta":{"site-sidebar-layout":"default","site-content-layout":"default","ast-global-header-display":"","ast-banner-title-visibility":"","ast-main-header-display":"","ast-hfb-above-header-display":"","ast-hfb-below-header-display":"","ast-hfb-mobile-header-display":"","site-post-title":"","ast-breadcrumbs-content":"","ast-featured-img":"","footer-sml-layout":"","theme-transparent-header-meta":"default","adv-header-id-meta":"","stick-header-meta":"","header-above-stick-meta":"","header-main-stick-meta":"","header-below-stick-meta":""},"categories":[758],"tags":[],"acf":[],"_links":{"self":[{"href":"https:\/\/www.cnbb.org.br\/cnbb-app\/wp\/v2\/posts\/859455"}],"collection":[{"href":"https:\/\/www.cnbb.org.br\/cnbb-app\/wp\/v2\/posts"}],"about":[{"href":"https:\/\/www.cnbb.org.br\/cnbb-app\/wp\/v2\/types\/post"}],"author":[{"embeddable":true,"href":"https:\/\/www.cnbb.org.br\/cnbb-app\/wp\/v2\/users\/33"}],"replies":[{"embeddable":true,"href":"https:\/\/www.cnbb.org.br\/cnbb-app\/wp\/v2\/comments?post=859455"}],"version-history":[{"count":0,"href":"https:\/\/www.cnbb.org.br\/cnbb-app\/wp\/v2\/posts\/859455\/revisions"}],"wp:attachment":[{"href":"https:\/\/www.cnbb.org.br\/cnbb-app\/wp\/v2\/media?parent=859455"}],"wp:term":[{"taxonomy":"category","embeddable":true,"href":"https:\/\/www.cnbb.org.br\/cnbb-app\/wp\/v2\/categories?post=859455"},{"taxonomy":"post_tag","embeddable":true,"href":"https:\/\/www.cnbb.org.br\/cnbb-app\/wp\/v2\/tags?post=859455"}],"curies":[{"name":"wp","href":"https:\/\/api.w.org\/{rel}","templated":true}]}}