{"id":859496,"date":"2021-11-16T13:29:09","date_gmt":"2021-11-16T16:29:09","guid":{"rendered":"https:\/\/www.cnbb.org.br\/?p=859496"},"modified":"2021-11-16T13:29:53","modified_gmt":"2021-11-16T16:29:53","slug":"novos-tempos-na-arquidiocese-de-juiz-de-fora","status":"publish","type":"post","link":"https:\/\/www.cnbb.org.br\/novos-tempos-na-arquidiocese-de-juiz-de-fora\/","title":{"rendered":"Novos tempos na Arquidiocese de Juiz de Fora"},"content":{"rendered":"<p style=\"text-align: right;\"><strong>Dom Gil Ant\u00f4nio Moreira<\/strong><br \/>\n<strong>Arcebispo de Juiz de Fora (MG)<\/strong><\/p>\n<p style=\"text-align: justify;\"><strong>\u00a0<\/strong><\/p>\n<p style=\"text-align: justify;\">Com grande alegria, celebramos, no dia 31 de outubro, a Santa Eucaristia como marco especial, em nossa Igreja Particular juiz-forana, agradecendo a Deus pela primeira etapa de nosso II S\u00ednodo Arquidiocesano, iniciado a 7 de dezembro de 2019, que durou praticamente dois anos, marcado fortemente pela inesperada pandemia da Covid-19.\u00a0Neste mesmo momento, com muita alegria e esperan\u00e7a, abrimos a Segunda Fase Sinodal, empreendendo caminhos novos neste tempo que j\u00e1 se abre para a supera\u00e7\u00e3o da pandemia.<\/p>\n<p style=\"text-align: justify;\">Nesta ocasi\u00e3o marcante de nossa hist\u00f3ria arquidiocesana, quando caminhamos tamb\u00e9m para celebrar o centen\u00e1rio diocesano, tivemos a satisfa\u00e7\u00e3o de escolher e chamar ao Diaconato nossos caros filhos, Rafael Coelho do Nascimento e Robert C\u00e9sar Teixeira. A ordena\u00e7\u00e3o diaconal desses irm\u00e3os representa muito para todos n\u00f3s, pois, al\u00e9m de serem dois novos servidores de Deus que chegam para se somarem ao clero na constru\u00e7\u00e3o do Reino, tamb\u00e9m representam, nesta nova fase sinodal, a marca da aten\u00e7\u00e3o aos pobres e \u00e0 reforma da vida pastoral, dois elementos eminentemente diaconais. Foi para isso que os Ap\u00f3stolos institu\u00edram a ordem dos di\u00e1conos na Igreja, como lemos no Atos dos Ap\u00f3stolos 6, 1-7. \u00c9 significativo o lema que eles escolheram: &#8220;<em>Ungiu-nos, selou-nos e p\u00f4s em nosso cora\u00e7\u00e3o o Esp\u00edrito como penhor&#8221;,<strong>\u00a0<\/strong><\/em>da 2\u00aa Carta aos Cor\u00edntios, 1, 22. O servi\u00e7o na Igreja \u00e9 sopro do Esp\u00edrito que nos unge e nos envia e eles ser\u00e3o for\u00e7a nova nesta miss\u00e3o. \u00a0<strong>\u00a0<\/strong><\/p>\n<p style=\"text-align: justify;\">Que queremos, em nossa Arquidiocese, com todos estes fatos, sen\u00e3o colocar em pr\u00e1tica, da melhor maneira poss\u00edvel, o grande mandamento que Jesus ensinou? O que queremos com nosso S\u00ednodo, sen\u00e3o caminhar juntos, praticando concretamente o amor? O que pretendem nossos jovens irm\u00e3os, ao se consagrarem perpetuamente a Deus, sen\u00e3o servir desinteressadamente, como fez o Senhor somente por amor? \u00c0 base de nossos s\u00ednodos, com a proposta de caminharmos sempre juntos, est\u00e1 o mandamento maior: amar a Deus e amar o pr\u00f3ximo. Aqui se unem liturgia e a\u00e7\u00e3o caritativa, solid\u00e1ria, misericordiosa, sobretudo com os mais vulner\u00e1veis.<\/p>\n<p style=\"text-align: justify;\">A nova fase sinodal se organiza com dois olhares especiais provocados pelo per\u00edodo pand\u00eamico. O primeiro \u00e9 para os que foram mais atingidos pela pandemia: os pobres, os vulner\u00e1veis, os doentes com suas sequelas, as fam\u00edlias mais atingidas pelas mortes. Quanto a isso, nos ajudam as palavras do Papa Francisco, sobretudo duas que ele tem repetido frequentemente:\u00a0compaix\u00e3o e esperan\u00e7a. O segundo olhar ser\u00e1 para n\u00f3s mesmos, para revisarmos nossos esquemas pastorais a fim de torn\u00e1-los cada vez mais eficazes. Os pronunciamentos do Papa Francisco nos ajudar\u00e3o, sobretudo a enc\u00edclica\u00a0<em>Fratelli Tutti<\/em>, lan\u00e7ada h\u00e1 um ano, a 3 de outubro de 2020, sobre a fraternidade e a amizade social.<\/p>\n<p style=\"text-align: justify;\">Eis os grandes desafios colocados pela nossa f\u00e9 nesta nova etapa de nossa caminhada sinodal arquidiocesana. Unidos todos, com coragem e \u00e2nimo, movidos pelo Esp\u00edrito do Senhor, com disposi\u00e7\u00e3o e amor, vamos juntos caminhar neste novo tempo, certos de que estamos realizando o grande preceito do Senhor: amar a Deus com todo nosso cora\u00e7\u00e3o, com toda a nossa mente, com todo nosso entendimento e com toda a nossa for\u00e7a, e ao pr\u00f3ximo como a n\u00f3s mesmos.<\/p>\n<p style=\"text-align: justify;\">Que Maria Sant\u00edssima, a quem queremos escolher como M\u00e3e amorosa protetora de nossa Arquidiocese, nesta caminhada rumo ao centen\u00e1rio diocesano, juntamente com Santo Ant\u00f4nio, nosso Padroeiro, nos aben\u00e7oem como fi\u00e9is intercessores diante da Trindade Sant\u00edssima, a eterna comunidade de amor.<\/p>\n<p>&nbsp;<\/p>\n<p>&nbsp;<\/p>\n","protected":false},"excerpt":{"rendered":"<p>Dom Gil Ant\u00f4nio Moreira Arcebispo de Juiz de Fora (MG) \u00a0 Com grande alegria, celebramos, no dia 31 de outubro, a Santa Eucaristia como marco especial, em nossa Igreja Particular juiz-forana, agradecendo a Deus pela primeira etapa de nosso II S\u00ednodo Arquidiocesano, iniciado a 7 de dezembro de 2019, que durou praticamente dois anos, marcado &hellip;<\/p>\n<p class=\"read-more\"> <a class=\"\" href=\"https:\/\/www.cnbb.org.br\/novos-tempos-na-arquidiocese-de-juiz-de-fora\/\"> <span class=\"screen-reader-text\">Novos tempos na Arquidiocese de Juiz de Fora<\/span> Leia mais &raquo;<\/a><\/p>\n","protected":false},"author":12,"featured_media":0,"comment_status":"open","ping_status":"open","sticky":false,"template":"","format":"standard","meta":{"site-sidebar-layout":"default","site-content-layout":"default","ast-global-header-display":"","ast-banner-title-visibility":"","ast-main-header-display":"","ast-hfb-above-header-display":"","ast-hfb-below-header-display":"","ast-hfb-mobile-header-display":"","site-post-title":"","ast-breadcrumbs-content":"","ast-featured-img":"","footer-sml-layout":"","theme-transparent-header-meta":"default","adv-header-id-meta":"","stick-header-meta":"","header-above-stick-meta":"","header-main-stick-meta":"","header-below-stick-meta":""},"categories":[758],"tags":[],"acf":[],"_links":{"self":[{"href":"https:\/\/www.cnbb.org.br\/cnbb-app\/wp\/v2\/posts\/859496"}],"collection":[{"href":"https:\/\/www.cnbb.org.br\/cnbb-app\/wp\/v2\/posts"}],"about":[{"href":"https:\/\/www.cnbb.org.br\/cnbb-app\/wp\/v2\/types\/post"}],"author":[{"embeddable":true,"href":"https:\/\/www.cnbb.org.br\/cnbb-app\/wp\/v2\/users\/12"}],"replies":[{"embeddable":true,"href":"https:\/\/www.cnbb.org.br\/cnbb-app\/wp\/v2\/comments?post=859496"}],"version-history":[{"count":0,"href":"https:\/\/www.cnbb.org.br\/cnbb-app\/wp\/v2\/posts\/859496\/revisions"}],"wp:attachment":[{"href":"https:\/\/www.cnbb.org.br\/cnbb-app\/wp\/v2\/media?parent=859496"}],"wp:term":[{"taxonomy":"category","embeddable":true,"href":"https:\/\/www.cnbb.org.br\/cnbb-app\/wp\/v2\/categories?post=859496"},{"taxonomy":"post_tag","embeddable":true,"href":"https:\/\/www.cnbb.org.br\/cnbb-app\/wp\/v2\/tags?post=859496"}],"curies":[{"name":"wp","href":"https:\/\/api.w.org\/{rel}","templated":true}]}}