{"id":859740,"date":"2021-11-22T11:10:52","date_gmt":"2021-11-22T14:10:52","guid":{"rendered":"https:\/\/www.cnbb.org.br\/?p=859740"},"modified":"2021-11-22T11:11:25","modified_gmt":"2021-11-22T14:11:25","slug":"tempo-de-esperanca-e-de-justica","status":"publish","type":"post","link":"https:\/\/www.cnbb.org.br\/tempo-de-esperanca-e-de-justica\/","title":{"rendered":"Tempo de esperan\u00e7a e de justi\u00e7a!"},"content":{"rendered":"<p style=\"text-align: right;\"><strong>Dom Eurico dos Santos Veloso<br \/>\n<\/strong><strong>Arcebispo Em\u00e9rito de Juiz de Fora (MG)<\/strong><\/p>\n<p style=\"text-align: justify;\"><strong>\u00a0<\/strong><\/p>\n<p style=\"text-align: justify;\">Iniciemos mais um ano lit\u00fargico, o chamado ano lit\u00fargico C, aonde caminharemos com o Evangelista S\u00e3o Lucas. Neste 1\u00ba Domingo do Tempo do Advento, a Palavra de Deus apresenta-nos uma primeira abordagem \u00e0 \u201cvinda\u201d do Senhor. Celebrar o Advento \u00e9 viver intensa prepara\u00e7\u00e3o para o Natal de Jesus, nossa justi\u00e7a.\u00a0 A ora\u00e7\u00e3o e a vigil\u00e2ncia s\u00e3o dois convites eminentes da liturgia, para n\u00e3o esmorecermos diante dos desafios que a vida nos reserva. Caminhando com Jesus nos caminhos da f\u00e9 e do amor progredimos na f\u00e9 e na miseric\u00f3rdia, erguendo nossos olhos para o c\u00e9u e acolhendo a liberta\u00e7\u00e3o que se aproxima.<\/p>\n<p style=\"text-align: justify;\">Na primeira leitura(Jr 33,14-16), pela boca do profeta Jeremias, o Deus da alian\u00e7a anuncia que \u00e9 fiel \u00e0s suas promessas e vai enviar ao seu Povo um \u201crebento\u201d da fam\u00edlia de Davi. A sua miss\u00e3o ser\u00e1 concretizar esse mundo sonhado de justi\u00e7a e de paz: fecundidade, bem-estar, vida em abund\u00e2ncia, ser\u00e3o os frutos da a\u00e7\u00e3o do Messias. Jerusal\u00e9m se encontra em ru\u00ednas ap\u00f3s o ex\u00edlio da Babil\u00f4nia. O profeta interv\u00e9m, animando o povo a manter a esperan\u00e7a de um novo e melhor amanh\u00e3. Diante desta realidade, anuncia a restaura\u00e7\u00e3o a dinastia de Davi, algu\u00e9m que vir\u00e1 governar com justi\u00e7a. O desejo do profeta \u00e9 o nosso tamb\u00e9m: um governo justo que venha defender o direito dos pobres. O profeta Jeremias anuncia tempos novos. Tempos de alegria e de esperan\u00e7a. \u00c9 assim que iniciamos o Advento de Nosso Senhor Jesus Cristo, com a disposi\u00e7\u00e3o do cora\u00e7\u00e3o renovada para que celebremos seu Natal. Para o crist\u00e3o, receber o seu Rei implica um compromisso, um recolhimento afetuoso e cheio de espiritualidade.<\/p>\n<p style=\"text-align: justify;\">O Evangelho(Lc 21,25-28.34-36) apresenta-nos Jesus, o Messias filho de Davi, a anunciar a todos os que se sentem prisioneiros: \u201calegrai-vos, a vossa liberta\u00e7\u00e3o est\u00e1 pr\u00f3xima. O mundo velho a que estais presos vai cair e, em seu lugar, vai nascer um mundo novo, onde conhecereis a liberdade e a vida em plenitude. Estai atentos, a fim de acolherdes o Filho do Homem que vos traz o projeto desse mundo novo\u201d. \u00c9 preciso, no entanto, reconhec\u00ea-l\u2019O, saber identificar os seus apelos e ter a coragem de construir, com Ele, a justi\u00e7a e a paz. Os profetas depositaram grande confian\u00e7a no advento de reis que fossem justos, retos e praticantes de um governo segundo o cora\u00e7\u00e3o de jesus. Com essa motiva\u00e7\u00e3o, o Evangelho segundo S\u00e3o Lucas apresenta a perspectiva da volta de Jesus, exortando a comunidade a uma espera sincera e atenta. \u00c9 seguindo essa \u201cespera-esperan\u00e7osa\u201d que devemos nos colocar em ora\u00e7\u00e3o porque a linha mestra da narrativa \u00e9 a vigil\u00e2ncia, pois a partir dela o nosso modo de agir poder\u00e1 ser ajustado. Diante da cat\u00e1strofe da destrui\u00e7\u00e3o de Jerusal\u00e9m pelos romanos, a comunidade de Lucas \u00e9 convidada a ser vigilante, para n\u00e3o se deixar enganar pelos acontecimentos do dia a dia. Esse fato tr\u00e1gico da destrui\u00e7\u00e3o da cidade ainda n\u00e3o \u00e9 o fim. O crist\u00e3o n\u00e3o est\u00e1 entregue ao caos, mas deve confiar no Senhor, que conduz a hist\u00f3ria, e saber resistir a temores e projetos enganadores. Nestes sombrios tempos da pandemia da COVID-19, somos convidados a manter olhos abertos e cora\u00e7\u00e3o alerta sobre os cuidados que precisamos ter e, ao mesmo tempo, a n\u00e3o perder a sensibilidade e a esperan\u00e7a.<\/p>\n<p style=\"text-align: justify;\">A segunda leitura(1Ts 3,12-4,2) convida-nos a n\u00e3o nos instalarmos na mediocridade e no comodismo, mas a esperar numa atitude ativa a vinda do Senhor. \u00c9 fundamental, nessa atitude, a viv\u00eancia do amor: \u00e9 ele o centro do nosso testemunho pessoal, comunit\u00e1rio, eclesial. S\u00e3o Paulo anuncia \u00e0 comunidade como viver para agradar a Deus. O amor \u00e9 a base da viv\u00eancia crist\u00e3 e a melhor maneira de aguardar a vinda do Senhor. O autor convida os fi\u00e9is a progredir sempre mais no amor m\u00fatuo e na santidade de vida, para estarem prontos a se apresentarem diante do Cristo quando vier.<\/p>\n<p style=\"text-align: justify;\">O primeiro Domingo do Advento nos anuncia que receber Jesus de verdade significa acolher o pr\u00f3ximo. Esse chamado para estar atento refor\u00e7a em n\u00f3s um compromisso mais sincero com o Evangelho: significa arrumar a casa de nossas vidas para uma experi\u00eancia de proximidade, de aconchego.<\/p>\n<p style=\"text-align: justify;\">O Advento \u00e9 este tempo de renova\u00e7\u00e3o e de reconstru\u00e7\u00e3o da nossa vida espiritual para o nascimento de Jesus. Somos convidados a desfazer os caminhos que v\u00eam impedindo a presen\u00e7a de Cristo em nossa vida e reconstruir novos caminhos, erguendo a cabe\u00e7a e percebendo que o Filho de Deus irrompe na hist\u00f3ria humana, surgindo como sinal de liberta\u00e7\u00e3o para a humanidade. No meio de uma sociedade envolvida em trevas, precisamos de muita f\u00e9 e esperan\u00e7a para fazer brilhar a luz que ilumina o mundo. Santo Advento para todos!<\/p>\n<p>&nbsp;<\/p>\n<p>&nbsp;<\/p>\n","protected":false},"excerpt":{"rendered":"<p>Dom Eurico dos Santos Veloso Arcebispo Em\u00e9rito de Juiz de Fora (MG) \u00a0 Iniciemos mais um ano lit\u00fargico, o chamado ano lit\u00fargico C, aonde caminharemos com o Evangelista S\u00e3o Lucas. Neste 1\u00ba Domingo do Tempo do Advento, a Palavra de Deus apresenta-nos uma primeira abordagem \u00e0 \u201cvinda\u201d do Senhor. Celebrar o Advento \u00e9 viver intensa &hellip;<\/p>\n<p class=\"read-more\"> <a class=\"\" href=\"https:\/\/www.cnbb.org.br\/tempo-de-esperanca-e-de-justica\/\"> <span class=\"screen-reader-text\">Tempo de esperan\u00e7a e de justi\u00e7a!<\/span> Leia mais &raquo;<\/a><\/p>\n","protected":false},"author":73,"featured_media":0,"comment_status":"open","ping_status":"open","sticky":false,"template":"","format":"standard","meta":{"site-sidebar-layout":"default","site-content-layout":"default","ast-global-header-display":"","ast-banner-title-visibility":"","ast-main-header-display":"","ast-hfb-above-header-display":"","ast-hfb-below-header-display":"","ast-hfb-mobile-header-display":"","site-post-title":"","ast-breadcrumbs-content":"","ast-featured-img":"","footer-sml-layout":"","theme-transparent-header-meta":"default","adv-header-id-meta":"","stick-header-meta":"","header-above-stick-meta":"","header-main-stick-meta":"","header-below-stick-meta":""},"categories":[758],"tags":[],"acf":[],"_links":{"self":[{"href":"https:\/\/www.cnbb.org.br\/cnbb-app\/wp\/v2\/posts\/859740"}],"collection":[{"href":"https:\/\/www.cnbb.org.br\/cnbb-app\/wp\/v2\/posts"}],"about":[{"href":"https:\/\/www.cnbb.org.br\/cnbb-app\/wp\/v2\/types\/post"}],"author":[{"embeddable":true,"href":"https:\/\/www.cnbb.org.br\/cnbb-app\/wp\/v2\/users\/73"}],"replies":[{"embeddable":true,"href":"https:\/\/www.cnbb.org.br\/cnbb-app\/wp\/v2\/comments?post=859740"}],"version-history":[{"count":0,"href":"https:\/\/www.cnbb.org.br\/cnbb-app\/wp\/v2\/posts\/859740\/revisions"}],"wp:attachment":[{"href":"https:\/\/www.cnbb.org.br\/cnbb-app\/wp\/v2\/media?parent=859740"}],"wp:term":[{"taxonomy":"category","embeddable":true,"href":"https:\/\/www.cnbb.org.br\/cnbb-app\/wp\/v2\/categories?post=859740"},{"taxonomy":"post_tag","embeddable":true,"href":"https:\/\/www.cnbb.org.br\/cnbb-app\/wp\/v2\/tags?post=859740"}],"curies":[{"name":"wp","href":"https:\/\/api.w.org\/{rel}","templated":true}]}}