{"id":859809,"date":"2021-11-23T13:20:41","date_gmt":"2021-11-23T16:20:41","guid":{"rendered":"https:\/\/www.cnbb.org.br\/?p=859809"},"modified":"2021-11-24T11:04:58","modified_gmt":"2021-11-24T14:04:58","slug":"secretario-geral-da-cnbb-concilia-emergencias-da-funcao-com-a-participacao-remota-na-1a-assembleia-eclesial-da-america-latina-e-caribe","status":"publish","type":"post","link":"https:\/\/www.cnbb.org.br\/secretario-geral-da-cnbb-concilia-emergencias-da-funcao-com-a-participacao-remota-na-1a-assembleia-eclesial-da-america-latina-e-caribe\/","title":{"rendered":"Secret\u00e1rio-Geral da CNBB concilia emerg\u00eancias da fun\u00e7\u00e3o com a participa\u00e7\u00e3o remota na 1\u00aa Assembleia Eclesial da Am\u00e9rica Latina e Caribe"},"content":{"rendered":"<p style=\"text-align: justify;\">Do seu escrit\u00f3rio, no segundo andar da sede da Confer\u00eancia Nacional dos Bispos do Brasil (CNBB), em Bras\u00edlia-DF, o bispo auxiliar do Rio de Janeiro (RJ), dom Joel Portella Amado, est\u00e1 fazendo um exerc\u00edcio desafiador nesta semana: conciliar a sua agenda como secret\u00e1rio-geral da entidade \u00e0 participa\u00e7\u00e3o remota, junto a outras cerca de 1000 pessoas do continente, na programa\u00e7\u00e3o da primeira Assembleia Eclesial da Am\u00e9rica Latina e Caribe, cuja vers\u00e3o presencial acontece na Cidade do M\u00e9xico, at\u00e9 o pr\u00f3ximo 28 de novembro.<\/p>\n<p style=\"text-align: justify;\">O fato da participa\u00e7\u00e3o ser virtual soa como uma vantagem ao secret\u00e1rio, uma vez que lhe permite, em certos momentos, atender \u00e0s emerg\u00eancias que aparecem de \u00faltima hora. A segunda vantagem apontada por ele, \u00e9 a diferen\u00e7a de fuso-hor\u00e1rio de &#8220;tr\u00eas horas para tr\u00e1s&#8221; da capital do Brasil com a Cidade do M\u00e9xico. &#8220;Na verdade, estas tr\u00eas horas s\u00e3o os hor\u00e1rios vazios. Os hor\u00e1rios em que as atividades do secret\u00e1rio-geral diminuem, de 12h \u00e0s 15h e depois das 19h \u00e0s 23h&#8221;, disse.<\/p>\n<p style=\"text-align: justify;\">Como membro da Comiss\u00e3o Nacional de Anima\u00e7\u00e3o no Brasil do processo da primeira Assembleia Eclesial, dom Joel fez o mesmo percurso de prepara\u00e7\u00e3o que o pa\u00eds fez durante o processo de escuta. Foi um tempo, segundo ele, de estudo, de procurar conhecer as quest\u00f5es levantadas e estabelecer contato com o Conselho Episcopal Latino Americano (Celam).<\/p>\n<blockquote>\n<p style=\"text-align: justify;\">&#8220;De modo muito especial, gostaria de destacar uma coisa. Como membro da Comiss\u00e3o de Anima\u00e7\u00e3o no Brasil do processo da Assembleia Eclesial a minha prepara\u00e7\u00e3o foi vibrar com as comunidades, participar com elas, ouvir o que os membros da equipe nacional e as dioceses manifestaram com perguntas, preocupa\u00e7\u00f5es e curiosidades. Isto me ajudou muito&#8221;, avaliou.<\/p>\n<\/blockquote>\n<h3>Discipulado de Jesus Cristo<\/h3>\n<p style=\"text-align: justify;\">O secret\u00e1rio-geral da CNBB enaltece o processo de organiza\u00e7\u00e3o da Assembleia Eclesial, sobretudo a capacidade de envolver tanta gente. Em termos de conte\u00fado, ele d\u00e1 destaque para as reflex\u00f5es em torno do &#8220;discipulado de Jesus Cristo&#8221; e as implica\u00e7\u00f5es pastorais deste seguimento, um dos temas de reflex\u00e3o na programa\u00e7\u00e3o dos primeiros dias. &#8220;Ontem n\u00e3o tivemos trabalho de grupos porque eu fui um daqueles que n\u00e3o conseguiu ingressar nos grupos, mas isto acontece. Vi as duas confer\u00eancias de ontem e de hoje&#8221;.<\/p>\n<figure id=\"attachment_859816\" aria-describedby=\"caption-attachment-859816\" style=\"width: 300px\" class=\"wp-caption alignleft\"><img decoding=\"async\" loading=\"lazy\" class=\"wp-image-859816 size-medium\" src=\"https:\/\/www.cnbb.org.br\/wp-content\/uploads\/2021\/11\/Dom-Joel-acompanha-fala-de-dom-Odilo-300x225.jpg\" alt=\"\" width=\"300\" height=\"225\" srcset=\"https:\/\/www.cnbb.org.br\/wp-content\/uploads\/2021\/11\/Dom-Joel-acompanha-fala-de-dom-Odilo-300x225.jpg 300w, https:\/\/www.cnbb.org.br\/wp-content\/uploads\/2021\/11\/Dom-Joel-acompanha-fala-de-dom-Odilo-1024x768.jpg 1024w, https:\/\/www.cnbb.org.br\/wp-content\/uploads\/2021\/11\/Dom-Joel-acompanha-fala-de-dom-Odilo-768x576.jpg 768w, https:\/\/www.cnbb.org.br\/wp-content\/uploads\/2021\/11\/Dom-Joel-acompanha-fala-de-dom-Odilo-1536x1152.jpg 1536w, https:\/\/www.cnbb.org.br\/wp-content\/uploads\/2021\/11\/Dom-Joel-acompanha-fala-de-dom-Odilo-500x375.jpg 500w, https:\/\/www.cnbb.org.br\/wp-content\/uploads\/2021\/11\/Dom-Joel-acompanha-fala-de-dom-Odilo-800x600.jpg 800w, https:\/\/www.cnbb.org.br\/wp-content\/uploads\/2021\/11\/Dom-Joel-acompanha-fala-de-dom-Odilo.jpg 1440w\" sizes=\"(max-width: 300px) 100vw, 300px\" \/><figcaption id=\"caption-attachment-859816\" class=\"wp-caption-text\">Dom Joel acompanha a confer\u00eancia do cardeal Odilo Scherer, arcebispo de S\u00e3o Paulo, representante da CNBB no Celam e vice-presidente do \u00f3rg\u00e3o. Fotos: Ascom CNBB.<\/figcaption><\/figure>\n<p style=\"text-align: justify;\">No momento em que a equipe do portal da CNBB conversou com o bispo auxiliar do Rio, ele estava acompanhando a confer\u00eancia que o arcebispo de S\u00e3o Paulo (SP) e primeiro vice-presidente do Conselho Episcopal Latino Americano (Celam) e representante da entidade neste \u00f3rg\u00e3o, cardeal Odilo Pedro Scherer, falou aos participantes da Assembleia Eclesial da Am\u00e9rica Latina e do Caribe, na manh\u00e3 desta ter\u00e7a-feira, 23.<\/p>\n<p style=\"text-align: justify;\">Segundo dom Joel, a Igreja no Brasil tem um processo muito rico de caminhada sinodal expressa na forma como vive os diferentes minist\u00e9rios, organiza as assembleias, os conselhos e a participa\u00e7\u00e3o.\u00a0 Essa &#8220;consci\u00eancia da escuta&#8221; \u00e9 uma das contribui\u00e7\u00f5es da caminhada do Igreja no Brasil \u00e0 Igreja em outras regi\u00f5es. &#8220;A Igreja no mundo inteiro precisa crescer naquilo que a gente chama de consci\u00eancia da escuta. Um processo que n\u00e3o acaba nunca. Cada vez temos a no\u00e7\u00e3o que precisamos escutar mais. Podemos afirmar que a Igreja no Brasil tem muito a contribuir neste processo&#8221;.<\/p>\n<p>&nbsp;<\/p>\n<p>&nbsp;<\/p>\n","protected":false},"excerpt":{"rendered":"<p>O secret\u00e1rio-geral da CNBB enaltece o processo de organiza\u00e7\u00e3o da Assembleia Eclesial, sobretudo a capacidade de envolver tanta gente. Em termos de conte\u00fado, ele d\u00e1 destaque para as reflex\u00f5es em torno do &#8220;discipulado de Jesus Cristo&#8221; e as implica\u00e7\u00f5es pastorais deste seguimento<\/p>\n","protected":false},"author":83,"featured_media":859815,"comment_status":"open","ping_status":"open","sticky":false,"template":"","format":"standard","meta":{"site-sidebar-layout":"default","site-content-layout":"default","ast-global-header-display":"","ast-banner-title-visibility":"","ast-main-header-display":"","ast-hfb-above-header-display":"","ast-hfb-below-header-display":"","ast-hfb-mobile-header-display":"","site-post-title":"","ast-breadcrumbs-content":"","ast-featured-img":"","footer-sml-layout":"","theme-transparent-header-meta":"default","adv-header-id-meta":"","stick-header-meta":"","header-above-stick-meta":"","header-main-stick-meta":"","header-below-stick-meta":""},"categories":[1294,50],"tags":[3343],"acf":[],"_links":{"self":[{"href":"https:\/\/www.cnbb.org.br\/cnbb-app\/wp\/v2\/posts\/859809"}],"collection":[{"href":"https:\/\/www.cnbb.org.br\/cnbb-app\/wp\/v2\/posts"}],"about":[{"href":"https:\/\/www.cnbb.org.br\/cnbb-app\/wp\/v2\/types\/post"}],"author":[{"embeddable":true,"href":"https:\/\/www.cnbb.org.br\/cnbb-app\/wp\/v2\/users\/83"}],"replies":[{"embeddable":true,"href":"https:\/\/www.cnbb.org.br\/cnbb-app\/wp\/v2\/comments?post=859809"}],"version-history":[{"count":0,"href":"https:\/\/www.cnbb.org.br\/cnbb-app\/wp\/v2\/posts\/859809\/revisions"}],"wp:featuredmedia":[{"embeddable":true,"href":"https:\/\/www.cnbb.org.br\/cnbb-app\/wp\/v2\/media\/859815"}],"wp:attachment":[{"href":"https:\/\/www.cnbb.org.br\/cnbb-app\/wp\/v2\/media?parent=859809"}],"wp:term":[{"taxonomy":"category","embeddable":true,"href":"https:\/\/www.cnbb.org.br\/cnbb-app\/wp\/v2\/categories?post=859809"},{"taxonomy":"post_tag","embeddable":true,"href":"https:\/\/www.cnbb.org.br\/cnbb-app\/wp\/v2\/tags?post=859809"}],"curies":[{"name":"wp","href":"https:\/\/api.w.org\/{rel}","templated":true}]}}