{"id":859859,"date":"2021-11-23T15:48:31","date_gmt":"2021-11-23T18:48:31","guid":{"rendered":"https:\/\/www.cnbb.org.br\/?p=859859"},"modified":"2022-01-10T10:58:34","modified_gmt":"2022-01-10T13:58:34","slug":"advento-tempo-da-esperanca","status":"publish","type":"post","link":"https:\/\/www.cnbb.org.br\/advento-tempo-da-esperanca\/","title":{"rendered":"Advento &#8211; tempo da esperan\u00e7a"},"content":{"rendered":"<p style=\"text-align: right;\"><strong>Dom Carlos Jos\u00e9<\/strong><br aria-hidden=\"true\" \/><strong>Bispo de Apucarana (PR)<\/strong><\/p>\n<p>\u201cPonho minha esperan\u00e7a no Senhor. Minha alma tem confian\u00e7a em sua Palavra. \u201d (Sl 129, 5)<\/p>\n<p style=\"text-align: justify;\"><br aria-hidden=\"true\" \/>A caminhada da Igreja \u00e9 rica em sabedoria, ensinamentos e prop\u00f3sitos que visam levar o crist\u00e3o ao conhecimento da Verdade, que \u00e9 Cristo, o Senhor. Ao caminharmos para o encerramento do Ano Lit\u00fargico \u00e9 prop\u00edcio que fa\u00e7amos uma avalia\u00e7\u00e3o do que aprendemos e vivemos enquanto filhos e filhas amados por Deus e guiados pelo Esp\u00edrito Santo.<\/p>\n<p style=\"text-align: justify;\">A Liturgia da Igreja n\u00e3o pode ser vista apenas como um calend\u00e1rio religioso, pois, Ela, a Liturgia \u00e9 uma pessoa: o pr\u00f3prio Cristo que se revela e nos d\u00e1 a conhecer os desejos e planos do Pai. Sendo assim, o Ano Lit\u00fargico compreende o encontro com Cristo no Esp\u00edrito Santo.<\/p>\n<p style=\"text-align: justify;\">Viver bem o Ano Lit\u00fargico proporciona amadurecimento na f\u00e9 e profunda forma\u00e7\u00e3o em torno do Mist\u00e9rio de Cristo celebrado nos mist\u00e9rios lit\u00fargicos no decorrer do ano, o que nos leva a um permanente e constante encontro pessoal com Jesus Cristo, Caminho, Verdade e Vida.<\/p>\n<p style=\"text-align: justify;\">O Ano Lit\u00fargico \u00e9 o desdobramento dos diversos aspectos do \u00fanico Mist\u00e9rio Pascal, principalmente o ciclo das festas em torno do Mist\u00e9rio da Encarna\u00e7\u00e3o, que compreende a Anuncia\u00e7\u00e3o, o Advento, o Natal e a Epifania, que fazem mem\u00f3ria do come\u00e7o de nossa salva\u00e7\u00e3o, nos comunicando as prim\u00edcias do Mist\u00e9rio Pascal. Todos os anos, ao longo das celebra\u00e7\u00f5es, a Igreja nos recorda e ensina que fomos criados para amar, sermos amados e levar Cristo, o Amor, aos que n\u00e3o O conhecem, ou que se afastaram Dele. Somos instrumentos de comunica\u00e7\u00e3o do Amor verdadeiro e devemos faz\u00ea-lo, para nossa salva\u00e7\u00e3o e a de outros. \u201cNingu\u00e9m pode vir a mim se por meu Pai n\u00e3o lhe for concedido. \u201d (Jo 6,65).<\/p>\n<p style=\"text-align: justify;\">O Senhor nos chama a Ele. Somos atra\u00eddos pelo amor de Deus que nos criou para a felicidade e a plenitude eterna. Por mais dif\u00edcil que possa parecer, n\u00e3o caminhamos isolados ou sozinhos, temos a grata presen\u00e7a do Esp\u00edrito Santo que encaminha nossos cora\u00e7\u00f5es e no direciona para o Sagrado. E se chegamos at\u00e9 aqui, \u00e9 porque Deus nos preservou e nos concedeu o dom da vida. As celebra\u00e7\u00f5es do Ano Lit\u00fargico n\u00e3o s\u00e3o voltadas apenas para o conhecimento do passado, mas olham tamb\u00e9m para o futuro, numa perspectiva do eterno, fazendo do passado e do futuro o hoje de Deus, pela sacramentalidade da liturgia. Muitos afirmam, talvez por falta de conhecimento, que a Liturgia \u00e9 uma simples repeti\u00e7\u00e3o. Por\u00e9m, isso n\u00e3o procede.<\/p>\n<p style=\"text-align: justify;\">A Liturgia da Igreja, na beleza de seus tempos lit\u00fargicos, embora se repita, tamb\u00e9m se atualiza, pois, mist\u00e9rio que \u00e9, faz mem\u00f3ria da Hist\u00f3ria da Salva\u00e7\u00e3o do povo de Deus, que somos todos n\u00f3s. Do Advento, passando pelo nascimento do Emanuel, Deus Conosco, Semana Santa e o Tempo Comum, at\u00e9 chegar \u00e0 Celebra\u00e7\u00e3o de Cristo Rei, cada ano nos \u00e9 apresentado o mesmo plano de Salva\u00e7\u00e3o de Deus, onde Cristo \u00e9 o Centro e Caminho. Como uma m\u00e3e, que repetida e incansavelmente educa seus filhos at\u00e9 que eles aprendam o que \u00e9 necess\u00e1rio aprender, assim \u00e9 a Igreja de Cristo: mostra-nos a cada Ano Lit\u00fargico a Verdade, o Caminho e a Vida, que devemos seguir. Portanto, o Ano Lit\u00fargico n\u00e3o concorre com o ano civil, pois ambos s\u00e3o dons do Criador, que, inserido no tempo pela Encarna\u00e7\u00e3o de Cristo, santificou ainda mais o tempo civil. Isto posto, todo o tempo se torna tempo de convers\u00e3o e salva\u00e7\u00e3o.<\/p>\n<p style=\"text-align: justify;\">Ao longo do Ano Lit\u00fargico tivemos a oportunidade de aprender a Palavra, a Ora\u00e7\u00e3o e de nos aproximarmos mais de Deus e de seu amor. O Advento nos abre novas portas, pois nas esperas da vida, encontramos Deus Menino que vem para sinalizar que a vida \u00e9 um sopro, nascemos e morremos, e s\u00f3 temos esse intervalo chamado vida para alcan\u00e7ar a santidade e vivermos o verdadeiro amor crist\u00e3o.<\/p>\n<p style=\"text-align: justify;\">Deus ensina pacientemente, com amor e const\u00e2ncia, e n\u00f3s, ser\u00e1 que aprendemos, crescemos na f\u00e9 e na caridade, no amor doa\u00e7\u00e3o, na miss\u00e3o que nos foi confiada em nosso Batismo? Quem dera n\u00e3o tenhamos deixado passar o momento da Gra\u00e7a! O Advento nos recorda que Deus fez tudo por n\u00f3s, at\u00e9 tornar-se um de n\u00f3s, para que fossemos salvos do pecado que aniquila a alma e nos afasta do Amor.<\/p>\n<p style=\"text-align: justify;\">O que estamos fazendo com o que Deus nos oferece? Temos o Alimento Eterno ao alcance das m\u00e3os, a Eucaristia; temos a Palavra Sagrada ao toque dos dedos, diante dos olhos e do cora\u00e7\u00e3o, temos uma Liturgia riqu\u00edssima em ensinamentos e forma\u00e7\u00e3o que nos aproxima e nos inclui na conta dos escolhidos por Deus. Temos o Sacramento da Reconcilia\u00e7\u00e3o que nos devolve a dignidade perdida e nos reconcilia com o Pai. Deus nos d\u00e1 tudo, no hoje e no agora. N\u00e3o sabemos do amanh\u00e3, pois n\u00e3o nos pertence.<\/p>\n<p style=\"text-align: justify;\">Que o Tempo do Advento seja um tempo de cura, convers\u00e3o e da doce alegria trazida por Jesus Menino: a salva\u00e7\u00e3o \u00e9 para todos. Que nosso cora\u00e7\u00e3o seja Bel\u00e9m, que nossa vida inteira seja o presente para Jesus. Que no intervalo entre a vida e a morte, sejamos fieis portadores da Boa Nova de Cristo. Que o Sim da Virgem Maria e a obedi\u00eancia de S\u00e3o Jos\u00e9 nos abram os olhos, os ouvidos e o cora\u00e7\u00e3o para vivermos retamente esse tempo de esperan\u00e7a com f\u00e9 e alegria.<\/p>\n","protected":false},"excerpt":{"rendered":"<p>Dom Carlos Jos\u00e9Bispo de Apucarana (PR) \u201cPonho minha esperan\u00e7a no Senhor. Minha alma tem confian\u00e7a em sua Palavra. \u201d (Sl 129, 5) A caminhada da Igreja \u00e9 rica em sabedoria, ensinamentos e prop\u00f3sitos que visam levar o crist\u00e3o ao conhecimento da Verdade, que \u00e9 Cristo, o Senhor. Ao caminharmos para o encerramento do Ano Lit\u00fargico &hellip;<\/p>\n<p class=\"read-more\"> <a class=\"\" href=\"https:\/\/www.cnbb.org.br\/advento-tempo-da-esperanca\/\"> <span class=\"screen-reader-text\">Advento &#8211; tempo da esperan\u00e7a<\/span> Leia mais &raquo;<\/a><\/p>\n","protected":false},"author":101,"featured_media":0,"comment_status":"open","ping_status":"open","sticky":false,"template":"","format":"standard","meta":{"site-sidebar-layout":"default","site-content-layout":"default","ast-global-header-display":"","ast-banner-title-visibility":"","ast-main-header-display":"","ast-hfb-above-header-display":"","ast-hfb-below-header-display":"","ast-hfb-mobile-header-display":"","site-post-title":"","ast-breadcrumbs-content":"","ast-featured-img":"","footer-sml-layout":"","theme-transparent-header-meta":"default","adv-header-id-meta":"","stick-header-meta":"","header-above-stick-meta":"","header-main-stick-meta":"","header-below-stick-meta":""},"categories":[758,1837],"tags":[],"acf":[],"_links":{"self":[{"href":"https:\/\/www.cnbb.org.br\/cnbb-app\/wp\/v2\/posts\/859859"}],"collection":[{"href":"https:\/\/www.cnbb.org.br\/cnbb-app\/wp\/v2\/posts"}],"about":[{"href":"https:\/\/www.cnbb.org.br\/cnbb-app\/wp\/v2\/types\/post"}],"author":[{"embeddable":true,"href":"https:\/\/www.cnbb.org.br\/cnbb-app\/wp\/v2\/users\/101"}],"replies":[{"embeddable":true,"href":"https:\/\/www.cnbb.org.br\/cnbb-app\/wp\/v2\/comments?post=859859"}],"version-history":[{"count":0,"href":"https:\/\/www.cnbb.org.br\/cnbb-app\/wp\/v2\/posts\/859859\/revisions"}],"wp:attachment":[{"href":"https:\/\/www.cnbb.org.br\/cnbb-app\/wp\/v2\/media?parent=859859"}],"wp:term":[{"taxonomy":"category","embeddable":true,"href":"https:\/\/www.cnbb.org.br\/cnbb-app\/wp\/v2\/categories?post=859859"},{"taxonomy":"post_tag","embeddable":true,"href":"https:\/\/www.cnbb.org.br\/cnbb-app\/wp\/v2\/tags?post=859859"}],"curies":[{"name":"wp","href":"https:\/\/api.w.org\/{rel}","templated":true}]}}