{"id":860005,"date":"2021-11-26T11:20:01","date_gmt":"2021-11-26T14:20:01","guid":{"rendered":"https:\/\/www.cnbb.org.br\/?p=860005"},"modified":"2021-11-26T11:20:20","modified_gmt":"2021-11-26T14:20:20","slug":"escutar-ver-e-anunciar","status":"publish","type":"post","link":"https:\/\/www.cnbb.org.br\/escutar-ver-e-anunciar\/","title":{"rendered":"Escutar, ver e anunciar\u00a0"},"content":{"rendered":"<p style=\"text-align: right;\"><strong>Dom Walmor Oliveira de Azevedo<br \/>\nArcebispo de Belo Horizonte (MG)<\/strong><\/p>\n<p><span data-ccp-props=\"{&quot;201341983&quot;:0,&quot;335551550&quot;:6,&quot;335551620&quot;:6,&quot;335559739&quot;:160,&quot;335559740&quot;:240}\">\u00a0<\/span><\/p>\n<p style=\"text-align: justify;\"><span data-contrast=\"auto\">A Igreja Cat\u00f3lica na Am\u00e9rica Latina e no Caribe celebra a sua 1\u00aa Assembleia Eclesial, de 21 a 28 de novembro, com representantes reunidos no M\u00e9xico, ao redor do Santu\u00e1rio Nossa Senhora de Guadalupe, e muitos evangelizadores participando a partir de tecnologias digitais. Com predomin\u00e2ncia de crist\u00e3os leigos e leigas, esta Assembleia Eclesial tem no horizonte um acontecimento marcante vivido pela Igreja no continente h\u00e1 14 anos: a 5\u00aa Confer\u00eancia dos Bispos Latino-Americanos e Caribenhos, realizada no Santu\u00e1rio Nacional Nossa Senhora Aparecida, em maio de 2007. As indica\u00e7\u00f5es da Confer\u00eancia, reunidas no Documento de Aparecida, est\u00e3o sendo retomadas pelo cora\u00e7\u00e3o do Povo de Deus na Am\u00e9rica Latina e no Caribe, conforme pede o Papa Francisco, para inspirar nova rea\u00e7\u00e3o mission\u00e1ria em toda a regi\u00e3o. Por meio de reflex\u00f5es, avalia\u00e7\u00f5es, questionamentos, a Assembleia Eclesial, guiada pelo Documento de Aparecida, busca intui\u00e7\u00f5es inspiradas pelo Esp\u00edrito Santo, para que a Igreja seja capaz de oferecer novas respostas aos desafios atuais.\u00a0<\/span><span data-ccp-props=\"{&quot;201341983&quot;:0,&quot;335551550&quot;:6,&quot;335551620&quot;:6,&quot;335559739&quot;:160,&quot;335559740&quot;:240}\">\u00a0<\/span><\/p>\n<p style=\"text-align: justify;\"><span data-contrast=\"auto\">A Igreja procura avaliar o seu caminho pela articula\u00e7\u00e3o de todos os segmentos do Povo de Deus. Uma clara consolida\u00e7\u00e3o vivencial e celebrativa do S\u00ednodo sobre a\u00a0Sinodalidade\u00a0na Igreja, j\u00e1 vivido pelos crist\u00e3os cat\u00f3licos em todo o planeta. O S\u00ednodo \u00e9 um passo novo em escala maior, inspirado no que se vivencia em muitas inst\u00e2ncias locais, qualificando ainda mais o que significa caminhar juntos no contexto eclesial. Ultrapassa, assim, o simples sentido de uma din\u00e2mica que procura investir mais na comunh\u00e3o, participa\u00e7\u00e3o e miss\u00e3o. O objetivo \u00e9 continuamente promover a renova\u00e7\u00e3o da Igreja e o fortalecimento da f\u00e9 crist\u00e3, com incid\u00eancias transformadoras na dimens\u00e3o existencial do ser humano e, consequentemente, nos contextos pol\u00edtico, econ\u00f4mico e social, que precisam se reconfigurar ao sabor do Evangelho.\u00a0<\/span><span data-ccp-props=\"{&quot;201341983&quot;:0,&quot;335551550&quot;:6,&quot;335551620&quot;:6,&quot;335559739&quot;:160,&quot;335559740&quot;:240}\">\u00a0<\/span><\/p>\n<p style=\"text-align: justify;\"><span data-contrast=\"auto\">A Igreja Cat\u00f3lica reconhece o tamanho de seu desafio e, por isso mesmo, celebra a 1\u00aa Assembleia Eclesial da Am\u00e9rica Latina e do Caribe a partir de uma din\u00e2mica com potencial para gerar os efeitos esperados. Pode-se dizer que \u00e9 uma din\u00e2mica tr\u00edplice, com estes movimentos conjugados: escutar, ver e anunciar. Esse tr\u00edplice movimento na celebra\u00e7\u00e3o da 1\u00aa Assembleia Eclesial ultrapassa o evento para alcan\u00e7ar respostas mission\u00e1rias necess\u00e1rias \u00e0 Igreja, que enfrenta muitos desafios &#8211; a perda de fi\u00e9is, a rigidez em tradicionalismos e, especialmente, a urg\u00eancia de se promover mais sinergia entre a f\u00e9 crist\u00e3 e a vida cotidiana. Os princ\u00edpios do Evangelho de Jesus Cristo precisam mudar din\u00e2micas perversas que amea\u00e7am a vida no planeta e, particularmente, a sociedade latino-americana e caribenha.\u00a0<\/span><span data-ccp-props=\"{&quot;201341983&quot;:0,&quot;335551550&quot;:6,&quot;335551620&quot;:6,&quot;335559739&quot;:160,&quot;335559740&quot;:240}\">\u00a0<\/span><\/p>\n<p style=\"text-align: justify;\"><span data-contrast=\"auto\">O ponto de partida da 1\u00aa Assembleia Eclesial \u2013 e do S\u00ednodo sobre a\u00a0Sinodalidade\u00a0\u2013 ser\u00e1 sempre a \u201cescuta\u201d. Esta \u00e9 a t\u00f4nica forte ensinada no basilar Livro do Deuteron\u00f4mio: \u201cOuve, \u00f3 Israel\u201d. Ao escutar Deus, o Povo testemunha a sua fidelidade, expressa na fraternidade universal. Escutar Deus tem for\u00e7a e propriedade para gerar redirecionamentos e inspirar respostas. Neste tempo em que se fala muito, e de tudo, com pouca disponibilidade para escutar, torna-se ainda mais dif\u00edcil superar as crises humanit\u00e1rias e institucionais.\u00a0<\/span><span data-ccp-props=\"{&quot;201341983&quot;:0,&quot;335551550&quot;:6,&quot;335551620&quot;:6,&quot;335559739&quot;:160,&quot;335559740&quot;:240}\">\u00a0<\/span><\/p>\n<p style=\"text-align: justify;\"><span data-contrast=\"auto\">A necessidade de aprender a escutar Deus \u00e9 sublinhada por Jesus muitas vezes.\u00a0 Em di\u00e1logo com Pilatos, na narrativa b\u00edblica em que Cristo \u00e9 condenado \u00e0 morte na Cruz, Jesus explica: aqueles que s\u00e3o da verdade ouvem a sua voz. E a compet\u00eancia para ouvir est\u00e1 vinculada \u00e0 capacidade de ver. Oportuno lembrar a narrativa sobre o cego Bartimeu, mendigo da estrada de Jeric\u00f3. Ele, ouvindo a multid\u00e3o, despertou-se para o personagem maior que ali passava, e gritou pedindo: \u201cSenhor, tem piedade de mim\u201d. A escuta da multid\u00e3o, que gerou o clamor de Bartimeu, tornou-se oportunidade para o di\u00e1logo com Deus. Jesus pergunta ao cego: \u201cO que queres que eu lhe fa\u00e7a?\u201d. A pronta resposta: \u201cQue eu veja\u201d.\u00a0 Curado da cegueira, Bartimeu segue e anuncia o Mestre.\u00a0<\/span><span data-ccp-props=\"{&quot;201341983&quot;:0,&quot;335551550&quot;:6,&quot;335551620&quot;:6,&quot;335559739&quot;:160,&quot;335559740&quot;:240}\">\u00a0<\/span><\/p>\n<p style=\"text-align: justify;\"><span data-contrast=\"auto\">A escuta da Palavra de Deus ser\u00e1 sempre o ponto de partida e a consequente capacita\u00e7\u00e3o para deixar-se interpelar pelas palavras-clamores dos pobres e sofredores, do meio ambiente, da humanidade sofrida. Isto significa que escutar Deus inspira a capacidade de ver com compaix\u00e3o. E todos que veem \u00e0 luz da f\u00e9 anunciam com inabal\u00e1vel convic\u00e7\u00e3o o que diz o Documento de Aparecida: \u201cConhecer a Jesus Cristo pela f\u00e9 \u00e9 a nossa alegria; segui-lo \u00e9 uma gra\u00e7a, e transmitir este tesouro aos demais \u00e9 uma tarefa\u201d.<\/span><span data-ccp-props=\"{&quot;201341983&quot;:0,&quot;335551550&quot;:6,&quot;335551620&quot;:6,&quot;335559739&quot;:160,&quot;335559740&quot;:240}\">\u00a0<\/span><\/p>\n<p style=\"text-align: justify;\"><span data-ccp-props=\"{&quot;201341983&quot;:0,&quot;335551550&quot;:6,&quot;335551620&quot;:6,&quot;335559739&quot;:160,&quot;335559740&quot;:240}\">\u00a0<\/span><\/p>\n<p style=\"text-align: justify;\">\n","protected":false},"excerpt":{"rendered":"<p>Dom Walmor Oliveira de Azevedo Arcebispo de Belo Horizonte (MG) \u00a0 A Igreja Cat\u00f3lica na Am\u00e9rica Latina e no Caribe celebra a sua 1\u00aa Assembleia Eclesial, de 21 a 28 de novembro, com representantes reunidos no M\u00e9xico, ao redor do Santu\u00e1rio Nossa Senhora de Guadalupe, e muitos evangelizadores participando a partir de tecnologias digitais. Com &hellip;<\/p>\n<p class=\"read-more\"> <a class=\"\" href=\"https:\/\/www.cnbb.org.br\/escutar-ver-e-anunciar\/\"> <span class=\"screen-reader-text\">Escutar, ver e anunciar\u00a0<\/span> Leia mais &raquo;<\/a><\/p>\n","protected":false},"author":8,"featured_media":0,"comment_status":"open","ping_status":"open","sticky":false,"template":"","format":"standard","meta":{"site-sidebar-layout":"default","site-content-layout":"default","ast-global-header-display":"","ast-banner-title-visibility":"","ast-main-header-display":"","ast-hfb-above-header-display":"","ast-hfb-below-header-display":"","ast-hfb-mobile-header-display":"","site-post-title":"","ast-breadcrumbs-content":"","ast-featured-img":"","footer-sml-layout":"","theme-transparent-header-meta":"default","adv-header-id-meta":"","stick-header-meta":"","header-above-stick-meta":"","header-main-stick-meta":"","header-below-stick-meta":""},"categories":[758,1837],"tags":[],"acf":[],"_links":{"self":[{"href":"https:\/\/www.cnbb.org.br\/cnbb-app\/wp\/v2\/posts\/860005"}],"collection":[{"href":"https:\/\/www.cnbb.org.br\/cnbb-app\/wp\/v2\/posts"}],"about":[{"href":"https:\/\/www.cnbb.org.br\/cnbb-app\/wp\/v2\/types\/post"}],"author":[{"embeddable":true,"href":"https:\/\/www.cnbb.org.br\/cnbb-app\/wp\/v2\/users\/8"}],"replies":[{"embeddable":true,"href":"https:\/\/www.cnbb.org.br\/cnbb-app\/wp\/v2\/comments?post=860005"}],"version-history":[{"count":0,"href":"https:\/\/www.cnbb.org.br\/cnbb-app\/wp\/v2\/posts\/860005\/revisions"}],"wp:attachment":[{"href":"https:\/\/www.cnbb.org.br\/cnbb-app\/wp\/v2\/media?parent=860005"}],"wp:term":[{"taxonomy":"category","embeddable":true,"href":"https:\/\/www.cnbb.org.br\/cnbb-app\/wp\/v2\/categories?post=860005"},{"taxonomy":"post_tag","embeddable":true,"href":"https:\/\/www.cnbb.org.br\/cnbb-app\/wp\/v2\/tags?post=860005"}],"curies":[{"name":"wp","href":"https:\/\/api.w.org\/{rel}","templated":true}]}}