{"id":860091,"date":"2021-11-29T10:27:52","date_gmt":"2021-11-29T13:27:52","guid":{"rendered":"https:\/\/www.cnbb.org.br\/?p=860091"},"modified":"2021-11-29T10:28:31","modified_gmt":"2021-11-29T13:28:31","slug":"a-salvacao-em-cristo-e-o-ano-liturgico","status":"publish","type":"post","link":"https:\/\/www.cnbb.org.br\/a-salvacao-em-cristo-e-o-ano-liturgico\/","title":{"rendered":"A salva\u00e7\u00e3o em Cristo e o Ano Lit\u00fargico"},"content":{"rendered":"<p style=\"text-align: right;\"><strong>Dom Aparecido Donizeti de Souza<\/strong><br \/>\n<strong>Bispo auxiliar de Porto Alegre (RS)<\/strong><\/p>\n<p style=\"text-align: justify;\">Para os que creem em Jesus Cristo \u00e9 algo certo que n\u00e3o existe salva\u00e7\u00e3o fora dele. Ele verdadeiramente \u00e9 o \u00fanico Senhor e Salvador de toda a humanidade. Salva\u00e7\u00e3o essa que corresponde \u00e0s inquieta\u00e7\u00f5es e sede de eternidade no cora\u00e7\u00e3o humano, de vida que n\u00e3o se esgota e nem termina aqui na terra. Somente quem sabe ouvir atentamente a voz interior, que \u00e9 a voz do Esp\u00edrito de Deus que habita em cada um de n\u00f3s, poder\u00e1 compreender essa verdade. Temos sede de vida plena, sede de algo que transcende este mundo no qual estamos.<\/p>\n<p>Essa convic\u00e7\u00e3o e f\u00e9 faz pensar em Cristo como centro em torno do qual deve se orientar toda a vida humana. Compreender o mist\u00e9rio que envolve a pessoa de Jesus Cristo desde sua encarna\u00e7\u00e3o, paix\u00e3o, morte e ressurrei\u00e7\u00e3o ser\u00e1 o segredo para um verdadeiro sentido para a vida. Contudo, n\u00e3o basta compreender intelectualmente, mas sim fazer a experi\u00eancia deste mist\u00e9rio na pr\u00f3pria vida. \u00c9 preciso reconhecer em \u00e2mbito pessoal que verdadeiramente Cristo se encarnou, sofreu a paix\u00e3o, aceitou morrer na cruz e ressuscitou pela salva\u00e7\u00e3o de cada um de n\u00f3s. \u00c9 assim que se entende fazer uma experi\u00eancia pessoal do Mist\u00e9rio Pascal de Cristo. Na verdade, \u201ctodos os homens s\u00e3o chamados a esta uni\u00e3o com Cristo, que \u00e9 a luz do mundo, de quem procedemos, por quem vivemos e para quem tendemos\u201d (Lumen Gentium n. 286).<\/p>\n<p>Segundo a Doutrina da Igreja Cat\u00f3lica, falar do Ano lit\u00fargico, que tem seu in\u00edcio com o Tempo do Advento como prepara\u00e7\u00e3o para o Natal e se encerra com a Festa de Cristo Rei em fins de novembro, \u00e9 falar da Salva\u00e7\u00e3o que Deus continua a oferecer aos homens e mulheres no hoje de nossa hist\u00f3ria.\u00a0 E isso acontece de modo todo especial em cada celebra\u00e7\u00e3o lit\u00fargica.\u00a0 Por isso que todo fiel batizado \u00e9 chamado a participar ativamente do Mist\u00e9rio Pascal de Cristo que tem em sua ressurrei\u00e7\u00e3o o momento \u00e1pice. Assim, ao participar com a mente, o cora\u00e7\u00e3o e todo o ser, cada um poder\u00e1 mergulhar mais profundamente neste mist\u00e9rio de salva\u00e7\u00e3o. Deus, com toda certeza, quer que todos sejam salvos em seu Filho Jesus. Por isso que a Constitui\u00e7\u00e3o Sacrosanctum Concilium ao falar sobre a liturgia onde se realiza a \u201cobra de nossa reden\u00e7\u00e3o\u201d (SC. 2), insiste para que \u201cos fi\u00e9is participem da liturgia de maneira ativa e frutuosa, sabendo o que est\u00e3o fazendo\u201d (SC, n. 11).<\/p>\n<p>Para quem deseja verdadeiramente viver um seguimento como disc\u00edpulo mission\u00e1rio do Senhor, e poder acolher mais profundamente a gra\u00e7a da salva\u00e7\u00e3o oferecida a toda humanidade, ser\u00e1 fundamental uma busca constante em participar e viver com toda intensidade poss\u00edvel os momentos de celebra\u00e7\u00e3o em nossas comunidades de f\u00e9. Lembremos sempre que o centro do Ano Lit\u00fargico \u00e9 o chamado tr\u00edduo pascal onde celebramos de forma mais solene a Paix\u00e3o, Morte e Ressurrei\u00e7\u00e3o de Cristo. Contudo, \u201co mist\u00e9rio de Cristo se desdobra por todo o ciclo anual, desde sua encarna\u00e7\u00e3o e nascimento at\u00e9 a ascens\u00e3o, pentecostes e a expectativa, cheia de esperan\u00e7a, da vinda do Senhor\u201d (SC. N.184).<\/p>\n<p>Por fim, \u00e9 necess\u00e1rio tamb\u00e9m ter presente que a liturgia deve estar integrada profundamente \u00e0 vida cotidiana e essa, por sua vez, ligada \u00e0 liturgia celebrada. F\u00e9 e vida devem caminhar sempre de m\u00e3os dadas. Por isso que o fiel crist\u00e3o ao mergulhar mais profundamente no Mist\u00e9rio de Cristo nos momentos lit\u00fargicos, consequentemente, ir\u00e1 mergulhar mais nas realidades humanas e se sentir mais comprometido com a constru\u00e7\u00e3o de um mundo mais fraterno, justo e solid\u00e1rio onde a cultura do di\u00e1logo e da paz determinar\u00e3o o modo de ser e viver de cada um.<\/p>\n","protected":false},"excerpt":{"rendered":"<p>Dom Aparecido Donizeti de Souza Bispo auxiliar de Porto Alegre (RS) Para os que creem em Jesus Cristo \u00e9 algo certo que n\u00e3o existe salva\u00e7\u00e3o fora dele. Ele verdadeiramente \u00e9 o \u00fanico Senhor e Salvador de toda a humanidade. Salva\u00e7\u00e3o essa que corresponde \u00e0s inquieta\u00e7\u00f5es e sede de eternidade no cora\u00e7\u00e3o humano, de vida que &hellip;<\/p>\n<p class=\"read-more\"> <a class=\"\" href=\"https:\/\/www.cnbb.org.br\/a-salvacao-em-cristo-e-o-ano-liturgico\/\"> <span class=\"screen-reader-text\">A salva\u00e7\u00e3o em Cristo e o Ano Lit\u00fargico<\/span> Leia mais &raquo;<\/a><\/p>\n","protected":false},"author":52,"featured_media":0,"comment_status":"open","ping_status":"open","sticky":false,"template":"","format":"standard","meta":{"site-sidebar-layout":"default","site-content-layout":"default","ast-global-header-display":"","ast-banner-title-visibility":"","ast-main-header-display":"","ast-hfb-above-header-display":"","ast-hfb-below-header-display":"","ast-hfb-mobile-header-display":"","site-post-title":"","ast-breadcrumbs-content":"","ast-featured-img":"","footer-sml-layout":"","theme-transparent-header-meta":"default","adv-header-id-meta":"","stick-header-meta":"","header-above-stick-meta":"","header-main-stick-meta":"","header-below-stick-meta":""},"categories":[758],"tags":[],"acf":[],"_links":{"self":[{"href":"https:\/\/www.cnbb.org.br\/cnbb-app\/wp\/v2\/posts\/860091"}],"collection":[{"href":"https:\/\/www.cnbb.org.br\/cnbb-app\/wp\/v2\/posts"}],"about":[{"href":"https:\/\/www.cnbb.org.br\/cnbb-app\/wp\/v2\/types\/post"}],"author":[{"embeddable":true,"href":"https:\/\/www.cnbb.org.br\/cnbb-app\/wp\/v2\/users\/52"}],"replies":[{"embeddable":true,"href":"https:\/\/www.cnbb.org.br\/cnbb-app\/wp\/v2\/comments?post=860091"}],"version-history":[{"count":0,"href":"https:\/\/www.cnbb.org.br\/cnbb-app\/wp\/v2\/posts\/860091\/revisions"}],"wp:attachment":[{"href":"https:\/\/www.cnbb.org.br\/cnbb-app\/wp\/v2\/media?parent=860091"}],"wp:term":[{"taxonomy":"category","embeddable":true,"href":"https:\/\/www.cnbb.org.br\/cnbb-app\/wp\/v2\/categories?post=860091"},{"taxonomy":"post_tag","embeddable":true,"href":"https:\/\/www.cnbb.org.br\/cnbb-app\/wp\/v2\/tags?post=860091"}],"curies":[{"name":"wp","href":"https:\/\/api.w.org\/{rel}","templated":true}]}}