{"id":860121,"date":"2021-11-29T14:40:11","date_gmt":"2021-11-29T17:40:11","guid":{"rendered":"https:\/\/www.cnbb.org.br\/?p=860121"},"modified":"2021-11-29T15:05:15","modified_gmt":"2021-11-29T18:05:15","slug":"campanha-para-a-evangelizacao-fraternidade-e-solidariedade","status":"publish","type":"post","link":"https:\/\/www.cnbb.org.br\/campanha-para-a-evangelizacao-fraternidade-e-solidariedade\/","title":{"rendered":"Ide sem medo para servir: Campanha para a Evangeliza\u00e7\u00e3o contribui com iniciativas de fraternidade e solidariedade"},"content":{"rendered":"<p style=\"text-align: justify;\">Participar da Campanha para a Evangeliza\u00e7\u00e3o, principalmente com a Coleta da Evangeliza\u00e7\u00e3o que ir\u00e1 ocorrer nos dias 11 e 12 de dezembro, significa, primeiramente, dispor-se a ser evangelizado e evangelizar.<\/p>\n<figure id=\"attachment_859973\" aria-describedby=\"caption-attachment-859973\" style=\"width: 589px\" class=\"wp-caption aligncenter\"><img decoding=\"async\" loading=\"lazy\" class=\"wp-image-859973\" src=\"https:\/\/www.cnbb.org.br\/wp-content\/uploads\/2021\/11\/Arte-CE-2021-1-1024x542-1.jpg\" alt=\"\" width=\"589\" height=\"312\" srcset=\"https:\/\/www.cnbb.org.br\/wp-content\/uploads\/2021\/11\/Arte-CE-2021-1-1024x542-1.jpg 1024w, https:\/\/www.cnbb.org.br\/wp-content\/uploads\/2021\/11\/Arte-CE-2021-1-300x159-1.jpg 300w, https:\/\/www.cnbb.org.br\/wp-content\/uploads\/2021\/11\/Arte-CE-2021-1-768x406-1.jpg 768w, https:\/\/www.cnbb.org.br\/wp-content\/uploads\/2021\/11\/Arte-CE-2021-1-500x265-1.jpg 500w, https:\/\/www.cnbb.org.br\/wp-content\/uploads\/2021\/11\/Arte-CE-2021-1.jpg 1202w\" sizes=\"(max-width: 589px) 100vw, 589px\" \/><figcaption id=\"caption-attachment-859973\" class=\"wp-caption-text\">Campanha para a Evangeliza\u00e7\u00e3o<\/figcaption><\/figure>\n<blockquote>\n<p style=\"text-align: justify;\">Sem um encontro pessoal com Jesus Cristo, este caminho n\u00e3o se constr\u00f3i. Quem est\u00e1 em verdadeiro processo de evangeliza\u00e7\u00e3o tamb\u00e9m se torna evangelizador. A experi\u00eancia do encontro vital com o Senhor modifica a vida da pessoa e a impulsiona a anunciar a outros este feliz encontro: conhecer Jesus Cristo \u00e9 a nossa alegria. Anunci\u00e1-lo \u00e9 a nossa miss\u00e3o. (Texto-base da Campanha para a Evangeliza\u00e7\u00e3o)<\/p>\n<\/blockquote>\n<p style=\"text-align: justify;\">Ser fraterno e solid\u00e1rio na evangeliza\u00e7\u00e3o, segundo o texto-base da Campanha para a Evangeliza\u00e7\u00e3o, \u00e9 perceber as necessidades da pr\u00f3pria comunidade e fazer algo de concreto por ela: ofertar os dons e talentos, cuidar da anima\u00e7\u00e3o lit\u00fargica, servir por meio da catequese, dedicar-se ao cuidado dos pobres, como tamb\u00e9m oferecer sua colabora\u00e7\u00e3o financeira, seja por meio do d\u00edzimo, seja por meio da participa\u00e7\u00e3o de iniciativas em \u00e2mbito nacional.<\/p>\n<p style=\"text-align: justify;\">Uma dessas iniciativas \u00e9 a <strong>A\u00e7\u00e3o Solid\u00e1ria Emergencial \u201c\u00c9 tempo de cuidar\u201d<\/strong>, da Confer\u00eancia Nacional dos Bispos do Brasil (CNBB) e C\u00e1ritas Brasileira, em parceria com a Confer\u00eancia dos Religiosos do Brasil (CRB), o Movimento de Educa\u00e7\u00e3o de Base (MEB) e a Associa\u00e7\u00e3o Nacional de Educa\u00e7\u00e3o Cat\u00f3lica do Brasil (Anec).<\/p>\n<figure id=\"attachment_274393\" aria-describedby=\"caption-attachment-274393\" style=\"width: 456px\" class=\"wp-caption alignright\"><img decoding=\"async\" loading=\"lazy\" class=\"wp-image-274393\" src=\"https:\/\/www.cnbb.org.br\/wp-content\/uploads\/2021\/05\/TempoDeCuidar2-1024x541.png\" alt=\"\" width=\"456\" height=\"241\" srcset=\"https:\/\/www.cnbb.org.br\/wp-content\/uploads\/2021\/05\/TempoDeCuidar2-1024x541.png 1024w, https:\/\/www.cnbb.org.br\/wp-content\/uploads\/2021\/05\/TempoDeCuidar2-300x159.png 300w, https:\/\/www.cnbb.org.br\/wp-content\/uploads\/2021\/05\/TempoDeCuidar2-768x406.png 768w, https:\/\/www.cnbb.org.br\/wp-content\/uploads\/2021\/05\/TempoDeCuidar2-500x264.png 500w, https:\/\/www.cnbb.org.br\/wp-content\/uploads\/2021\/05\/TempoDeCuidar2.png 1203w\" sizes=\"(max-width: 456px) 100vw, 456px\" \/><figcaption id=\"caption-attachment-274393\" class=\"wp-caption-text\">A\u00e7\u00e3o Solid\u00e1ria Emergencial &#8220;\u00c9 tempo de Cuidar&#8221;<\/figcaption><\/figure>\n<p style=\"text-align: justify;\">Com um alcance de mais de 1,1 milh\u00e3o de pessoas beneficiadas, foram arrecadados em recursos financeiros mais de R$ 4,5 milh\u00f5es e distribu\u00eddos cerca de 5,9 milh\u00f5es de quilos de alimentos.<\/p>\n<p style=\"text-align: justify;\">O balan\u00e7o aponta ainda que as popula\u00e7\u00f5es em situa\u00e7\u00e3o de vulnerabilidade receberam 713 mil refei\u00e7\u00f5es prontas, 675 mil pe\u00e7as de roupas e cal\u00e7ados, al\u00e9m de 405 mil kits de higiene pessoal e 409 mil equipamentos de prote\u00e7\u00e3o individual.<\/p>\n<p style=\"text-align: justify;\">A segunda fase da <a href=\"https:\/\/www.cnbb.org.br\/lancado-o-video-da-segunda-fase-da-acao-solidaria-emergencial-e-tempo-de-cuidar\/\">&#8220;\u00c9 tempo de Cuidar&#8221; foi aberta na Semana Nacional de Mobiliza\u00e7\u00e3o<\/a>, em junho de 2021, com uma s\u00e9rie de a\u00e7\u00f5es para anima\u00e7\u00e3o da coleta de alimentos, intensificada com celebra\u00e7\u00f5es, lives e \u201cdrive thrus\u201d em v\u00e1rios pontos do pa\u00eds.<\/p>\n<p style=\"text-align: justify;\">A\u00a0<strong>\u201c\u00c9 tempo de cuidar\u201d<\/strong> continua com seu prop\u00f3sito de ajudar a combater a fome no Brasil. Para tanto, est\u00e1 desenvolvendo a\u00e7\u00f5es de mobiliza\u00e7\u00e3o, as quais pretendem atingir n\u00e3o somente as entidades da Igreja, mas tamb\u00e9m as organiza\u00e7\u00f5es dos mais diversos segmentos da sociedade civil, por meio do estabelecimento de parcerias e desenvolvimento de projetos conjuntos. Saiba como participar em: <a href=\"https:\/\/www.cnbb.org.br\/tempodecuidar\/\">https:\/\/www.cnbb.org.br\/tempodecuidar\/<\/a><\/p>\n<p>&nbsp;<\/p>\n<blockquote><p>A Evangeliza\u00e7\u00e3o precisa contar com a generosidade de muitos que ajudem com os bens que possuem e ofere\u00e7am a for\u00e7a do apoio fraterno que anima e renova a vida comunit\u00e1ria (Texto-base da Campanha para a Evangeliza\u00e7\u00e3o).<\/p><\/blockquote>\n<h3><strong>Pacto pela Vida e pelo Brasil<\/strong><\/h3>\n<p style=\"text-align: justify;\">A Campanha para a Evangeliza\u00e7\u00e3o n\u00e3o se resume s\u00f3 \u00e0 coleta de recursos: a ora\u00e7\u00e3o, o envolvimento e o acompanhamento das iniciativas evangelizadoras da Igreja s\u00e3o de suma import\u00e2ncia. &#8220;\u00c9 viver a alegria de ser Igreja mission\u00e1ria em sa\u00edda, a servi\u00e7o do Evangelho da vida!&#8221; (Texto-base da Campanha).<\/p>\n<p style=\"text-align: justify;\">Outra iniciativa em \u00e2mbito nacional que tem como foco lutar e proteger as mais diversas formas de vida, \u00e9 o <strong>Pacto pela Vida e pelo Brasil<\/strong>.<\/p>\n<figure id=\"attachment_256661\" aria-describedby=\"caption-attachment-256661\" style=\"width: 297px\" class=\"wp-caption alignleft\"><img decoding=\"async\" loading=\"lazy\" class=\"wp-image-256661 size-full\" src=\"https:\/\/www.cnbb.org.br\/wp-content\/uploads\/2020\/12\/Pacto-pela-Vida-e-pelo-Brasil.jpg\" alt=\"\" width=\"297\" height=\"170\" \/><figcaption id=\"caption-attachment-256661\" class=\"wp-caption-text\">Pacto pela Vida e pelo Brasil<\/figcaption><\/figure>\n<p>A crise vivenciada pelos brasileiros e agravada pela pandemia ocasionada pelo novo coronav\u00edrus foram as molas propulsoras para que a Igreja no Brasil desse in\u00edcio <a href=\"https:\/\/www.cnbb.org.br\/dom-guilherme-werlang-fala-sobre-o-primeiro-ano-do-pacto-pela-vida-e-pelo-brasil\/\">ao Pacto pela Vida e pelo Brasil<\/a>, no dia 7 de abril de 2020. A iniciativa, abra\u00e7ada a princ\u00edpio por seis organiza\u00e7\u00f5es signat\u00e1rias, voltou o olhar em 2022 para as pessoas que mais sofrem, com o objetivo de lutar e de proteger as mais diversas formas de vida.<\/p>\n<p style=\"text-align: justify;\">Al\u00e9m das seis signat\u00e1rias do Pacto pela Vida \u2013 Confer\u00eancia Nacional dos Bispos do Brasil (CNBB), Ordem dos Advogados do Brasil (OAB), Associa\u00e7\u00e3o Brasileira de Imprensa (ABI), Sociedade Brasileira para o Progresso das Ci\u00eancias (SBPC), Academia Brasileira de Ci\u00eancias e a Comiss\u00e3o Arns \u2013 mais de 100 outras entidades j\u00e1 abra\u00e7aram a proposta e colocaram m\u00e3os \u00e0 obra.<\/p>\n<p style=\"text-align: justify;\">\u00a0\u201cN\u00f3s iniciamos para garantir o aux\u00edlio emergencial para aqueles que estavam sem emprego ou sem trabalho; para garantir o atendimento das pessoas pelo Sistema \u00danico de Sa\u00fade (SUS), que est\u00e1 quase sucateado; e tamb\u00e9m para garantir a seguran\u00e7a alimentar. Como Igreja n\u00f3s estamos presentes junto aos moradores de rua, que est\u00e3o crescendo. Temos, tamb\u00e9m, a presen\u00e7a solid\u00e1ria junto aos profissionais de Sa\u00fade. Enfim, em v\u00e1rios campos, o Pacto pela Vida est\u00e1 comprometido. N\u00f3s estamos com os signat\u00e1rios para que as pessoas humanas sejam as que ocupam o primeiro lugar em todas as inst\u00e2ncias\u201d, disse dom Guilherme Werlang, bispo de Lages (SC) e presidente do Grupo de Trabalho (GT) do Pacto pela Vida e pelo Brasil.<\/p>\n<p>Saiba mais em: <a href=\"https:\/\/www.cnbb.org.br\/pacto-pela-vida-e-pelo-brasil-01\/\">https:\/\/www.cnbb.org.br\/pacto-pela-vida-e-pelo-brasil-01\/<\/a><\/p>\n<h3><strong>A\u00e7\u00f5es Pastorais<\/strong><\/h3>\n<p>Os recursos da Coleta para a Evangeliza\u00e7\u00e3o tamb\u00e9m garantem que a Igreja no Brasil d\u00ea continuidade ao an\u00fancio e testemunho do Evangelho desde as \u00e1reas mission\u00e1rias at\u00e9 \u00e0s periferias das grandes cidades, passando pelas a\u00e7\u00f5es pastorais e pela articula\u00e7\u00e3o das comunidades eclesiais mission\u00e1rias, al\u00e9m de contribuir para a manuten\u00e7\u00e3o da Confer\u00eancia Nacional dos Bispos do Brasil (CNBB).<\/p>\n<p style=\"text-align: justify;\"><strong>Estudo 114 da CNBB &#8211;<\/strong> Em 2021, foi publicado o Estudo 114 da CNBB: <a href=\"https:\/\/www.edicoescnbb.com.br\/produto\/e-a-palavra-habitou-entre-nos-jo-1-14-estudos-da-cnbb-114-71621\" target=\"_blank\" rel=\"noopener\">\u201cE a Palavra habitou entre n\u00f3s\u201d (Jo 1,14) \u2013 Anima\u00e7\u00e3o B\u00edblica da Pastoral a partir das comunidades eclesiais mission\u00e1rias<\/a>. Este Estudo, em linha de continuidade ao caminho das Diretrizes Gerais da A\u00e7\u00e3o Evangelizadora da Igreja no Brasil (DGAE), \u00e9 uma rica contribui\u00e7\u00e3o para que se possa avan\u00e7ar mais na rela\u00e7\u00e3o com a Palavra de Deus, alimentando cada pessoa, cada comunidade e todos homens e mulheres de boa vontade.<\/p>\n<blockquote>\n<p style=\"text-align: justify;\">Servir \u00e0 Palavra \u00e9 transmitir a for\u00e7a do amor que recebemos. \u00c9 zelar pela liturgia, formar ministros a servi\u00e7o da Palavra e favorecer espa\u00e7os para promover a leitura orante da Palavra de Deus, entre outros. Sem o an\u00fancio da Palavra, a evangeliza\u00e7\u00e3o n\u00e3o se torna realidade.<\/p>\n<\/blockquote>\n<p><strong>Celebrar em Fam\u00edlia &#8211;\u00a0 <\/strong>Em mar\u00e7o deste ano, completou-se um ano da oferta do primeiro subs\u00eddio \u201cCelebrar em Fam\u00edlia\u201d pela Comiss\u00e3o Episcopal Pastoral para a Liturgia da Confer\u00eancia Nacional dos Bispos do Brasil (CNBB). O material come\u00e7ou a ser elaborado e disponibilizado para download diante da necessidade de isolamento social para enfrentar a pandemia do novo coronav\u00edrus.<\/p>\n<p style=\"text-align: justify;\">O primeiro material foi oferecido para o 4\u00ba Domingo da Quaresma de 2020, quando as autoridades civis e sanit\u00e1rias orientavam a necessidade de que a popula\u00e7\u00e3o permanecesse em casa evitando aglomera\u00e7\u00e3o de pessoas e, consequentemente, as dioceses interromperam as celebra\u00e7\u00f5es eucar\u00edsticas presenciais. A celebra\u00e7\u00e3o em fam\u00edlia, desta forma, foi oportunidade de fortalecer a Igreja dom\u00e9stica, ao celebrar o Dia do Senhor com os familiares, nas casas. <img decoding=\"async\" loading=\"lazy\" class=\"wp-image-858693 alignright\" src=\"https:\/\/www.cnbb.org.br\/wp-content\/uploads\/2021\/10\/destaque-Celebrar-em-Familia-tempo-comum.jpg\" alt=\"\" width=\"357\" height=\"201\" srcset=\"https:\/\/www.cnbb.org.br\/wp-content\/uploads\/2021\/10\/destaque-Celebrar-em-Familia-tempo-comum.jpg 750w, https:\/\/www.cnbb.org.br\/wp-content\/uploads\/2021\/10\/destaque-Celebrar-em-Familia-tempo-comum-300x169-1.jpg 300w, https:\/\/www.cnbb.org.br\/wp-content\/uploads\/2021\/10\/destaque-Celebrar-em-Familia-tempo-comum-500x281-1.jpg 500w\" sizes=\"(max-width: 357px) 100vw, 357px\" \/><\/p>\n<p style=\"text-align: justify;\">A ideia \u00e9 que os fi\u00e9is cat\u00f3licos vivam a dignidade de povo sacerdotal conferida pelo Batismo e n\u00e3o s\u00f3 acompanhem as celebra\u00e7\u00f5es pelas redes sociais e emissoras de TV, mas realmente celebrem em fam\u00edlia o Dia do Senhor. Desde a primeira publica\u00e7\u00e3o, foram mais de 60 roteiros disponibilizados no portal da CNBB.<\/p>\n<p style=\"text-align: justify;\">\u00c0 \u00e9poca o bispo de Paranagu\u00e1 (PR) e presidente da Comiss\u00e3o para a Liturgia da CNBB, dom Edmar Peron, disse que a oferta do material \u201cfoi uma \u00f3tima iniciativa\u201d e a situa\u00e7\u00e3o da pandemia refor\u00e7ou a necessidade de continuar. \u201c\u00c9 o tipo de trabalho que n\u00e3o deveria ser restrito ao tempo de pandemia, porque as pessoas perderam o costume de rezar em casa. E se isso ajuda as pessoas a rezarem em casa, deveria ser subs\u00eddio para agora e para depois tamb\u00e9m. Eu vejo como grande valor a ser considerado tamb\u00e9m para outros momentos\u201d, comentou dom Edmar.<\/p>\n<p>O material continua sendo divulgado e disponibilizado para download no site da CNBB. Confira:<\/p>\n<div class=\"iframely-embed\">\n<div class=\"iframely-responsive\" style=\"height: 140px; padding-bottom: 0;\"><a href=\"https:\/\/www.cnbb.org.br\/celebrar-familia\/\" data-iframely-url=\"\/\/cdn.iframe.ly\/vQZtutw?maxheight=750\"><\/a><\/div>\n<\/div>\n<p><script async src=\"\/\/cdn.iframe.ly\/embed.js\" charset=\"utf-8\"><\/script><\/p>\n<p>&nbsp;<\/p>\n<p>&nbsp;<\/p>\n<p>&nbsp;<\/p>\n<p>&nbsp;<\/p>\n<p>&nbsp;<\/p>\n<p>&nbsp;<\/p>\n","protected":false},"excerpt":{"rendered":"<p>Ser fraterno e solid\u00e1rio na evangeliza\u00e7\u00e3o,  segundo o texto-base da Campanha para a Evangeliza\u00e7\u00e3o, \u00e9 perceber as necessidades da pr\u00f3pria comunidade e fazer algo de concreto por ela. Conhe\u00e7a as iniciativas realizadas pela CNBB em \u00e2mbito nacional que contribuem com a evangeliza\u00e7\u00e3o<\/p>\n","protected":false},"author":83,"featured_media":860134,"comment_status":"open","ping_status":"open","sticky":false,"template":"","format":"standard","meta":{"site-sidebar-layout":"default","site-content-layout":"default","ast-global-header-display":"","ast-banner-title-visibility":"","ast-main-header-display":"","ast-hfb-above-header-display":"","ast-hfb-below-header-display":"","ast-hfb-mobile-header-display":"","site-post-title":"","ast-breadcrumbs-content":"","ast-featured-img":"","footer-sml-layout":"","theme-transparent-header-meta":"default","adv-header-id-meta":"","stick-header-meta":"","header-above-stick-meta":"","header-main-stick-meta":"","header-below-stick-meta":""},"categories":[50,761],"tags":[2496,2851,4083,1977],"acf":[],"_links":{"self":[{"href":"https:\/\/www.cnbb.org.br\/cnbb-app\/wp\/v2\/posts\/860121"}],"collection":[{"href":"https:\/\/www.cnbb.org.br\/cnbb-app\/wp\/v2\/posts"}],"about":[{"href":"https:\/\/www.cnbb.org.br\/cnbb-app\/wp\/v2\/types\/post"}],"author":[{"embeddable":true,"href":"https:\/\/www.cnbb.org.br\/cnbb-app\/wp\/v2\/users\/83"}],"replies":[{"embeddable":true,"href":"https:\/\/www.cnbb.org.br\/cnbb-app\/wp\/v2\/comments?post=860121"}],"version-history":[{"count":0,"href":"https:\/\/www.cnbb.org.br\/cnbb-app\/wp\/v2\/posts\/860121\/revisions"}],"wp:featuredmedia":[{"embeddable":true,"href":"https:\/\/www.cnbb.org.br\/cnbb-app\/wp\/v2\/media\/860134"}],"wp:attachment":[{"href":"https:\/\/www.cnbb.org.br\/cnbb-app\/wp\/v2\/media?parent=860121"}],"wp:term":[{"taxonomy":"category","embeddable":true,"href":"https:\/\/www.cnbb.org.br\/cnbb-app\/wp\/v2\/categories?post=860121"},{"taxonomy":"post_tag","embeddable":true,"href":"https:\/\/www.cnbb.org.br\/cnbb-app\/wp\/v2\/tags?post=860121"}],"curies":[{"name":"wp","href":"https:\/\/api.w.org\/{rel}","templated":true}]}}