{"id":860225,"date":"2021-12-01T12:06:10","date_gmt":"2021-12-01T15:06:10","guid":{"rendered":"https:\/\/www.cnbb.org.br\/?p=860225"},"modified":"2021-12-01T12:06:40","modified_gmt":"2021-12-01T15:06:40","slug":"intencao-de-oracao-dezembro-catequistas","status":"publish","type":"post","link":"https:\/\/www.cnbb.org.br\/intencao-de-oracao-dezembro-catequistas\/","title":{"rendered":"Inten\u00e7\u00e3o de ora\u00e7\u00e3o para o m\u00eas de dezembro, do Papa Francisco, \u00e9 dedicada aos catequistas"},"content":{"rendered":"<blockquote>\n<div class=\"article__subTitle\" style=\"text-align: justify;\">&#8220;Ser catequista significa que a pessoa &#8220;\u00e9 catequista&#8221;, n\u00e3o que &#8220;trabalha como catequista&#8221;. \u00c9 todo um modo de ser, e s\u00e3o necess\u00e1rios bons catequistas, que sejam ao mesmo tempo companheiros e pedagogos&#8221;, diz Francisco.<\/div>\n<\/blockquote>\n<div class=\"title__separator\" style=\"text-align: justify;\"><\/div>\n<div class=\"article__text \">\n<p style=\"text-align: justify;\">No \u00faltimo v\u00eddeo 2021 com a inten\u00e7\u00e3o de ora\u00e7\u00e3o para o m\u00eas de dezembro, o Papa Francisco dedica sua mensagem &#8220;aos catequistas e \u00e0s catequistas&#8221;, agradecendo-lhes &#8220;pelo entusiasmo interior com que vivem esta miss\u00e3o a servi\u00e7o da Igreja&#8221;.<\/p>\n<p style=\"text-align: justify;\"><i>Os catequistas t\u00eam uma miss\u00e3o insubstitu\u00edvel na transmiss\u00e3o e no aprofundamento da f\u00e9. O minist\u00e9rio laical do catequista \u00e9 uma voca\u00e7\u00e3o, \u00e9 uma miss\u00e3o. Ser catequista significa que a pessoa &#8220;\u00e9 catequista&#8221;, n\u00e3o que &#8220;trabalha como catequista&#8221;. \u00c9 todo um modo de ser, e s\u00e3o necess\u00e1rios bons catequistas, que sejam ao mesmo tempo companheiros e pedagogos.<\/i><\/p>\n<p style=\"text-align: justify;\">Nestes tempos em que o mundo passa por tantas mudan\u00e7as, Francisco agradece pelo entusiasmo dos batizados que, com esfor\u00e7o e alegria constantes, transmitem a f\u00e9, encorajando-os a continuar anunciando o Evangelho &#8220;com sua vida, com mansid\u00e3o, com uma linguagem nova e abrindo novos caminhos&#8221;. &#8220;Em tantas dioceses, em tantos continentes, a evangeliza\u00e7\u00e3o est\u00e1 fundamentalmente nas m\u00e3os de um catequista&#8221;, diz ainda o Papa no v\u00eddeo.<\/p>\n<blockquote>\n<p style=\"text-align: justify;\"><i>&#8220;Rezemos juntos pelos catequistas, chamados a anunciar a Palavra de Deus, para que a testemunhem com coragem, com criatividade, com a for\u00e7a do Esp\u00edrito Santo, com alegria e com muita paz&#8221;.<\/i><\/p>\n<\/blockquote>\n<p style=\"text-align: justify;\">Em maio deste ano, Francisco deu grande import\u00e2ncia aos catequistas, ao instituir seu minist\u00e9rio laical por meio do <a href=\"https:\/\/www.vatican.va\/content\/francesco\/pt\/motu_proprio\/documents\/papa-francesco-motu-proprio-20210510_antiquum-ministerium.html\" target=\"_blank\" rel=\"noopener\">Motu Proprio Antiquum ministerium<\/a>. Agora, no final de 2021, o Santo Padre ratifica esta forma de servi\u00e7o que se manteve ao longo da hist\u00f3ria da Igreja.<\/p>\n<p>Confira o v\u00eddeo do Papa:<\/p>\n<\/div>\n<div class=\"ast-oembed-container\" style=\"height: 100%;\">\n<div style=\"max-width: 1333px;\">\n<div style=\"left: 0; width: 100%; height: 0; position: relative; padding-bottom: 56.25%;\"><iframe title=\"DEZEMBRO: OS CATEQUISTAS\" src=\"https:\/\/www.youtube.com\/embed\/SUg50tQmUBo?rel=0\" style=\"top: 0; left: 0; width: 100%; height: 100%; position: absolute; border: 0;\" allowfullscreen scrolling=\"no\" allow=\"accelerometer; clipboard-write; encrypted-media; gyroscope; picture-in-picture;\"><\/iframe><\/div>\n<\/div>\n<\/div>\n<p>&nbsp;<\/p>\n<p>&nbsp;<\/p>\n<pre>Por Vatican News<\/pre>\n","protected":false},"excerpt":{"rendered":"<p>No \u00faltimo v\u00eddeo 2021 com a inten\u00e7\u00e3o de ora\u00e7\u00e3o para o m\u00eas de dezembro, o Papa Francisco dedica sua mensagem &#8220;aos catequistas e \u00e0s catequistas&#8221;, agradecendo-lhes &#8220;pelo entusiasmo interior com que vivem esta miss\u00e3o a servi\u00e7o da Igreja&#8221;<\/p>\n","protected":false},"author":83,"featured_media":860230,"comment_status":"open","ping_status":"open","sticky":false,"template":"","format":"standard","meta":{"site-sidebar-layout":"default","site-content-layout":"default","ast-global-header-display":"","ast-banner-title-visibility":"","ast-main-header-display":"","ast-hfb-above-header-display":"","ast-hfb-below-header-display":"","ast-hfb-mobile-header-display":"","site-post-title":"","ast-breadcrumbs-content":"","ast-featured-img":"","footer-sml-layout":"","theme-transparent-header-meta":"default","adv-header-id-meta":"","stick-header-meta":"","header-above-stick-meta":"","header-main-stick-meta":"","header-below-stick-meta":""},"categories":[50,1851],"tags":[4098,3286],"acf":[],"_links":{"self":[{"href":"https:\/\/www.cnbb.org.br\/cnbb-app\/wp\/v2\/posts\/860225"}],"collection":[{"href":"https:\/\/www.cnbb.org.br\/cnbb-app\/wp\/v2\/posts"}],"about":[{"href":"https:\/\/www.cnbb.org.br\/cnbb-app\/wp\/v2\/types\/post"}],"author":[{"embeddable":true,"href":"https:\/\/www.cnbb.org.br\/cnbb-app\/wp\/v2\/users\/83"}],"replies":[{"embeddable":true,"href":"https:\/\/www.cnbb.org.br\/cnbb-app\/wp\/v2\/comments?post=860225"}],"version-history":[{"count":0,"href":"https:\/\/www.cnbb.org.br\/cnbb-app\/wp\/v2\/posts\/860225\/revisions"}],"wp:featuredmedia":[{"embeddable":true,"href":"https:\/\/www.cnbb.org.br\/cnbb-app\/wp\/v2\/media\/860230"}],"wp:attachment":[{"href":"https:\/\/www.cnbb.org.br\/cnbb-app\/wp\/v2\/media?parent=860225"}],"wp:term":[{"taxonomy":"category","embeddable":true,"href":"https:\/\/www.cnbb.org.br\/cnbb-app\/wp\/v2\/categories?post=860225"},{"taxonomy":"post_tag","embeddable":true,"href":"https:\/\/www.cnbb.org.br\/cnbb-app\/wp\/v2\/tags?post=860225"}],"curies":[{"name":"wp","href":"https:\/\/api.w.org\/{rel}","templated":true}]}}