{"id":860297,"date":"2021-12-02T13:55:42","date_gmt":"2021-12-02T16:55:42","guid":{"rendered":"https:\/\/www.cnbb.org.br\/?p=860297"},"modified":"2021-12-02T14:08:07","modified_gmt":"2021-12-02T17:08:07","slug":"conheca-o-setor-de-campanhas-da-cnbb","status":"publish","type":"post","link":"https:\/\/www.cnbb.org.br\/conheca-o-setor-de-campanhas-da-cnbb\/","title":{"rendered":"Conhe\u00e7a o Setor de Campanhas da CNBB, respons\u00e1vel pelas Campanhas para a Evangeliza\u00e7\u00e3o e Fraternidade"},"content":{"rendered":"<p style=\"text-align: justify;\">O <a href=\"https:\/\/www.a12.com\/tv\/programas\/igreja-em-saida\" target=\"_blank\" rel=\"noopener\">programa &#8220;Igreja em Sa\u00edda&#8221;, da TV Aparecida,<\/a> tem trazido \u00e0s quartas-feiras informa\u00e7\u00f5es sobre as atividades das Comiss\u00f5es Episcopais Pastorais da Confer\u00eancia Nacional dos Bispos do Brasil (CNBB). Na \u00faltima quarta, dia 1\u00ba de dezembro, os telespectadores puderam conhecer o trabalho realizado pelo Setor de Campanhas da CNBB, atualmente coordenador pelo secret\u00e1rio executivo de Campanhas da CNBB, o padre Patriky Samuel Batista.<\/p>\n<p style=\"text-align: justify;\">Na ocasi\u00e3o, padre Patriky enfatizou que desde a \u00e9poca de 1960, logo no in\u00edcio da Campanha da Fraternidade, v\u00e1rias iniciativas se organizaram em torno da realiza\u00e7\u00e3o das Campanhas e dos Semin\u00e1rios Nacionais, que ajudam a conhecer e a aprofundar o tema da Campanha da Fraternidade.<\/p>\n<p style=\"text-align: justify;\">Padre Patriky explicou que todos os anos um conselho superior elege o tema e a partir desse tema \u00e9 constitu\u00edda uma Comiss\u00e3o que vai come\u00e7ar os trabalhos de constru\u00e7\u00e3o do texto-base da Campanha da Fraternidade.<\/p>\n<blockquote><p>&#8220;A Campanha da Fraternidade \u00e9 um projeto evangelizador bem sucedido da Confer\u00eancia e diversas pastorais sociais nasceram de Campanhas da Fraternidade&#8221;, disse.<\/p><\/blockquote>\n<p style=\"text-align: justify;\">Padre Patriky enfatizou que no pr\u00f3ximo ano, em 2022, <a href=\"https:\/\/www.cnbb.org.br\/cnbb-lanca-o-texto-base-da-campanha-da-fraternidade-2022-cujo-tema-e-educacao\/\">o tema da Campanha da Fraternidade ser\u00e1 &#8220;Fala com sabedoria, ensina com amor&#8221;<\/a>.<\/p>\n<p>Saiba mais em:<a href=\"https:\/\/campanhas.cnbb.org.br\/\" target=\"_blank\" rel=\"noopener\"> https:\/\/campanhas.cnbb.org.br\/<\/a><\/p>\n<h3><strong>Campanha para a Evangeliza\u00e7\u00e3o<\/strong><\/h3>\n<p style=\"text-align: justify;\">O secret\u00e1rio executivo de Campanhas tamb\u00e9m explicou que faz parte do Setor de Campanhas da CNBB, a Campanha para a Evangeliza\u00e7\u00e3o, que acontece anualmente na prepara\u00e7\u00e3o para o Advento.<\/p>\n<p style=\"text-align: justify;\">Padre Patriky reiterou que no terceiro domingo do Advento h\u00e1 um gesto concreto, a Coleta para a Evangeliza\u00e7\u00e3o, onde todas as ofertas s\u00e3o revertidas para a evangeliza\u00e7\u00e3o da Igreja no Brasil.<\/p>\n<blockquote><p>&#8220;Parte desses recursos permanecem na pr\u00f3pria diocese, outra parte mantem os 19 regionais da CNBB e tamb\u00e9m a manuten\u00e7\u00e3o da sede da CNBB e as Comiss\u00f5es Episcopais&#8221;, disse.<\/p><\/blockquote>\n<p>Neste ano, <a href=\"https:\/\/www.cnbb.org.br\/campanha-para-a-evangelizacao\/\">o tema da Campanha para a Evangeliza\u00e7\u00e3o \u00e9 &#8220;Ide, sem medo, para servir&#8221;<\/a>.<\/p>\n<p>Saiba mais em: <a href=\"https:\/\/campanhas.cnbb.org.br\/\" target=\"_blank\" rel=\"noopener\">https:\/\/campanhas.cnbb.org.br\/<\/a><\/p>\n<p>Confira o depoimento do padre Patriky na \u00edntegra:<\/p>\n<div class=\"ast-oembed-container\" style=\"height: 100%;\">\n<div style=\"max-width: 1333px;\">\n<div style=\"left: 0; width: 100%; height: 0; position: relative; padding-bottom: 56.25%;\"><iframe title=\"Comiss\u00e3o Episcopal Pastoral para a Cultura e Educa\u00e7\u00e3o\" src=\"https:\/\/www.youtube.com\/embed\/Ef26K5cTHrU?rel=0\" style=\"top: 0; left: 0; width: 100%; height: 100%; position: absolute; border: 0;\" allowfullscreen scrolling=\"no\" allow=\"accelerometer; clipboard-write; encrypted-media; gyroscope; picture-in-picture;\"><\/iframe><\/div>\n<\/div>\n<\/div>\n<p>&nbsp;<\/p>\n","protected":false},"excerpt":{"rendered":"<p>O programa &#8220;Igreja em Sa\u00edda&#8221;, da TV Aparecida, tem trazido \u00e0s quartas-feiras informa\u00e7\u00f5es sobre as atividades das Comiss\u00f5es Episcopais Pastorais da CNBB. Na \u00faltima quarta, dia 1\u00ba de dezembro, os telespectadores puderam conhecer o trabalho realizado pelo Setor de Campanhas da CNBB, atualmente coordenador pelo secret\u00e1rio executivo de Campanhas da CNBB, padre Patriky Samuel Batista<\/p>\n","protected":false},"author":83,"featured_media":860325,"comment_status":"open","ping_status":"open","sticky":false,"template":"","format":"standard","meta":{"site-sidebar-layout":"default","site-content-layout":"default","ast-global-header-display":"","ast-banner-title-visibility":"","ast-main-header-display":"","ast-hfb-above-header-display":"","ast-hfb-below-header-display":"","ast-hfb-mobile-header-display":"","site-post-title":"","ast-breadcrumbs-content":"","ast-featured-img":"","footer-sml-layout":"","theme-transparent-header-meta":"default","adv-header-id-meta":"","stick-header-meta":"","header-above-stick-meta":"","header-main-stick-meta":"","header-below-stick-meta":""},"categories":[759,50],"tags":[2851,2870,3611],"acf":[],"_links":{"self":[{"href":"https:\/\/www.cnbb.org.br\/cnbb-app\/wp\/v2\/posts\/860297"}],"collection":[{"href":"https:\/\/www.cnbb.org.br\/cnbb-app\/wp\/v2\/posts"}],"about":[{"href":"https:\/\/www.cnbb.org.br\/cnbb-app\/wp\/v2\/types\/post"}],"author":[{"embeddable":true,"href":"https:\/\/www.cnbb.org.br\/cnbb-app\/wp\/v2\/users\/83"}],"replies":[{"embeddable":true,"href":"https:\/\/www.cnbb.org.br\/cnbb-app\/wp\/v2\/comments?post=860297"}],"version-history":[{"count":0,"href":"https:\/\/www.cnbb.org.br\/cnbb-app\/wp\/v2\/posts\/860297\/revisions"}],"wp:featuredmedia":[{"embeddable":true,"href":"https:\/\/www.cnbb.org.br\/cnbb-app\/wp\/v2\/media\/860325"}],"wp:attachment":[{"href":"https:\/\/www.cnbb.org.br\/cnbb-app\/wp\/v2\/media?parent=860297"}],"wp:term":[{"taxonomy":"category","embeddable":true,"href":"https:\/\/www.cnbb.org.br\/cnbb-app\/wp\/v2\/categories?post=860297"},{"taxonomy":"post_tag","embeddable":true,"href":"https:\/\/www.cnbb.org.br\/cnbb-app\/wp\/v2\/tags?post=860297"}],"curies":[{"name":"wp","href":"https:\/\/api.w.org\/{rel}","templated":true}]}}