{"id":860436,"date":"2021-12-06T11:23:01","date_gmt":"2021-12-06T14:23:01","guid":{"rendered":"https:\/\/www.cnbb.org.br\/?p=860436"},"modified":"2022-01-10T10:57:06","modified_gmt":"2022-01-10T13:57:06","slug":"em-oracao-viver-bem-o-advento","status":"publish","type":"post","link":"https:\/\/www.cnbb.org.br\/em-oracao-viver-bem-o-advento\/","title":{"rendered":"Em ora\u00e7\u00e3o, viver bem o Advento"},"content":{"rendered":"<p style=\"text-align: right;\"><strong>Dom Carlos Jos\u00e9<\/strong><br aria-hidden=\"true\" \/><strong>Bispo de Apucarana (PR)<\/strong><\/p>\n<p style=\"text-align: justify;\">\u201cEst\u00e1 perto a salva\u00e7\u00e3o dos que o temem, e a gl\u00f3ria habitar\u00e1 em nossa terra. \u201d (Sl 84,10)<\/p>\n<p style=\"text-align: justify;\"><br aria-hidden=\"true\" \/>O Tempo do Advento culmina com o nascimento do Messias, prometido pelo Pai e anunciado pelos profetas ao longo dos s\u00e9culos. Nesse Tempo Lit\u00fargico a Igreja conclama a todos que vivam dias de esperan\u00e7a, como quem aguarda a chegada do Presente mais precioso de Deus para n\u00f3s: seu pr\u00f3prio Filho, o Verbo encarnado. O nascimento de Cristo \u00e9 um fato hist\u00f3rico real, verdadeiro e presenciado dentro da hist\u00f3ria do mundo, com registros irrefut\u00e1veis de tantos que deram testemunho de sua vinda.<\/p>\n<p style=\"text-align: justify;\">Para adentrarmos no Mist\u00e9rio da Encarna\u00e7\u00e3o do Verbo, muito nos auxilia meditar as Ant\u00edfonas do \u00d3, que s\u00e3o pequenas frases ou vers\u00edculos que, repetidos e rezados nos dias que antecedem o Natal, nos d\u00e3o a certeza de que as s\u00faplicas feitas pelo povo da Antiga Alian\u00e7a foram ouvidas e n\u00f3s, povo da Nova Alian\u00e7a somos os escolhidos para viver nesse tempo de Salva\u00e7\u00e3o.<\/p>\n<p style=\"text-align: justify;\">As Ant\u00edfonas do \u00d3, cont\u00e9m toda a medula do Advento e nos introduz na teologia b\u00edblica da espera do Messias. Quando dizemos \u2018\u00d3\u2019, estamos fazendo uma invoca\u00e7\u00e3o, uma s\u00faplica que deve brotar do mais profundo do nosso cora\u00e7\u00e3o: \u00f3 vinde Senhor Jesus! As Ant\u00edfonas do \u00d3 ensinam ao povo crist\u00e3o a Quem devem esperar e do Qual devem pedir a vinda. As grandes Ant\u00edfonas n\u00e3o s\u00e3o apenas uma s\u00edntese da mais pura esperan\u00e7a messi\u00e2nica do Antigo Testamento, por meio das imagens B\u00edblicas, mas enumeram tamb\u00e9m os t\u00edtulos divinos do Verbo Encarnado e o seu Veni (vinde) exprime todo anseio presente na Igreja. Pelas Ant\u00edfonas do \u00d3, a Liturgia do Advento chega ao seu auge.<\/p>\n<p style=\"text-align: justify;\">Quando rezamos:\u00a0 \u201c\u00d3 Sabedoria, que sa\u00edstes da boca do Alt\u00edssimo&#8230;\u201d (Ecle 24,3), estamos reconhecendo que \u201cCristo \u00e9 a sabedoria de Deus. \u201d (1Cor 1,24). O povo da Antiga Alian\u00e7a esperava a Sabedoria e n\u00f3s, povo da Nova Alian\u00e7a devemos pedir o dom da verdadeira Sabedoria para acolhermos Jesus que \u00e9 o real sentido do Natal. O dom da Sabedoria nos faz agir com prud\u00eancia e nos guia em nossas a\u00e7\u00f5es. Ao invocarmos \u201c\u00d3 Adonai, guia da Casa de Israel&#8230; Vinde salvar-nos com vosso bra\u00e7o poderoso. \u201d (Jr 32,21), reconhecemos que Jesus \u00e9 O Senhor, o Santo de Deus, aquele que salva o povo oprimido pelo pecado com seu bra\u00e7o forte e poderoso. O que foi clamado pelo povo, no Antigo Testamento se realizou com a vinda do Messias.<\/p>\n<p style=\"text-align: justify;\">A terceira Ant\u00edfona \u201c\u00d3 Raiz de Jess\u00e9&#8230; Ante V\u00f3s se calar\u00e3o os reis da terra&#8230; Vinde salvar-nos! Libertai-nos sem demora. \u201d (Is 11,10; 52,15 e Hab 2,3), exp\u00f5e o constante desejo de liberta\u00e7\u00e3o que inundava o cora\u00e7\u00e3o do povo de Deus. Da Raiz de Jess\u00e9, da descend\u00eancia de Davi, nasceu o Salvador. Clamemos hoje tamb\u00e9m: \u2018libertai-nos sem demora da indiferen\u00e7a, do des\u00e2nimo e da falta de f\u00e9! Clamemos: \u201c\u00d3 Chave de Davi&#8230; Vinde logo e libertai o homem prisioneiro, que nas trevas e na sombra da morte est\u00e1 sentado. \u201d (Is 22,22; Sl 106,10). Jesus \u00e9 a chave que nos liberta das pris\u00f5es di\u00e1rias, que nos abre os olhos nublados pelas tenta\u00e7\u00f5es do mundo e nos faz enxerg\u00e1-Lo no outro e em n\u00f3s mesmos.<\/p>\n<p style=\"text-align: justify;\">S\u00e3o sete as Ant\u00edfonas do \u00d3 e muitas as nossas necessidades e clamores. Aproveitemos esse tempo para imergirmos na Gra\u00e7a abundante oferecida por Deus para nossa liberta\u00e7\u00e3o e salva\u00e7\u00e3o. Roguemos \u00e0 Virgem Maria e ao Glorioso S\u00e3o Jos\u00e9 que intercedam por n\u00f3s e nossas necessidades mais prementes. \u00d3 Sant\u00edssima Virgem Maria, que acolhestes o Verbo em vosso ventre pur\u00edssimo, concedei-nos a gra\u00e7a de bem nos preparamos para acolher Jesus em nosso cora\u00e7\u00e3o. \u00d3 Glorioso S\u00e3o Jos\u00e9, alcan\u00e7ai-nos imitar vossa f\u00e9 e perseverar nos caminhos do Senhor! Am\u00e9m.<\/p>\n","protected":false},"excerpt":{"rendered":"<p>Dom Carlos Jos\u00e9Bispo de Apucarana (PR) \u201cEst\u00e1 perto a salva\u00e7\u00e3o dos que o temem, e a gl\u00f3ria habitar\u00e1 em nossa terra. \u201d (Sl 84,10) O Tempo do Advento culmina com o nascimento do Messias, prometido pelo Pai e anunciado pelos profetas ao longo dos s\u00e9culos. Nesse Tempo Lit\u00fargico a Igreja conclama a todos que vivam &hellip;<\/p>\n<p class=\"read-more\"> <a class=\"\" href=\"https:\/\/www.cnbb.org.br\/em-oracao-viver-bem-o-advento\/\"> <span class=\"screen-reader-text\">Em ora\u00e7\u00e3o, viver bem o Advento<\/span> Leia mais &raquo;<\/a><\/p>\n","protected":false},"author":101,"featured_media":0,"comment_status":"open","ping_status":"open","sticky":false,"template":"","format":"standard","meta":{"site-sidebar-layout":"default","site-content-layout":"default","ast-global-header-display":"","ast-banner-title-visibility":"","ast-main-header-display":"","ast-hfb-above-header-display":"","ast-hfb-below-header-display":"","ast-hfb-mobile-header-display":"","site-post-title":"","ast-breadcrumbs-content":"","ast-featured-img":"","footer-sml-layout":"","theme-transparent-header-meta":"default","adv-header-id-meta":"","stick-header-meta":"","header-above-stick-meta":"","header-main-stick-meta":"","header-below-stick-meta":""},"categories":[758],"tags":[],"acf":[],"_links":{"self":[{"href":"https:\/\/www.cnbb.org.br\/cnbb-app\/wp\/v2\/posts\/860436"}],"collection":[{"href":"https:\/\/www.cnbb.org.br\/cnbb-app\/wp\/v2\/posts"}],"about":[{"href":"https:\/\/www.cnbb.org.br\/cnbb-app\/wp\/v2\/types\/post"}],"author":[{"embeddable":true,"href":"https:\/\/www.cnbb.org.br\/cnbb-app\/wp\/v2\/users\/101"}],"replies":[{"embeddable":true,"href":"https:\/\/www.cnbb.org.br\/cnbb-app\/wp\/v2\/comments?post=860436"}],"version-history":[{"count":0,"href":"https:\/\/www.cnbb.org.br\/cnbb-app\/wp\/v2\/posts\/860436\/revisions"}],"wp:attachment":[{"href":"https:\/\/www.cnbb.org.br\/cnbb-app\/wp\/v2\/media?parent=860436"}],"wp:term":[{"taxonomy":"category","embeddable":true,"href":"https:\/\/www.cnbb.org.br\/cnbb-app\/wp\/v2\/categories?post=860436"},{"taxonomy":"post_tag","embeddable":true,"href":"https:\/\/www.cnbb.org.br\/cnbb-app\/wp\/v2\/tags?post=860436"}],"curies":[{"name":"wp","href":"https:\/\/api.w.org\/{rel}","templated":true}]}}