{"id":860544,"date":"2021-12-07T16:04:23","date_gmt":"2021-12-07T19:04:23","guid":{"rendered":"https:\/\/www.cnbb.org.br\/?p=860544"},"modified":"2021-12-07T16:04:23","modified_gmt":"2021-12-07T19:04:23","slug":"dom-dirceu-e-ordenado-bispo-em-sao-joao-del-rei-mg","status":"publish","type":"post","link":"https:\/\/www.cnbb.org.br\/dom-dirceu-e-ordenado-bispo-em-sao-joao-del-rei-mg\/","title":{"rendered":"Dom Dirceu \u00e9 ordenado bispo em S\u00e3o Jo\u00e3o del-Rei (MG)"},"content":{"rendered":"<p style=\"text-align: justify;\">Nomeado pelo Papa Francisco no dia 27 de outubro de 20021 como bispo da diocese de Cama\u00e7ari (BA), dom Dirceu de Oliveira Medeiros recebeu a ordena\u00e7\u00e3o episcopal na manh\u00e3 de s\u00e1bado, 4 de dezembro, na Catedral Bas\u00edlica Nossa Senhora do Pilar. Esse \u00e9 o primeiro sacerdote do clero diocesano de S\u00e3o Jo\u00e3o del-Rei a se tornar bispo. A diocese tem 61 anos.<\/p>\n<p style=\"text-align: justify;\">A celebra\u00e7\u00e3o foi conduzida pelo bispo ordenante, dom Walmor Oliveira de Azevedo, arcebispo de Belo Horizonte (MG) e presidente da Confer\u00eancia Nacional dos Bispos do Brasil (CNBB); e pelos bispos co-ordenantes, dom Jos\u00e9 Eudes Campos do Nascimento, bispo de S\u00e3o Jo\u00e3o del-Rei, e dom Joel Portella Amado, bispo auxiliar do Rio de Janeiro e secret\u00e1rio geral da CNBB.<\/p>\n<p style=\"text-align: justify;\"><a href=\"https:\/\/diocesedesaojoaodelrei.com.br\/com-alegria-dom-dirceu-e-ordenado-bispo-em-sao-joao-del-rei\/\" target=\"_blank\" rel=\"noopener\">Veja as fotos aqui.\u00a0<\/a><\/p>\n<p style=\"text-align: justify;\">Assista a reportagem:<\/p>\n<div class=\"ast-oembed-container\" style=\"height: 100%;\">\n<div style=\"max-width: 1333px;\">\n<div style=\"left: 0; width: 100%; height: 0; position: relative; padding-bottom: 56.25%;\"><iframe title=\"ORDENA\u00c7\u00c3O EPISCOPAL DO MONSENHOR DIRCEU OLIVEIRA MEDEIROS\" src=\"https:\/\/www.youtube.com\/embed\/WdB4bffu4p4?rel=0\" style=\"top: 0; left: 0; width: 100%; height: 100%; position: absolute; border: 0;\" allowfullscreen scrolling=\"no\" allow=\"accelerometer; clipboard-write; encrypted-media; gyroscope; picture-in-picture;\"><\/iframe><\/div>\n<\/div>\n<\/div>\n","protected":false},"excerpt":{"rendered":"<p>Nomeado pelo Papa Francisco no dia 27 de outubro de 20021 como bispo da diocese de Cama\u00e7ari (BA), dom Dirceu de Oliveira Medeiros recebeu a ordena\u00e7\u00e3o episcopal na manh\u00e3 de s\u00e1bado, 4 de dezembro, na Catedral Bas\u00edlica Nossa Senhora do Pilar. Esse \u00e9 o primeiro sacerdote do clero diocesano de S\u00e3o Jo\u00e3o del-Rei a se &hellip;<\/p>\n<p class=\"read-more\"> <a class=\"\" href=\"https:\/\/www.cnbb.org.br\/dom-dirceu-e-ordenado-bispo-em-sao-joao-del-rei-mg\/\"> <span class=\"screen-reader-text\">Dom Dirceu \u00e9 ordenado bispo em S\u00e3o Jo\u00e3o del-Rei (MG)<\/span> Leia mais &raquo;<\/a><\/p>\n","protected":false},"author":83,"featured_media":860547,"comment_status":"open","ping_status":"open","sticky":false,"template":"","format":"standard","meta":{"site-sidebar-layout":"default","site-content-layout":"default","ast-global-header-display":"","ast-banner-title-visibility":"","ast-main-header-display":"","ast-hfb-above-header-display":"","ast-hfb-below-header-display":"","ast-hfb-mobile-header-display":"","site-post-title":"","ast-breadcrumbs-content":"","ast-featured-img":"","footer-sml-layout":"","theme-transparent-header-meta":"default","adv-header-id-meta":"","stick-header-meta":"","header-above-stick-meta":"","header-main-stick-meta":"","header-below-stick-meta":""},"categories":[778],"tags":[4110,4019],"acf":[],"_links":{"self":[{"href":"https:\/\/www.cnbb.org.br\/cnbb-app\/wp\/v2\/posts\/860544"}],"collection":[{"href":"https:\/\/www.cnbb.org.br\/cnbb-app\/wp\/v2\/posts"}],"about":[{"href":"https:\/\/www.cnbb.org.br\/cnbb-app\/wp\/v2\/types\/post"}],"author":[{"embeddable":true,"href":"https:\/\/www.cnbb.org.br\/cnbb-app\/wp\/v2\/users\/83"}],"replies":[{"embeddable":true,"href":"https:\/\/www.cnbb.org.br\/cnbb-app\/wp\/v2\/comments?post=860544"}],"version-history":[{"count":0,"href":"https:\/\/www.cnbb.org.br\/cnbb-app\/wp\/v2\/posts\/860544\/revisions"}],"wp:featuredmedia":[{"embeddable":true,"href":"https:\/\/www.cnbb.org.br\/cnbb-app\/wp\/v2\/media\/860547"}],"wp:attachment":[{"href":"https:\/\/www.cnbb.org.br\/cnbb-app\/wp\/v2\/media?parent=860544"}],"wp:term":[{"taxonomy":"category","embeddable":true,"href":"https:\/\/www.cnbb.org.br\/cnbb-app\/wp\/v2\/categories?post=860544"},{"taxonomy":"post_tag","embeddable":true,"href":"https:\/\/www.cnbb.org.br\/cnbb-app\/wp\/v2\/tags?post=860544"}],"curies":[{"name":"wp","href":"https:\/\/api.w.org\/{rel}","templated":true}]}}