{"id":860561,"date":"2021-12-08T13:27:23","date_gmt":"2021-12-08T16:27:23","guid":{"rendered":"https:\/\/www.cnbb.org.br\/?p=860561"},"modified":"2021-12-08T16:45:46","modified_gmt":"2021-12-08T19:45:46","slug":"missa-da-solenidade-da-imaculada-conceicao-marca-1-ano-de-criacao-do-nucleo-lux-mundi","status":"publish","type":"post","link":"https:\/\/www.cnbb.org.br\/missa-da-solenidade-da-imaculada-conceicao-marca-1-ano-de-criacao-do-nucleo-lux-mundi\/","title":{"rendered":"Missa da solenidade da Imaculada Concei\u00e7\u00e3o marca 1 ano de cria\u00e7\u00e3o do N\u00facleo Lux Mundi"},"content":{"rendered":"<p style=\"text-align: justify;\">A Igreja celebra nesta quarta-feira, 8 de dezembro, a Solenidade da Imaculada Concei\u00e7\u00e3o de Nossa Senhora. A data \u00e9 uma das festas marianas mais populares no Brasil e \u00e9 celebrada desde o s\u00e9culo XI. A solenidade est\u00e1 inserida no contexto do Advento-Natal, \u201cunindo a espera messi\u00e2nica e o retorno glorioso de Cristo com a admir\u00e1vel mem\u00f3ria da M\u00e3e\u201d, explica o Missal Romano. O dogma da Imaculada Concei\u00e7\u00e3o foi proclamado pelo Papa Pio IX, em 1854.<\/p>\n<figure id=\"attachment_860595\" aria-describedby=\"caption-attachment-860595\" style=\"width: 326px\" class=\"wp-caption alignright\"><img decoding=\"async\" loading=\"lazy\" class=\"wp-image-860595 \" src=\"https:\/\/www.cnbb.org.br\/wp-content\/uploads\/2021\/12\/Lux-Mundi-1-anoo-1-300x225.jpeg\" alt=\"\" width=\"326\" height=\"244\" srcset=\"https:\/\/www.cnbb.org.br\/wp-content\/uploads\/2021\/12\/Lux-Mundi-1-anoo-1-300x225.jpeg 300w, https:\/\/www.cnbb.org.br\/wp-content\/uploads\/2021\/12\/Lux-Mundi-1-anoo-1-1024x769.jpeg 1024w, https:\/\/www.cnbb.org.br\/wp-content\/uploads\/2021\/12\/Lux-Mundi-1-anoo-1-768x577.jpeg 768w, https:\/\/www.cnbb.org.br\/wp-content\/uploads\/2021\/12\/Lux-Mundi-1-anoo-1-1536x1154.jpeg 1536w, https:\/\/www.cnbb.org.br\/wp-content\/uploads\/2021\/12\/Lux-Mundi-1-anoo-1-500x376.jpeg 500w, https:\/\/www.cnbb.org.br\/wp-content\/uploads\/2021\/12\/Lux-Mundi-1-anoo-1-800x600.jpeg 800w, https:\/\/www.cnbb.org.br\/wp-content\/uploads\/2021\/12\/Lux-Mundi-1-anoo-1.jpeg 1600w\" sizes=\"(max-width: 326px) 100vw, 326px\" \/><figcaption id=\"caption-attachment-860595\" class=\"wp-caption-text\"><em>Foto: CNBB<\/em><\/figcaption><\/figure>\n<p style=\"text-align: justify;\">Para celebrar a festa, o bispo auxiliar da arquidiocese do Rio de Janeiro (RJ) e secret\u00e1rio-geral da Confer\u00eancia Nacional dos Bispos do Brasil (CNBB), presidiu a Santa Missa, na capela Nossa Senhora Aparecida, na sede da entidade em Bras\u00edlia (DF). Na ocasi\u00e3o, tamb\u00e9m foi celebrado o anivers\u00e1rio de um ano de cria\u00e7\u00e3o do N\u00facleo Lux Mundi \u2013 trabalho da Igreja na prote\u00e7\u00e3o de crian\u00e7as, adolescentes e pessoas vulner\u00e1veis.<\/p>\n<p style=\"text-align: justify;\"><em>\u201cN\u00f3s fomos criados para o cuidado. Por isso, a segunda leitura de hoje vai falar dessa bem aventuran\u00e7a, vai falar dessa alegria, desse Deus que no mist\u00e9rio da eternidade, muito antes, voc\u00ea imagina quem estaria aqui, irm\u00e3os. A celebra\u00e7\u00e3o de hoje \u00e9 uma celebra\u00e7\u00e3o de esperan\u00e7a e compromisso. Uma esperan\u00e7a que precisa ser renovada, principalmente, quando ela \u00e9 atingida por diversas situa\u00e7\u00f5es de descuidado, in\u00fameras situa\u00e7\u00f5es em que o ser humano tem vivido desprotegido, vulnerabilizado\u201d<\/em>. E continuou afirmando que \u201ca nossa esperan\u00e7a tem que se traduzir por uma atitude de cuidado\u201d, disse o secret\u00e1rio-geral da CNBB, dom Joel Portella Amado.<\/p>\n<figure id=\"attachment_860594\" aria-describedby=\"caption-attachment-860594\" style=\"width: 360px\" class=\"wp-caption alignleft\"><img decoding=\"async\" loading=\"lazy\" class=\"wp-image-860594\" src=\"https:\/\/www.cnbb.org.br\/wp-content\/uploads\/2021\/12\/Lux-Mundi-1-ano-300x225.jpeg\" alt=\"\" width=\"360\" height=\"270\" srcset=\"https:\/\/www.cnbb.org.br\/wp-content\/uploads\/2021\/12\/Lux-Mundi-1-ano-300x225.jpeg 300w, https:\/\/www.cnbb.org.br\/wp-content\/uploads\/2021\/12\/Lux-Mundi-1-ano-1024x769.jpeg 1024w, https:\/\/www.cnbb.org.br\/wp-content\/uploads\/2021\/12\/Lux-Mundi-1-ano-768x577.jpeg 768w, https:\/\/www.cnbb.org.br\/wp-content\/uploads\/2021\/12\/Lux-Mundi-1-ano-1536x1154.jpeg 1536w, https:\/\/www.cnbb.org.br\/wp-content\/uploads\/2021\/12\/Lux-Mundi-1-ano-500x376.jpeg 500w, https:\/\/www.cnbb.org.br\/wp-content\/uploads\/2021\/12\/Lux-Mundi-1-ano-800x600.jpeg 800w, https:\/\/www.cnbb.org.br\/wp-content\/uploads\/2021\/12\/Lux-Mundi-1-ano.jpeg 1438w\" sizes=\"(max-width: 360px) 100vw, 360px\" \/><figcaption id=\"caption-attachment-860594\" class=\"wp-caption-text\"><em>Foto: CNBB<\/em><\/figcaption><\/figure>\n<p style=\"text-align: justify;\">O escrit\u00f3rio, sediado em Bras\u00edlia (DF), foi criado para auxiliar na organiza\u00e7\u00e3o dos trabalhos de instala\u00e7\u00e3o das comiss\u00f5es diocesanas de prote\u00e7\u00e3o de crian\u00e7as, adolescentes e pessoas vulner\u00e1veis nas estruturas pastorais da Igreja Cat\u00f3lica do Brasil, dioceses e congrega\u00e7\u00f5es religiosas, de acordo com o pedido do Papa Francisco na sua Carta Apost\u00f3lica em forma de Motu Proprio \u201cVos Estis Lux Mundi\u201d (V\u00f3s sois a luz do mundo).<\/p>\n<p style=\"text-align: justify;\">Segundo dom Joel, <em>&#8220;a data a festa da Imaculada Concei\u00e7\u00e3o foi escolhida para ser o dia de cria\u00e7\u00e3o do N\u00facleo Lux Mundi por ser solenidade onde se proclama o amor de Deus que carinhosamente, muito antes a humanidade pudesse contemplar Jesus, Ele j\u00e1 havia preparado uma habita\u00e7\u00e3o digna como toda mensagem de cuidado, cautela, carinho, preocupa\u00e7\u00e3o&#8221;<\/em>.<\/p>\n<p style=\"text-align: justify;\">A presidente da Confer\u00eancia dos Religiosos do Brasil (CRB Nacional), irm\u00e3 Maria In\u00eas Ribeiro destacou\u00a0 que o n\u00facleo tem a finalidade de conscientizar, de preparar as pessoas e as pol\u00edticas p\u00fablicas de prote\u00e7\u00e3o para as dioceses e congrega\u00e7\u00f5es. &#8220;\u00c9 um n\u00facleo com uma equipe que trabalha na forma\u00e7\u00e3o, preven\u00e7\u00e3o, esclarecimento e orienta\u00e7\u00e3o para as pol\u00edticas p\u00fablicas de prote\u00e7\u00e3o na nossa Igreja e n\u00f3s escolhemos a solenidade da Imaculada Concei\u00e7\u00e3o para come\u00e7ar esse servi\u00e7o porque Nossa Senhora foi aquela que mais cuidou da vida, cuidou da vida de Jesus e continua cuidando da vida de todos n\u00f3s\u201d, disse.<\/p>\n<p style=\"text-align: justify;\"><img decoding=\"async\" loading=\"lazy\" class=\" wp-image-263874 alignright\" src=\"https:\/\/www.cnbb.org.br\/wp-content\/uploads\/2021\/05\/Dra-Eliane-De-Carli-300x300.jpg\" alt=\"\" width=\"267\" height=\"267\" srcset=\"https:\/\/www.cnbb.org.br\/wp-content\/uploads\/2021\/05\/Dra-Eliane-De-Carli-300x300.jpg 300w, https:\/\/www.cnbb.org.br\/wp-content\/uploads\/2021\/05\/Dra-Eliane-De-Carli-150x150.jpg 150w, https:\/\/www.cnbb.org.br\/wp-content\/uploads\/2021\/05\/Dra-Eliane-De-Carli-500x500.jpg 500w, https:\/\/www.cnbb.org.br\/wp-content\/uploads\/2021\/05\/Dra-Eliane-De-Carli.jpg 530w\" sizes=\"(max-width: 267px) 100vw, 267px\" \/>A coordenadora do N\u00facleo Lux Mundi, a m\u00e9dica pediatra Eliane de Carli, explica que o n\u00facleo\u00a0n\u00e3o tem fun\u00e7\u00e3o de investiga\u00e7\u00e3o. &#8220;A fun\u00e7\u00e3o principal desse servi\u00e7o \u00e9 ajudar a formar as pessoas que est\u00e3o nas dioceses trabalhando com crian\u00e7as e adolescentes, fazer cursos de forma\u00e7\u00e3o cont\u00ednua para que essas as pessoas saibam lidar quando surgirem casos de abusos sexuais. Al\u00e9m de implementar e capacitar o servi\u00e7o de escuta para receber v\u00edtimas, seus familiares e os poss\u00edveis suspeitos de abuso&#8221;, destaca.<\/p>\n<p style=\"text-align: justify;\">Participaram tamb\u00e9m da celebra\u00e7\u00e3o a assessora do N\u00facleo de Justi\u00e7a e Paz e Integridade da Cria\u00e7\u00e3o (JPIC) da CRB Nacional, Irm\u00e3 Maria Luiza da Silva, a secret\u00e1ria-executiva do Lux Mundi, Elaine Sousa e algumas religiosas.<\/p>\n<p>Foram os concelebrantes da Missa os subsecret\u00e1rios adjuntos Geral e de Pastoral da CNBB, padre Patriky Samuel Batista e padre Marcus Barbosa Guimar\u00e3es; e o assessor da Comiss\u00e3o para a A\u00e7\u00e3o Mission\u00e1ria e Coopera\u00e7\u00e3o Intereclesial, padre Daniel Rochetti. A m\u00fasica ficou a cargo do assessor do Setor M\u00fasica Lit\u00fargica da Comiss\u00e3o para Liturgia da CNBB, irm\u00e3o Fernando Vieira.<\/p>\n<h3 style=\"text-align: justify;\">Curso de Capacita\u00e7\u00e3o<\/h3>\n<p style=\"text-align: justify;\">At\u00e9 o dia 14 de dezembro, o N\u00facleo Lux Mundi promove o <a href=\"https:\/\/www.cnbb.org.br\/nucleo-lux-mundi-curso-capacitacao-contra-violencia-sexual\/\"><strong>curso de capacita\u00e7\u00e3o regional \u201cO Servi\u00e7o de prote\u00e7\u00e3o: as constitui\u00e7\u00f5es e atribui\u00e7\u00f5es\u201d<\/strong><\/a> destinados aos membros dos Conselhos Diocesanos de Prote\u00e7\u00e3o \u00e0 Crian\u00e7as e Adolescentes, como tamb\u00e9m para delegados das respectivas dioceses. A forma\u00e7\u00e3o que teve in\u00edcio dia 29 de novembro foi dividida em dois grupos: um compreendendo Norte e Nordeste e outro Centro-Oeste, Sudeste e Sul.<\/p>\n<p style=\"text-align: justify;\">Confer\u00eancias com especialistas no Direito e da Bio\u00e9tica, por exemplo, firam preparadas para ajudar na compreens\u00e3o dos procedimentos para implementa\u00e7\u00e3o de servi\u00e7os de preven\u00e7\u00e3o e combate ao abuso sexual nas estruturas pastorais da Igreja Cat\u00f3lica, Dioceses e Congrega\u00e7\u00f5es Religiosas com a fun\u00e7\u00e3o de cuidado e prote\u00e7\u00e3o empenhando-se em duas frentes: a preven\u00e7\u00e3o e os Centros de Escuta.<\/p>\n<h3 style=\"text-align: justify;\">N\u00facleo Lux Mundi<\/h3>\n<p style=\"text-align: justify;\">O escrit\u00f3rio estar\u00e1 localizado no Setor de Autarquias Sul (SAUS) Qd 04 bloco A \u2013 Ed. Victoria Office Tower \u2013 Sala 110 \u2013 Bras\u00edlia \u2013 DF. Contato: nucleoluxmundi@crbnacional.org.br<\/p>\n<h3>Reveja a missa:<\/h3>\n<div class=\"ast-oembed-container\" style=\"height: 100%;\">\n<div style=\"max-width: 1333px;\">\n<div style=\"left: 0; width: 100%; height: 0; position: relative; padding-bottom: 56.25%;\"><iframe title=\"Solenidade da Imaculada Concei\u00e7\u00e3o - Anivers\u00e1rio N\u00facleo Lux Mundi\" src=\"https:\/\/www.youtube.com\/embed\/YwBo96kzPyc?rel=0\" style=\"top: 0; left: 0; width: 100%; height: 100%; position: absolute; border: 0;\" allowfullscreen scrolling=\"no\" allow=\"accelerometer; clipboard-write; encrypted-media; gyroscope; picture-in-picture;\"><\/iframe><\/div>\n<\/div>\n<\/div>\n<h3>Mais informa\u00e7\u00f5es:<\/h3>\n<div class=\"iframely-embed\">\n<div class=\"iframely-responsive\" style=\"padding-bottom: 56.2667%; padding-top: 120px;\"><a href=\"https:\/\/www.cnbb.org.br\/nucleo-lux-mundi-curso-capacitacao-contra-violencia-sexual\/\" data-iframely-url=\"\/\/cdn.iframe.ly\/PyjHEgN?maxheight=750\"><\/a><\/div>\n<\/div>\n<p><script async src=\"\/\/cdn.iframe.ly\/embed.js\" charset=\"utf-8\"><\/script><\/p>\n<div class=\"iframely-embed\">\n<div class=\"iframely-responsive\" style=\"padding-bottom: 66.7188%; padding-top: 120px;\"><a href=\"https:\/\/www.cnbb.org.br\/5-meses-nucleo-lux-mundi-dia-nacional-de-combate-ao-abuso-e-a-exploracao-sexual-de-criancas-e-adolescentes\/\" data-iframely-url=\"\/\/cdn.iframe.ly\/jFUDsux?maxheight=750\"><\/a><\/div>\n<\/div>\n<p><script async src=\"\/\/cdn.iframe.ly\/embed.js\" charset=\"utf-8\"><\/script><\/p>\n<div class=\"iframely-embed\">\n<div class=\"iframely-responsive\" style=\"padding-bottom: 52.8125%; padding-top: 120px;\"><a href=\"https:\/\/www.cnbb.org.br\/presidente-nucleo-lux-mundi-fala-da-estrutura-combate-aos-abusos-sexuais\/\" data-iframely-url=\"\/\/cdn.iframe.ly\/7ZpwLax?maxheight=750\"><\/a><\/div>\n<\/div>\n<p><script async src=\"\/\/cdn.iframe.ly\/embed.js\" charset=\"utf-8\"><\/script><\/p>\n","protected":false},"excerpt":{"rendered":"<p>O escrit\u00f3rio, sediado em Bras\u00edlia (DF), foi criado para auxiliar na organiza\u00e7\u00e3o dos trabalhos de instala\u00e7\u00e3o das comiss\u00f5es diocesanas de prote\u00e7\u00e3o de crian\u00e7as, adolescentes e pessoas vulner\u00e1veis nas estruturas pastorais da Igreja Cat\u00f3lica do Brasil, dioceses e congrega\u00e7\u00f5es religiosas, de acordo com o pedido do Papa Francisco na sua Carta Apost\u00f3lica em forma de Motu Proprio \u201cVos Estis Lux Mundi\u201d (V\u00f3s sois a luz do mundo)<\/p>\n","protected":false},"author":83,"featured_media":860593,"comment_status":"open","ping_status":"open","sticky":false,"template":"","format":"standard","meta":{"site-sidebar-layout":"default","site-content-layout":"default","ast-global-header-display":"","ast-banner-title-visibility":"","ast-main-header-display":"","ast-hfb-above-header-display":"","ast-hfb-below-header-display":"","ast-hfb-mobile-header-display":"","site-post-title":"","ast-breadcrumbs-content":"","ast-featured-img":"","footer-sml-layout":"","theme-transparent-header-meta":"default","adv-header-id-meta":"","stick-header-meta":"","header-above-stick-meta":"","header-main-stick-meta":"","header-below-stick-meta":""},"categories":[1840,1833],"tags":[1850,1914,4044,3346],"acf":[],"_links":{"self":[{"href":"https:\/\/www.cnbb.org.br\/cnbb-app\/wp\/v2\/posts\/860561"}],"collection":[{"href":"https:\/\/www.cnbb.org.br\/cnbb-app\/wp\/v2\/posts"}],"about":[{"href":"https:\/\/www.cnbb.org.br\/cnbb-app\/wp\/v2\/types\/post"}],"author":[{"embeddable":true,"href":"https:\/\/www.cnbb.org.br\/cnbb-app\/wp\/v2\/users\/83"}],"replies":[{"embeddable":true,"href":"https:\/\/www.cnbb.org.br\/cnbb-app\/wp\/v2\/comments?post=860561"}],"version-history":[{"count":0,"href":"https:\/\/www.cnbb.org.br\/cnbb-app\/wp\/v2\/posts\/860561\/revisions"}],"wp:featuredmedia":[{"embeddable":true,"href":"https:\/\/www.cnbb.org.br\/cnbb-app\/wp\/v2\/media\/860593"}],"wp:attachment":[{"href":"https:\/\/www.cnbb.org.br\/cnbb-app\/wp\/v2\/media?parent=860561"}],"wp:term":[{"taxonomy":"category","embeddable":true,"href":"https:\/\/www.cnbb.org.br\/cnbb-app\/wp\/v2\/categories?post=860561"},{"taxonomy":"post_tag","embeddable":true,"href":"https:\/\/www.cnbb.org.br\/cnbb-app\/wp\/v2\/tags?post=860561"}],"curies":[{"name":"wp","href":"https:\/\/api.w.org\/{rel}","templated":true}]}}