{"id":860564,"date":"2021-12-08T10:49:07","date_gmt":"2021-12-08T13:49:07","guid":{"rendered":"https:\/\/www.cnbb.org.br\/?p=860564"},"modified":"2021-12-08T10:50:00","modified_gmt":"2021-12-08T13:50:00","slug":"nossa-senhora-de-guadalupe","status":"publish","type":"post","link":"https:\/\/www.cnbb.org.br\/nossa-senhora-de-guadalupe\/","title":{"rendered":"Nossa Senhora de Guadalupe"},"content":{"rendered":"<p style=\"text-align: right;\"><strong>Cardeal Orani Jo\u00e3o Tempesta<br \/>\n<\/strong><strong>Arcebispo do Rio de Janeiro (RJ)<\/strong><\/p>\n<p style=\"text-align: justify;\"><strong>\u00a0<\/strong><\/p>\n<p style=\"text-align: justify;\">No dia 12 de dezembro seria a festa lit\u00fargica de Nossa Senhora de Guadalupe, padroeira principal do M\u00e9xico e da Am\u00e9rica Latina. Neste ano, por\u00e9m, o terceiro domingo do advento se sobrep\u00f5e a esta grande solenidade latino-americana. Mas podemos assim mesmo refletir sobre esse dia com as comunidades especiais que a tem como padroeira. Esse dia est\u00e1 inserido dentro do Tempo do Advento e nos aponta para o mist\u00e9rio do Natal que celebraremos.<\/p>\n<p style=\"text-align: justify;\">Um significado especial tem a festa de Nossa Senhora de Guadalupe neste ano: celebrou-se de 21 a 27 de novembro passado, junto ao Santu\u00e1rio de Nossa Senhora de Guadalupe, a Ia. Assembleia Eclesial da Am\u00e9rica Latina e do Caribe \u2014 aos p\u00e9s da Virgem de Guadalupe \u2014, assim como o seu processo de escuta do Povo de Deus, o seu itiner\u00e1rio espiritual e a sua posterior implementa\u00e7\u00e3o, um marco no caminhar dos disc\u00edpulos mission\u00e1rios do nosso continente. Leigos e leigas, religiosas e religiosos, di\u00e1conos, seminaristas, sacerdotes, bispos, cardeais e pessoas de boa vontade, fizeram parte deste grande evento eclesial, sob a prote\u00e7\u00e3o de Nossa Senhora de Guadalupe, padroeira da Am\u00e9rica Latina e do Caribe, \u00e0 medida que nos aproximamos da celebra\u00e7\u00e3o do 500\u00ba anivers\u00e1rio do Evento Guadalupano e do 2000\u00ba anivers\u00e1rio da nossa Reden\u00e7\u00e3o (2031+2033).<\/p>\n<p style=\"text-align: justify;\">Nossa Senhora de Guadalupe \u00e9 a virgem dos pobres, mas sobretudo, daqueles que t\u00eam o cora\u00e7\u00e3o humilde para amar a Deus e ao pr\u00f3ximo. Nossa Senhora sempre vem em socorro daqueles que mais precisam e age em favor dos pequeninos do reino. O que Nossa Senhora deseja \u00e9 que todo o povo amadure\u00e7a na f\u00e9 e creia N\u2019Ela e no seu filho Jesus.<\/p>\n<p style=\"text-align: justify;\">Assim como nas outras apari\u00e7\u00f5es de Nossa Senhora, Ela recebe o t\u00edtulo do local onde ela aparece. Nossa Senhora \u00e9 sempre a mesma M\u00e3e de Jesus. Mas quando aparece aos pastorzinhos em F\u00e1tima, recebe o t\u00edtulo de F\u00e1tima; quando \u201caparece\u201d aqui no rio Para\u00edba em Aparecida, recebe o t\u00edtulo de Aparecida. O mesmo ocorre em Guadalupe: Nossa Senhora aparece no M\u00e9xico, mas pede que a chamem de Guadalupe e que ali, no alto monte, construam um Santu\u00e1rio em sua mem\u00f3ria.<\/p>\n<p style=\"text-align: justify;\">Em 1531, a Virgem Sant\u00edssima apareceu a um ind\u00edgena que caminhava de seu lugarejo, rumo a cidade do M\u00e9xico, com o intuito de participar da catequese e da Santa Missa. Ele estava na colina de Tepeyac, perto da capital Mexicana. O \u00edndio era rec\u00e9m-convertido e chamava-se Juan Diego (canonizado pelo Papa S\u00e3o Jo\u00e3o Paulo II em 2002).<\/p>\n<p style=\"text-align: justify;\">Nossa Senhora faz um pedido ao \u00cdndio. Ela pede para ele ir at\u00e9 o bispo local solicitando que, naquele lugar, fosse constru\u00eddo um santu\u00e1rio para a honra e a gl\u00f3ria de Deus. O bispo local fica surpreso e usando de prud\u00eancia e sabedoria, pediu ao \u00edndio um sinal da Virgem Maria, que somente na terceira apari\u00e7\u00e3o lhe foi concedido. Isso ocorreu quando Juan Diego buscava um sacerdote para o tio doente. Nossa Senhora aparece ao \u00edndio e lhe transmite uma mensagem: \u201c<em>Escute, meu filho. N\u00e3o h\u00e1 nada o que temer, n\u00e3o fique preocupado nem assustado; n\u00e3o tema esta doen\u00e7a, nem outro qualquer dissabor ou afli\u00e7\u00e3o. N\u00e3o estou eu aqui, a seu lado? Eu sou a sua M\u00e3e dadivosa. Acaso n\u00e3o o escolhi para mim e o tomei aos meus cuidados? Que deseja mais do que isto? N\u00e3o permita que nada o aflija e o perturbe. Quanto \u00e0 doen\u00e7a do seu tio, ela n\u00e3o \u00e9 mortal. Eu lhe pe\u00e7o, acredite agora mesmo, porque ele j\u00e1 est\u00e1 curado. Filho querido, essas rosas s\u00e3o o sinal que voc\u00ea vai levar ao Bispo. Diga-lhe em meu nome que, nessas rosas, ele ver\u00e1 minha vontade e a cumprir\u00e1. Voc\u00ea \u00e9 meu embaixador e merece a minha confian\u00e7a. Quando chegar diante dele, desdobre a sua \u201ctilma\u201d (manto) e mostre-lhe o que carrega, por\u00e9m, s\u00f3 em sua presen\u00e7a. Diga-lhe tudo o que viu e ouviu, nada omita\u201d.<\/em><\/p>\n<p style=\"text-align: justify;\">Juan Diego fez tudo como a Virgem Maria lhe orientou: foi diante do bispo; abriu o manto e mostrou as rosas; al\u00e9m das rosas, o rosto de Nossa Senhora estava cravado no manto de Juan Diego. O bispo levou o manto que estava retratado o rosto da Virgem, junto com as rosas, para a capela e, em meio as l\u00e1grimas, pediu perd\u00e3o a Nossa Senhora. Era o dia 12 de dezembro de 1531.<\/p>\n<p style=\"text-align: justify;\">A confirma\u00e7\u00e3o do milagre se deu quando o \u00edndio foi visitar o seu tio que, com a sa\u00fade restabelecida, afirmou: \u201c<em>Eu tamb\u00e9m a vi. Ela veio a esta casa e falou a mim. Disse-me tamb\u00e9m que desejava a constru\u00e7\u00e3o de um templo na colina de Tepeyac e que sua imagem seria chamada de Santa Maria de Guadalupe\u201d. <\/em>Diante desses fatos, muitos se converteram e o santu\u00e1rio foi constru\u00eddo. Desde ent\u00e3o, at\u00e9 aos dias de hoje, in\u00fameras pessoas acorrem ao santu\u00e1rio, pedindo e agradecendo a Virgem Maria.<\/p>\n<p style=\"text-align: justify;\">O grande milagre de Nossa Senhora de Guadalupe \u00e9 a sua pr\u00f3pria imagem. O tecido, feito de cacto, n\u00e3o dura mais do que vinte anos e esse j\u00e1 dura h\u00e1 mais de quatro s\u00e9culos e meio. Durante dezesseis anos, a tela esteve totalmente desprotegida, sendo que nunca foi retocada. At\u00e9 hoje, os peritos em qu\u00edmica n\u00e3o encontraram na tela nenhum sinal de corrup\u00e7\u00e3o.<\/p>\n<p style=\"text-align: justify;\">Certa vez o Papa Bento XIV declarou: <em>\u201cNela, tudo \u00e9 milagroso: uma Imagem que prov\u00e9m de flores colhidas num terreno totalmente est\u00e9ril, no qual s\u00f3 podem crescer espinheiros\u2026 Uma Imagem estampada numa tela t\u00e3o rala que atrav\u00e9s dela pode se enxergar o povo e a nave da Igreja\u2026 Deus n\u00e3o agiu assim com nenhuma outra na\u00e7\u00e3o\u201d.<\/em><\/p>\n<p style=\"text-align: justify;\">A imagem da Virgem de Guadalupe foi coroada em 1875, durante o pontificado de Le\u00e3o XIII. Ela foi declarada padroeira de toda a Am\u00e9rica Latina, pelo papa Pio XII, no dia 12 de outubro de 1945. Ainda em 27 de janeiro de 1979, o Papa Jo\u00e3o Paulo II visitou o Santu\u00e1rio de Nossa Senhora de Guadalupe e consagrou a M\u00e3e Sant\u00edssima toda a Am\u00e9rica Latina.<\/p>\n<p style=\"text-align: justify;\">Portanto, essa \u00e9 a linda hist\u00f3ria de Nossa Senhora de Guadalupe. Tomemos para n\u00f3s o exemplo do \u00edndio Juan Diego e que nunca deixemos de acreditar na presen\u00e7a materna de Nossa Senhora junto de n\u00f3s.<\/p>\n<p style=\"text-align: justify;\">Nossa Senhora de Guadalupe est\u00e1 nos apontando um caminho de convers\u00e3o pessoal e pastoral: uma Igreja sinodal \u2014 da escuta e da compaix\u00e3o \u2014 para tornar o Evangelho mais vivido, proclamado e seguido. Fa\u00e7amos como Maria Sant\u00edssima: em tudo fazei o que Jesus vos pedir!<\/p>\n<p style=\"text-align: justify;\">Que a m\u00e3e Sant\u00edssima interceda por cada um de n\u00f3s e pelo povo da Am\u00e9rica Latina e que Ela sempre nos ensine a fazer tudo o que Jesus nos disser. Pe\u00e7amos a sua intercess\u00e3o \u2014 particularmente, que Ela nos afaste da peste e que a vacina\u00e7\u00e3o seja completa para que todos possamos testemunhar publicamente o Redentor!<\/p>\n<p>&nbsp;<\/p>\n<p>&nbsp;<\/p>\n","protected":false},"excerpt":{"rendered":"<p>Cardeal Orani Jo\u00e3o Tempesta Arcebispo do Rio de Janeiro (RJ) \u00a0 No dia 12 de dezembro seria a festa lit\u00fargica de Nossa Senhora de Guadalupe, padroeira principal do M\u00e9xico e da Am\u00e9rica Latina. Neste ano, por\u00e9m, o terceiro domingo do advento se sobrep\u00f5e a esta grande solenidade latino-americana. Mas podemos assim mesmo refletir sobre esse &hellip;<\/p>\n<p class=\"read-more\"> <a class=\"\" href=\"https:\/\/www.cnbb.org.br\/nossa-senhora-de-guadalupe\/\"> <span class=\"screen-reader-text\">Nossa Senhora de Guadalupe<\/span> Leia mais &raquo;<\/a><\/p>\n","protected":false},"author":31,"featured_media":0,"comment_status":"open","ping_status":"open","sticky":false,"template":"","format":"standard","meta":{"site-sidebar-layout":"default","site-content-layout":"default","ast-global-header-display":"","ast-banner-title-visibility":"","ast-main-header-display":"","ast-hfb-above-header-display":"","ast-hfb-below-header-display":"","ast-hfb-mobile-header-display":"","site-post-title":"","ast-breadcrumbs-content":"","ast-featured-img":"","footer-sml-layout":"","theme-transparent-header-meta":"default","adv-header-id-meta":"","stick-header-meta":"","header-above-stick-meta":"","header-main-stick-meta":"","header-below-stick-meta":""},"categories":[758],"tags":[],"acf":[],"_links":{"self":[{"href":"https:\/\/www.cnbb.org.br\/cnbb-app\/wp\/v2\/posts\/860564"}],"collection":[{"href":"https:\/\/www.cnbb.org.br\/cnbb-app\/wp\/v2\/posts"}],"about":[{"href":"https:\/\/www.cnbb.org.br\/cnbb-app\/wp\/v2\/types\/post"}],"author":[{"embeddable":true,"href":"https:\/\/www.cnbb.org.br\/cnbb-app\/wp\/v2\/users\/31"}],"replies":[{"embeddable":true,"href":"https:\/\/www.cnbb.org.br\/cnbb-app\/wp\/v2\/comments?post=860564"}],"version-history":[{"count":0,"href":"https:\/\/www.cnbb.org.br\/cnbb-app\/wp\/v2\/posts\/860564\/revisions"}],"wp:attachment":[{"href":"https:\/\/www.cnbb.org.br\/cnbb-app\/wp\/v2\/media?parent=860564"}],"wp:term":[{"taxonomy":"category","embeddable":true,"href":"https:\/\/www.cnbb.org.br\/cnbb-app\/wp\/v2\/categories?post=860564"},{"taxonomy":"post_tag","embeddable":true,"href":"https:\/\/www.cnbb.org.br\/cnbb-app\/wp\/v2\/tags?post=860564"}],"curies":[{"name":"wp","href":"https:\/\/api.w.org\/{rel}","templated":true}]}}